{"id":109636,"date":"2021-11-14T08:58:55","date_gmt":"2021-11-14T07:58:55","guid":{"rendered":"https:\/\/www.slatina.hr\/portal\/?p=109636"},"modified":"2021-11-14T08:58:55","modified_gmt":"2021-11-14T07:58:55","slug":"u-slatini-odrzana-obuka-gradskih-vijecnika","status":"publish","type":"post","link":"https:\/\/www.slatina.hr\/portal\/u-slatini-odrzana-obuka-gradskih-vijecnika\/","title":{"rendered":"U Slatini odr\u017eana obuka gradskih vije\u0107nika"},"content":{"rendered":"<p>Grad Slatina u suradnji s Udrugom gradova u Republici Hrvatskoj organizirao je dvodnevnu obuku vije\u0107nika Gradskog vije\u0107a Grada Slatine.<\/p>\n<p>Edukacija koja je odr\u017eana u prostoru EPIcentra Sequoia Slatina u petak, 12. i subotu, 13. studenog bila je namijenjena gradskim vije\u0107nicima, djelatnicima Gradske uprave i gradskih institucija, predstavnicima udruga te svima ostalima uklju\u010denima u rad jedinica lokalne samouprave.<\/p>\n<p><img loading=\"lazy\" decoding=\"async\" class=\"wp-image-225771 alignleft\" src=\"https:\/\/www.radioslatina.hr\/wp-content\/uploads\/2021\/11\/IMG_8442_1024x683.jpg\" sizes=\"auto, (max-width: 300px) 100vw, 300px\" srcset=\"https:\/\/www.radioslatina.hr\/wp-content\/uploads\/2021\/11\/IMG_8442_1024x683.jpg 1024w, https:\/\/www.radioslatina.hr\/wp-content\/uploads\/2021\/11\/IMG_8442_1024x683-768x512.jpg 768w\" alt=\"\" width=\"300\" height=\"200\">U nazo\u010dnosti predsjednika Gradskog vije\u0107a Grada Slatine Damira Jak\u0161i\u0107a i zamjenika slatinskog gradona\u010delnika Ilije Nikoli\u0107a, u ime Grada Slatine sve nazo\u010dne je pozdravila moderatorica cjelokupnog doga\u0111anja Marija Fumi\u0107, vi\u0161a stru\u010dna suradnica pri Upravnom odjelu za razvoj Grada Slatine.<\/p>\n<p>Na samom po\u010detku programa direktor Slatinskog informativnog centra Robert Turkalj i informati\u010dar istoga Zvonko \u0160timac odr\u017eali su kratku <img loading=\"lazy\" decoding=\"async\" class=\"wp-image-225772 alignright\" src=\"https:\/\/www.radioslatina.hr\/wp-content\/uploads\/2021\/11\/IMG_8436_1024x683.jpg\" sizes=\"auto, (max-width: 300px) 100vw, 300px\" srcset=\"https:\/\/www.radioslatina.hr\/wp-content\/uploads\/2021\/11\/IMG_8436_1024x683.jpg 1024w, https:\/\/www.radioslatina.hr\/wp-content\/uploads\/2021\/11\/IMG_8436_1024x683-768x512.jpg 768w\" alt=\"\" width=\"300\" height=\"200\">prezentaciju u kojoj su gradskim vije\u0107nicima predstavili novu aplikaciju vezanu za rad Gradskog vije\u0107a. Aplikacija bi gradskim vije\u0107nicima olak\u0161ala me\u0111usobnu i komunikaciju s nadle\u017enim tijelima Gradske uprave Grada Slatine, te bi im na jednom mjestu bile dostupne sve informacije i materijali potrebni za rad Vije\u0107a. Budu\u0107i da je aplikacija jo\u0161 uvijek u izradi, sami vije\u0107nici mogu dati svoje prijedloge vezane za njezin kona\u010dan izgled.<\/p>\n<p>Potom su rije\u010d preuzeli predava\u010di spomenute edukacije, Hrvoje Kova\u010d, predsjednik gradskog vije\u0107a Grada&nbsp;<img loading=\"lazy\" decoding=\"async\" class=\"wp-image-225773 alignleft\" src=\"https:\/\/www.radioslatina.hr\/wp-content\/uploads\/2021\/11\/IMG_8458_1024x683.jpg\" sizes=\"auto, (max-width: 300px) 100vw, 300px\" srcset=\"https:\/\/www.radioslatina.hr\/wp-content\/uploads\/2021\/11\/IMG_8458_1024x683.jpg 1024w, https:\/\/www.radioslatina.hr\/wp-content\/uploads\/2021\/11\/IMG_8458_1024x683-768x512.jpg 768w\" alt=\"\" width=\"300\" height=\"200\">Lepoglave, a u pro\u0161lom mandatu i zamjenik gradona\u010delnika Grada Lepoglave, te Sonja Marohni\u0107 Horvat, pro\u010delnica odjela za dru\u0161tvene djelatnosti, pravne poslove i javnu nabavu Grada Novske, koji su kao predstavnici Udruge gradova polaznicima edukacije pribli\u017eili rad jedinica lokalne samouprave te kroz niz razli\u010ditih tema poku\u0161ali pribli\u017eiti sve ono s \u010dim se jedinice lokalne samouprave suo\u010davaju u redovnom radu.<\/p>\n<p>Uslijedilo je uvodno predavanje o sustavu lokalne uprave gdje su pojasnili zakonske okvire sustava lokalne samouprave, normativne okvire, poslovnik gradskog vije\u0107a, rad gradskog vije\u0107a te funkciju i poslove gradona\u010delnika.<br \/>\nOsim ove, tijekom edukacije su obra\u0111ene i ostale teme usko vezane za rad i sustav jedinica lokalne samouprave.<br \/>\nTako su vije\u0107nici podrobnije upoznati s tijelima gradske vlasti i uprave, kao i mjesne samouprave gdje se moglo doznati vi\u0161e o djelokrugu, ovlastima i obvezama gradova, te kako djelovati u op\u0107em i javnom interesu.<br \/>\nU sklopu edukacije isto je tako predstavljen Poslovnik i rad gradskog vije\u0107a, te prava i du\u017enosti vije\u0107nika, a uslijedile su i ostale teme kao \u0161to su:<br \/>\nsavjetovanje i komunikacija s gra\u0111anima, participativno bud\u017eetiranje, (iz)gradimo pametan grad, komunalno i vodno gospodarstvo, te gospodarenje otpadom i zelene javne politike.<br \/>\nPred kraj edukacije pozornost je bila usmjerena na financiranje lokalne samouprave, a u skladu s tim predava\u010di su pojasnili lokalni, ekonomski i odr\u017eivi razvoj, fondove europske unije, prora\u010dun i imovinu grada, a nakon zavr\u0161ne rije\u010di uslijedila je evaluacija obuke.<\/p>\n<p>Tijekom same obuke predava\u010di su teoriju potkrijepili primjerima iz prakse gdje su s polaznicima edukacije podijelili svoja iskustva ste\u010dena dugogodi\u0161njim radom vezanim za jedinice lokalne samouprave, a osim toga kroz konzultativno-instruktivno predavanje polaznici su tijekom edukacije sudjelovali u raznim kvizovima, te su kroz razli\u010dite dinami\u010dne vje\u017ebe i sami bili uklju\u010deni u predavanje. &nbsp;<br \/>\n(www.radioslatina.hr)<\/p>\nngg_shortcode_0_placeholder\n","protected":false},"excerpt":{"rendered":"<p>Grad Slatina u suradnji s Udrugom gradova u Republici Hrvatskoj organizirao je dvodnevnu obuku vije\u0107nika Gradskog vije\u0107a Grada Slatine. Edukacija koja je odr\u017eana u prostoru<span class=\"excerpt-hellip\"> [\u2026]<\/span><\/p>\n","protected":false},"author":5,"featured_media":109655,"comment_status":"closed","ping_status":"closed","sticky":false,"template":"","format":"standard","meta":{"ngg_post_thumbnail":0,"footnotes":""},"categories":[136,137],"tags":[],"class_list":["post-109636","post","type-post","status-publish","format-standard","has-post-thumbnail","hentry","category-grad-slatina","category-naslovnica"],"_links":{"self":[{"href":"https:\/\/www.slatina.hr\/portal\/wp-json\/wp\/v2\/posts\/109636","targetHints":{"allow":["GET"]}}],"collection":[{"href":"https:\/\/www.slatina.hr\/portal\/wp-json\/wp\/v2\/posts"}],"about":[{"href":"https:\/\/www.slatina.hr\/portal\/wp-json\/wp\/v2\/types\/post"}],"author":[{"embeddable":true,"href":"https:\/\/www.slatina.hr\/portal\/wp-json\/wp\/v2\/users\/5"}],"replies":[{"embeddable":true,"href":"https:\/\/www.slatina.hr\/portal\/wp-json\/wp\/v2\/comments?post=109636"}],"version-history":[{"count":1,"href":"https:\/\/www.slatina.hr\/portal\/wp-json\/wp\/v2\/posts\/109636\/revisions"}],"predecessor-version":[{"id":109656,"href":"https:\/\/www.slatina.hr\/portal\/wp-json\/wp\/v2\/posts\/109636\/revisions\/109656"}],"wp:featuredmedia":[{"embeddable":true,"href":"https:\/\/www.slatina.hr\/portal\/wp-json\/wp\/v2\/media\/109655"}],"wp:attachment":[{"href":"https:\/\/www.slatina.hr\/portal\/wp-json\/wp\/v2\/media?parent=109636"}],"wp:term":[{"taxonomy":"category","embeddable":true,"href":"https:\/\/www.slatina.hr\/portal\/wp-json\/wp\/v2\/categories?post=109636"},{"taxonomy":"post_tag","embeddable":true,"href":"https:\/\/www.slatina.hr\/portal\/wp-json\/wp\/v2\/tags?post=109636"}],"curies":[{"name":"wp","href":"https:\/\/api.w.org\/{rel}","templated":true}]}}