{"id":109616,"date":"2021-11-13T07:04:02","date_gmt":"2021-11-13T06:04:02","guid":{"rendered":"https:\/\/www.slatina.hr\/portal\/?p=109616"},"modified":"2021-11-13T07:04:02","modified_gmt":"2021-11-13T06:04:02","slug":"drustveni-dom-u-sladojevackom-lugu-dobio-novu-stolariju","status":"publish","type":"post","link":"https:\/\/www.slatina.hr\/portal\/drustveni-dom-u-sladojevackom-lugu-dobio-novu-stolariju\/","title":{"rendered":"Dru\u0161tveni dom u Sladojeva\u010dkom Lugu dobio novu stolariju"},"content":{"rendered":"<p>Grad Slatina i dalje ula\u017ee u ure\u0111enje dru\u0161tvenih domova na slatinskom podru\u010dju a jedan od njih je i Dru\u0161tveni dom u Sladojeva\u010dkom Lugu koji je upravo naporima Grada Slatine ovih dana dobio jo\u0161 jedno pobolj\u0161anje.<\/p>\n<p>Nakon velike investicije od 187.000 kuna u sklopu koje je proljetos dogra\u0111ena gara\u017ea, odnosno spremi\u0161te za vatrogasno vozilo, ure\u0111en je dio fasade na prednjem dijelu zgrade, kao i plato ispred doma gdje su nakon nivelacije terena postavljeni rubnjaci i nasipan kamen, a ovih su dana zavr\u0161eni radovi na zamjeni stolarije u sklopu jo\u0161 jedne investicije vrijedne preko 89.000 kuna.<br \/>\nTako su nakon uklanjanja postoje\u0107e drvene stolarije djelatnici Gra\u0111evinskog obrta Hodak iz Donjih Meljana ugradili novu PVC stolariju, odnosno 12 prozora i 3 vrata.<\/p>\n<p>U prigodi zavr\u0161etka radova Dru\u0161tveni dom u Sladojeva\u010dkom Lugu obi\u0161li su gradona\u010delnik Grada Slatine Denis Ostro\u0161i\u0107 i njegov zamjenik Ilija Nikoli\u0107 sa suradnicima gdje ih je u ime svih mje\u0161tana do\u010dekala Katarina Kramari\u0107, \u010dlanica DVD-a Sladojeva\u010dki Lug te ih povela u obilazak novoure\u0111enog doma.<\/p>\n<p>Gradona\u010delnik je izrazio zadovoljstvo obavljenim radovima te istaknuo kako je na taj na\u010din pobolj\u0161ana energetska u\u010dinkovitost same zgrade \u0161to \u0107e se itekako osjetiti u nadolaze\u0107im zimskim uvjetima jer se vi\u0161e ne\u0107e gubiti toplina za vrijeme kori\u0161tenja prostora doma, jer je svrha njegovog ure\u0111enja upravo susretanje i dru\u017eenje ljudi. No naglasio je kako se situacija s koronavirusom na \u017ealost ponovno \u201ezao\u0161trava\u201c tako da \u0107e okupljanje ve\u0107eg broja ljudi morati pri\u010dekati bolja vremena.<\/p>\n<p>&#8211; U idu\u0107em periodu planiramo dovr\u0161enje fasade na cijeloj zgradi i asfaltiranje prilaza i platoa ispred doma, no to je plan za naredne 2-3 godine koji \u0107e se realizirati u skladu s mogu\u0107nostima, &#8211; istaknuo je gradona\u010delnik Ostro\u0161i\u0107.<br \/>\n(mf\/Foto: Mihaela Feldi)<\/p>\nngg_shortcode_0_placeholder\n","protected":false},"excerpt":{"rendered":"<p>Grad Slatina i dalje ula\u017ee u ure\u0111enje dru\u0161tvenih domova na slatinskom podru\u010dju a jedan od njih je i Dru\u0161tveni dom u Sladojeva\u010dkom Lugu koji je<span class=\"excerpt-hellip\"> [\u2026]<\/span><\/p>\n","protected":false},"author":5,"featured_media":109634,"comment_status":"closed","ping_status":"closed","sticky":false,"template":"","format":"standard","meta":{"ngg_post_thumbnail":0,"footnotes":""},"categories":[136,137],"tags":[],"class_list":["post-109616","post","type-post","status-publish","format-standard","has-post-thumbnail","hentry","category-grad-slatina","category-naslovnica"],"_links":{"self":[{"href":"https:\/\/www.slatina.hr\/portal\/wp-json\/wp\/v2\/posts\/109616","targetHints":{"allow":["GET"]}}],"collection":[{"href":"https:\/\/www.slatina.hr\/portal\/wp-json\/wp\/v2\/posts"}],"about":[{"href":"https:\/\/www.slatina.hr\/portal\/wp-json\/wp\/v2\/types\/post"}],"author":[{"embeddable":true,"href":"https:\/\/www.slatina.hr\/portal\/wp-json\/wp\/v2\/users\/5"}],"replies":[{"embeddable":true,"href":"https:\/\/www.slatina.hr\/portal\/wp-json\/wp\/v2\/comments?post=109616"}],"version-history":[{"count":1,"href":"https:\/\/www.slatina.hr\/portal\/wp-json\/wp\/v2\/posts\/109616\/revisions"}],"predecessor-version":[{"id":109635,"href":"https:\/\/www.slatina.hr\/portal\/wp-json\/wp\/v2\/posts\/109616\/revisions\/109635"}],"wp:featuredmedia":[{"embeddable":true,"href":"https:\/\/www.slatina.hr\/portal\/wp-json\/wp\/v2\/media\/109634"}],"wp:attachment":[{"href":"https:\/\/www.slatina.hr\/portal\/wp-json\/wp\/v2\/media?parent=109616"}],"wp:term":[{"taxonomy":"category","embeddable":true,"href":"https:\/\/www.slatina.hr\/portal\/wp-json\/wp\/v2\/categories?post=109616"},{"taxonomy":"post_tag","embeddable":true,"href":"https:\/\/www.slatina.hr\/portal\/wp-json\/wp\/v2\/tags?post=109616"}],"curies":[{"name":"wp","href":"https:\/\/api.w.org\/{rel}","templated":true}]}}