{"id":109498,"date":"2021-11-10T17:48:44","date_gmt":"2021-11-10T16:48:44","guid":{"rendered":"https:\/\/www.slatina.hr\/portal\/?p=109498"},"modified":"2021-11-10T21:12:43","modified_gmt":"2021-11-10T20:12:43","slug":"gradonacelnik-ostrosic-organizirao-prijem-za-vatrogaskinje-dvd-a-slatina","status":"publish","type":"post","link":"https:\/\/www.slatina.hr\/portal\/gradonacelnik-ostrosic-organizirao-prijem-za-vatrogaskinje-dvd-a-slatina\/","title":{"rendered":"Gradona\u010delnik Ostro\u0161i\u0107 organizirao prijem za vatrogaskinje DVD-a Slatina"},"content":{"rendered":"<p>Danas je gradona\u010delnik Grada Slatine Denis Ostro\u0161i\u0107 organizirao prijem slatinskih vatrogaskinja koji je zbog situacije s koronavirusom umjesto u Gradskoj upravi, uprili\u010den u vatrogasnom domu DVD-a Slatina.<\/p>\n<p>Razlog ovoga susreta bio je nastup \u017eenske B ekipe DVD-a Slatina na Dr\u017eavnom vatrogasnom natjecanju odraslih vatrogasaca koje je 26. rujna odr\u017eano u Vara\u017edinu.<\/p>\n<p>Na po\u010detku je sve nazo\u010dne pozdravio predsjednik DVD-a Slatina Dragan Medvedovi\u0107 koji se tom prigodom zahvalio gradona\u010delniku Ostro\u0161i\u0107u \u0161to vodi ra\u010duna o dobrovoljnom vatrogastvu na slatinskom podru\u010dju.<br \/>\nIstaknuo je kako je \u017eenska B ekipa DVD-a Slatina odradila odli\u010dnu pripremu te su nakon izvrsnog prvog mjesta na \u017dupanijskom natjecanju o\u010dekivanja bila za dobrim plasmanom i na Dr\u017eavnom koji je na \u017ealost pokvarila nesre\u0107a koja se rijetko kome dogodi da se u dva navrata kod spajanja razdvoji sitka \u0161to ih je ko\u0161talo 20 bodova te su zavr\u0161ile na 35. mjestu.<\/p>\n<p><img loading=\"lazy\" decoding=\"async\" class=\"wp-image-225431 alignleft\" src=\"https:\/\/www.radioslatina.hr\/wp-content\/uploads\/2021\/11\/IMG_7584_1024x683.jpg\" sizes=\"auto, (max-width: 300px) 100vw, 300px\" srcset=\"https:\/\/www.radioslatina.hr\/wp-content\/uploads\/2021\/11\/IMG_7584_1024x683.jpg 1024w, https:\/\/www.radioslatina.hr\/wp-content\/uploads\/2021\/11\/IMG_7584_1024x683-768x512.jpg 768w\" alt=\"\" width=\"300\" height=\"200\">\u2013 Bitno je da smo sudjelovali jer i sam odlazak na takvo natjecanje je veliki uspjeh, \u2013 istaknuo je Medvedovi\u0107 te s ponosom naglasio kako je u proteklih 12 godina DVD Slatina sudjelovao na svim gradskim natjecanjima sa 87 ekipa, iza njih je DVD Sladojevci s 55, te DVD Kozice i Donji Meljani s 52 ekipe.<\/p>\n<p>\u2013 DVD Slatina je na natjecanjima uvijek sa 7-8, a ponekad i s 9 ekipa koje redovito osvajaju izvrsne rezultate, a kako bi zaokru\u017eili cjelinu nedostaje nam jo\u0161 \u017eenska A ekipa, \u2013 dodao je Medvedovi\u0107 pozvav\u0161i sve zainteresirane djevojke da se uklju\u010de u rad DVD-a Slatina.<br \/>\nNa kraju se zahvalio Gradu Slatini na konstantnoj potpori njihovom radu, ali i Vatrogasnoj zajednici Grada Slatine koja je u proteklom periodu od godinu dana financijski pomogla izgradnju nadstre\u0161nice kao i rekonstrukciju krovi\u0161ta, kako gara\u017enog prostora, tako i vatrogasnog spremi\u0161ta i sanitarnog \u010dvora koji se nalaze u sklopu malog vatrogasnog doma u Slatini, dok su ve\u0107inu poslova obavili sami \u010dlanovi DVD-a.<\/p>\n<p><img loading=\"lazy\" decoding=\"async\" class=\"wp-image-225432 alignright\" src=\"https:\/\/www.radioslatina.hr\/wp-content\/uploads\/2021\/11\/IMG_7625_1024x683.jpg\" sizes=\"auto, (max-width: 301px) 100vw, 301px\" srcset=\"https:\/\/www.radioslatina.hr\/wp-content\/uploads\/2021\/11\/IMG_7625_1024x683.jpg 1024w, https:\/\/www.radioslatina.hr\/wp-content\/uploads\/2021\/11\/IMG_7625_1024x683-768x512.jpg 768w\" alt=\"\" width=\"301\" height=\"201\">\u010cestitkama se pridru\u017eio i tajnik DVD-a Slatina Branko Belo\u0161evi\u0107 koji ujedno obna\u0161a i du\u017enost predsjednika Vatrogasne zajednice Grada Slatine te se tako\u0111er zahvalio gradona\u010delniku Ostro\u0161i\u0107u na potpori Grada Slatine. Tom je prigodom istaknuo da VZG Slatine svake godine izme\u0111u ostaloga izdvaja znatna sredstva za opremu i ure\u0111enje domova dobrovoljnih vatrogasnih dru\u0161tava o kojima Zajednica skrbi, tako je u proteklom razdoblju osim spomenutih ulaganja u ure\u0111enje DVD-a Slatina u vrijednosti od gotovo 72.000 kuna, DVD Donji Meljani dobio oko 30.000 kuna, a DVD Sladojevci 20.000 kuna.<br \/>\nPotom je \u010dlanicama DVD-a Slatina uru\u010dio zlatne medalje koje su kao jedine predstavnice \u017eenskih ekipa osvojile na Gradskom natjecanju odr\u017eanom 24. listopada ove godine u Donjim Meljanima, tako\u0111er u specifi\u010dnim uvjetima zbog koronavirusa bez tradicionalne sve\u010danosti dodjele medalja najboljim ekipama.<\/p>\n<p>Ve\u0107ina \u010dlanica \u017eenske B ekipe primljena je u DVD Slatina 2010. godine, a u posljednje 2-3 godine su osvje\u017eene mla\u0111im \u010dlanicama.<br \/>\nKako doznajemo u tih deset godina njihovog rada dva puta su se plasirale na Dr\u017eavno natjecanje tako da su osim na ovom u Vara\u017edinu sudjelovale ve\u0107 ranije na Dr\u017eavnom natjecanju u Zadru.<\/p>\n<p>Gradona\u010delnik Ostro\u0161i\u0107 im je simboli\u010dno uru\u010dio medalje za sudjelovanje na Dr\u017eavnom natjecanju u Vara\u017edinu te im tom prigodom \u010destitao na dosada\u0161njim ostvarenim uspjesima.<\/p>\n<p><img loading=\"lazy\" decoding=\"async\" class=\"wp-image-225433 alignleft\" src=\"https:\/\/www.radioslatina.hr\/wp-content\/uploads\/2021\/11\/IMG_7619_1024x683.jpg\" sizes=\"auto, (max-width: 300px) 100vw, 300px\" srcset=\"https:\/\/www.radioslatina.hr\/wp-content\/uploads\/2021\/11\/IMG_7619_1024x683.jpg 1024w, https:\/\/www.radioslatina.hr\/wp-content\/uploads\/2021\/11\/IMG_7619_1024x683-768x512.jpg 768w\" alt=\"\" width=\"300\" height=\"200\">Bila je to prigoda za razgovor op\u0107enito o njihovom radu gdje je u ime svih \u010dlanica \u017eenske B ekipe s dojmovima na Dr\u017eavnom natjecanju gradona\u010delnika upoznala vatrogaskinja Verica Miki\u0107 koja je istaknula kako je ekipa bila spremna zahvaljuju\u0107i njihovom mentoru Darku Vuji\u0107u koji je odnedavno vatrogasac u mirovini ali je jo\u0161 uvijek aktivni \u010dlan DVD-a Slatina, te ih je nau\u010dio svemu kako bi bile spremne ostvarivati vrhunske rezultate.<\/p>\n<p>\u2013 Samo natjecanje smo odradili gotovo savr\u0161eno, a ono \u0161to je najbolja stvar tog natjecanja je zajedni\u0161tvo, jer smo se ujedinili bez razlike na rezultat takav kakav je bio spletom okolnosti.<br \/>\nIako je bilo malo stresa kao i prije svakog natjecanja sve je i\u0161lo kako treba. Nitko nije bio umoran od putovanja \u0161to me jako iznenadilo, gdje je do\u0161lo do izra\u017eaja to na\u0161e jedinstvo i odradili smo sve najbolje \u0161to smo mogli i usput smo se dobro zabavljali, \u2013 istaknula je Verica Miki\u0107, koja je potom informirala gradona\u010delnika i o redovnom radu \u017eenske B ekipe, pripremama za natjecanja i odr\u017eavanju vje\u017ebi, te ostalim aktivnostima u koje se uklju\u010duju.<\/p>\n<p>\u2013 Mislim da \u0107emo mi jo\u0161 puno godina funkcionirati kvalitetno kao ekipa jer bit svega je dru\u017eenje i ovaj sportski duh koji nas ispunjava, \u2013 zaklju\u010dila je Verica.<\/p>\n<p>Tako je gradona\u010delnik doznao na koji na\u010din i kako kvalitetno funkcionira ova kategorija dobrovoljnog vatrogastva u gradu Slatini.<\/p>\n<p><img loading=\"lazy\" decoding=\"async\" class=\"wp-image-225434 alignright\" src=\"https:\/\/www.radioslatina.hr\/wp-content\/uploads\/2021\/11\/IMG_7606_1024x683.jpg\" sizes=\"auto, (max-width: 300px) 100vw, 300px\" srcset=\"https:\/\/www.radioslatina.hr\/wp-content\/uploads\/2021\/11\/IMG_7606_1024x683.jpg 1024w, https:\/\/www.radioslatina.hr\/wp-content\/uploads\/2021\/11\/IMG_7606_1024x683-768x512.jpg 768w\" alt=\"\" width=\"300\" height=\"200\">\u2013 Informacije koje sam doznao su definitivno dobre i drago mi je \u0161to je ovdje &nbsp;prije svega prisutan jedan kontinuitet i naravno rezultati, a ovo je vatrogasno dru\u0161tvo bilo prvo i uglavnom je prvo \u0161to se ti\u010de svih ovih godina od kako postoji, a pred nama je slavljeni\u010dka godina u kojoj \u0107e DVD Slatina proslaviti svoju 150. obljetnicu osnutka.<br \/>\nKao i do sada Grad Slatina \u0107e i u narednom periodu podr\u017eavati vatrogastvo na slatinskom podru\u010dju u svakom smislu, a svakako \u0107emo se uklju\u010diti u aktivnosti kako bi se ovaj veliki jubilej proslavio na pravi na\u010din, \u2013 istaknuo je gradona\u010delnik Ostro\u0161i\u0107 te dodao:<\/p>\n<p>\u2013 Hvalevrijedno je sve \u0161to na\u0161i vatrogasci tijekom godine rade, a zainteresiranost ljudi za ovaj poziv posebno je vidljiv na Danima otvorenih vrata vatrogasaca gdje su na\u0161i mali\u0161ani ali i svi ostali, sve do onih najstarijih pokazali poseban interes. To je tako\u0111er jedan od pokazatelja da je vatrogastvo itekako \u017eivo i \u010destitam ovim \u017eenama koje su branile boje na\u0161e Slatine na Dr\u017eavnom natjecanju, ali i svim vatrogascima, dobrovoljnim i operativnim kao i cijelom vatrogasnom rukovodstvu na njihovom predanom radu jer uz njih se osje\u0107amo sigurnije, \u2013 rekao je gradona\u010delnik Ostro\u0161i\u0107.<\/p>\n<p>Prijemu su nazo\u010dili i zamjenik predsjednika Dobrovoljnog vatrogasnog dru\u0161tva Slatina Josip Bi\u010dani\u0107, kao i zapovjednik istoga Josip Miki\u0107.<br \/>\n(www.radioslatina.hr)<\/p>\n<p><img loading=\"lazy\" decoding=\"async\" class=\"alignnone size-full wp-image-109504\" src=\"https:\/\/www.slatina.hr\/portal\/wp-content\/uploads\/2021\/11\/IMG_7638_1024x683.jpg\" alt=\"\" width=\"1024\" height=\"683\" srcset=\"https:\/\/www.slatina.hr\/portal\/wp-content\/uploads\/2021\/11\/IMG_7638_1024x683.jpg 1024w, https:\/\/www.slatina.hr\/portal\/wp-content\/uploads\/2021\/11\/IMG_7638_1024x683-768x512.jpg 768w, https:\/\/www.slatina.hr\/portal\/wp-content\/uploads\/2021\/11\/IMG_7638_1024x683-219x146.jpg 219w, https:\/\/www.slatina.hr\/portal\/wp-content\/uploads\/2021\/11\/IMG_7638_1024x683-50x33.jpg 50w, https:\/\/www.slatina.hr\/portal\/wp-content\/uploads\/2021\/11\/IMG_7638_1024x683-112x75.jpg 112w, https:\/\/www.slatina.hr\/portal\/wp-content\/uploads\/2021\/11\/IMG_7638_1024x683-620x414.jpg 620w\" sizes=\"auto, (max-width:767px) 480px, (max-width:1024px) 100vw, 1024px\" \/><\/p>\n","protected":false},"excerpt":{"rendered":"<p>Danas je gradona\u010delnik Grada Slatine Denis Ostro\u0161i\u0107 organizirao prijem slatinskih vatrogaskinja koji je zbog situacije s koronavirusom umjesto u Gradskoj upravi, uprili\u010den u vatrogasnom domu<span class=\"excerpt-hellip\"> [\u2026]<\/span><\/p>\n","protected":false},"author":5,"featured_media":109505,"comment_status":"closed","ping_status":"closed","sticky":false,"template":"","format":"standard","meta":{"ngg_post_thumbnail":0,"footnotes":""},"categories":[1,136,137],"tags":[],"class_list":["post-109498","post","type-post","status-publish","format-standard","has-post-thumbnail","hentry","category-uncategorized","category-grad-slatina","category-naslovnica"],"_links":{"self":[{"href":"https:\/\/www.slatina.hr\/portal\/wp-json\/wp\/v2\/posts\/109498","targetHints":{"allow":["GET"]}}],"collection":[{"href":"https:\/\/www.slatina.hr\/portal\/wp-json\/wp\/v2\/posts"}],"about":[{"href":"https:\/\/www.slatina.hr\/portal\/wp-json\/wp\/v2\/types\/post"}],"author":[{"embeddable":true,"href":"https:\/\/www.slatina.hr\/portal\/wp-json\/wp\/v2\/users\/5"}],"replies":[{"embeddable":true,"href":"https:\/\/www.slatina.hr\/portal\/wp-json\/wp\/v2\/comments?post=109498"}],"version-history":[{"count":3,"href":"https:\/\/www.slatina.hr\/portal\/wp-json\/wp\/v2\/posts\/109498\/revisions"}],"predecessor-version":[{"id":109511,"href":"https:\/\/www.slatina.hr\/portal\/wp-json\/wp\/v2\/posts\/109498\/revisions\/109511"}],"wp:featuredmedia":[{"embeddable":true,"href":"https:\/\/www.slatina.hr\/portal\/wp-json\/wp\/v2\/media\/109505"}],"wp:attachment":[{"href":"https:\/\/www.slatina.hr\/portal\/wp-json\/wp\/v2\/media?parent=109498"}],"wp:term":[{"taxonomy":"category","embeddable":true,"href":"https:\/\/www.slatina.hr\/portal\/wp-json\/wp\/v2\/categories?post=109498"},{"taxonomy":"post_tag","embeddable":true,"href":"https:\/\/www.slatina.hr\/portal\/wp-json\/wp\/v2\/tags?post=109498"}],"curies":[{"name":"wp","href":"https:\/\/api.w.org\/{rel}","templated":true}]}}