{"id":109212,"date":"2021-10-23T22:11:07","date_gmt":"2021-10-23T20:11:07","guid":{"rendered":"https:\/\/www.slatina.hr\/portal\/?p=109212"},"modified":"2021-10-23T22:11:07","modified_gmt":"2021-10-23T20:11:07","slug":"svecano-proslavljena-30-obljetnica-osnutka-136-slatinske-brigade","status":"publish","type":"post","link":"https:\/\/www.slatina.hr\/portal\/svecano-proslavljena-30-obljetnica-osnutka-136-slatinske-brigade\/","title":{"rendered":"Sve\u010dano proslavljena 30. obljetnica osnutka 136. slatinske brigade"},"content":{"rendered":"<p>Danas odr\u017eana sve\u010danost obilje\u017eavanja 30. obljetnice osnutka 136. slatinske brigade Hrvatske vojske u organizaciji Hrvatskog \u010dasni\u010dkog zbora grada Slatine, Grada Slatine i op\u0107ina \u010ca\u0111avica, Mikleu\u0161, Nova Bukovica, Sopje i Vo\u0107in, zapo\u010dela je polaganjem vijenaca i upaljenih lampiona ispred spomenika poginulim hrvatskim braniteljima u Parku 136. slatinske brigade gdje su po\u010dast poginulim hrvatskim braniteljima odali predstavnici&nbsp;<img loading=\"lazy\" decoding=\"async\" class=\"wp-image-223588 alignleft\" src=\"https:\/\/www.radioslatina.hr\/wp-content\/uploads\/2021\/10\/IMG_9414.jpg\" sizes=\"auto, (max-width: 300px) 100vw, 300px\" srcset=\"https:\/\/www.radioslatina.hr\/wp-content\/uploads\/2021\/10\/IMG_9414.jpg 800w, https:\/\/www.radioslatina.hr\/wp-content\/uploads\/2021\/10\/IMG_9414-768x512.jpg 768w\" alt=\"\" width=\"300\" height=\"200\">Udruge roditelja poginulih branitelja Slatina-Orahovica predvo\u0111eni predsjednikom Tomom Grahovcem te predstavnici Koordinacije braniteljskih i stradalni\u010dkih udruga na \u010delu s predsjednikom Odbora za hrvatske branitelje Viroviti\u010dko-podravske \u017eupanije Matom Buba\u0161em, zatim izaslanik predsjednika Republike Hrvatske, zapovjednik Gardijske mehanizirane brigade Hrvatske kopnene vojske, brigadni general Dra\u017een Ressler, izaslanik predsjednika Hrvatskog sabora, saborski zastupnik i predsjednik Odbora za ratne veterane Hrvatskog sabora Josip \u0110aki\u0107, izaslanik predsjednika Vlade RH, zamjenik \u017eupana Viroviti\u010dko-podravske \u017eupanije Marijo Klement, izaslanik ministra obrane RH, voditelj Operativnog odsjeka Zapovjedni\u0161tva Gardijsko oklopno-mehanizirane brigade, brigadir Davor Josip Babi\u0107, te izaslanik potpredsjednika Vlade RH i ministra unutarnjih poslova, na\u010delnik Policijske uprave viroviti\u010dko-podravske Sini\u0161a Kne\u017eevi\u0107 sa zamjenikom Nenadom Kri\u017ei\u0107em i ostalim suradnicima.<br \/>\nPolaganjem vijenaca po\u010dast su odali i predstavnici legendarne 136. slatinske brigade na \u010delu s predsjednikom Hrvatskog \u010dasni\u010dkog zbora grada Slatine Vladom Me\u0111umurcem, izaslanikom potpredsjednika Vlade RH i ministra hrvatskih branitelja, prvim ratnim zapovjednikom 136. slatinske brigade Josipom \u010cernijem, te voditeljem Podru\u010dnog odjela Ministarstva hrvatskih branitelja Virovitica Antom Kri\u0161tom, zatim predstavnici Grada Slatine i susjednih op\u0107ina: \u010ca\u0111avice, Mikleu\u0161a, Nove Bukovice, Sopja i Vo\u0107ina predvo\u0111eni predsjednikom Gradskog vije\u0107a Grada Slatine Damirom Jak\u0161i\u0107em i zamjenikom slatinskog gradona\u010delnika Ilijom Nikoli\u0107em sa suradnicima, dok su paljenjem svije\u0107a po\u010dast odali i predstavnici gostuju\u0107ih braniteljskih udruga.<\/p>\n<p><img loading=\"lazy\" decoding=\"async\" class=\"wp-image-223589 alignright\" src=\"https:\/\/www.radioslatina.hr\/wp-content\/uploads\/2021\/10\/IMG-c34d5d34ed18fb8cb74af9c2addbb697-V.jpg\" sizes=\"auto, (max-width: 300px) 100vw, 300px\" srcset=\"https:\/\/www.radioslatina.hr\/wp-content\/uploads\/2021\/10\/IMG-c34d5d34ed18fb8cb74af9c2addbb697-V.jpg 1600w, https:\/\/www.radioslatina.hr\/wp-content\/uploads\/2021\/10\/IMG-c34d5d34ed18fb8cb74af9c2addbb697-V-768x576.jpg 768w, https:\/\/www.radioslatina.hr\/wp-content\/uploads\/2021\/10\/IMG-c34d5d34ed18fb8cb74af9c2addbb697-V-1536x1152.jpg 1536w\" alt=\"\" width=\"300\" height=\"225\">Zajedni\u010dku molitvu poveo je slatinski \u017eupnik, pre\u010d. Dragan Hrgi\u0107, dok su mirozov odsvirali voditelj Gradske glazbe Slatina Domagoj Krpan i njegov zamjenik Dra\u017een Nemet.<\/p>\n<p>Potom je u crkvi sv. Josipa odr\u017eana misa zadu\u0161nica za sve poginule pripadnike 136. slatinske brigade \u010dijih se imena spomenuo vl\u010d. Nikola Legac u sklopu svoje propovijedi.<\/p>\n<p>Sve\u010danost je nastavljena na tzv. staro\u0161kolskom igrali\u0161tu u Slatini gdje je \u010destitke slatinskog gradona\u010delnika Grada Slatine Denisa Ostro\u0161i\u0107a, pripadnicima 136. slatinske brigade, kao i pozdrave uva\u017eenim gostima prenio njegov zamjenik Ilija Nikoli\u0107.<\/p>\n<p><img loading=\"lazy\" decoding=\"async\" class=\"wp-image-223590 alignleft\" src=\"https:\/\/www.radioslatina.hr\/wp-content\/uploads\/2021\/10\/247546050_4812787295420785_3434857669689810192_n_1024x683.jpg\" sizes=\"auto, (max-width: 300px) 100vw, 300px\" srcset=\"https:\/\/www.radioslatina.hr\/wp-content\/uploads\/2021\/10\/247546050_4812787295420785_3434857669689810192_n_1024x683.jpg 1024w, https:\/\/www.radioslatina.hr\/wp-content\/uploads\/2021\/10\/247546050_4812787295420785_3434857669689810192_n_1024x683-768x512.jpg 768w\" alt=\"\" width=\"300\" height=\"200\">\u2013 Svi znamo kako je to bilo 1991. godine kada su na\u0161i ljudi razmi\u0161ljali srcem i hrabro krenuli u obranu na\u0161e domovine, od 64. samostalnog bataljuna do borbenih djelovanja i zauzimanja okupiranih podru\u010dja kao pripadnici 136. slatinske brigade. Na \u017ealost na tom ratnom putu mnogi su na\u0161i prijatelji izgubili svoje \u017eivote, i njih se danas s pijetetom prisje\u0107amo. &nbsp;<br \/>\n\u0160to re\u0107i o ovome danu, ponosan sam \u0161to sam danas ovdje me\u0111u vama, jedan od vas i \u0161to svi zajedno mo\u017eemo na ovaj sve\u010dani na\u010din proslaviti 30. obljetnicu na\u0161e brigade, \u2013 istaknuo je dogradona\u010delnik Nikoli\u0107 te jo\u0161 jednom uputio \u010destitke svim pripadnicima 136. slatinske brigade u ime Grada Slatine i susjednih op\u0107ina \u010diji su predstavnici tako\u0111er prisustvovali sve\u010danosti, odnosno u ime na\u010delnika Op\u0107ine \u010ca\u0111avica Mirka Ron\u010devi\u0107a, Op\u0107ine Sopje Berislava Andro\u0161a i Op\u0107ine Vo\u0107in Predraga Fili\u0107a, te predsjednika Op\u0107inskog vije\u0107a Nova Bukovica Franje Kraljika i predsjednika Op\u0107inskog vije\u0107a Mikleu\u0161 Miroslava Lazara.<\/p>\n<p><img loading=\"lazy\" decoding=\"async\" class=\"wp-image-223591 alignright\" src=\"https:\/\/www.radioslatina.hr\/wp-content\/uploads\/2021\/10\/247452160_4812790515420463_5062855073417016895_n_1024x683.jpg\" sizes=\"auto, (max-width: 300px) 100vw, 300px\" srcset=\"https:\/\/www.radioslatina.hr\/wp-content\/uploads\/2021\/10\/247452160_4812790515420463_5062855073417016895_n_1024x683.jpg 1024w, https:\/\/www.radioslatina.hr\/wp-content\/uploads\/2021\/10\/247452160_4812790515420463_5062855073417016895_n_1024x683-768x512.jpg 768w\" alt=\"\" width=\"300\" height=\"200\">Nazo\u010dnima se potom obratio prvi ratni zapovjednik 136. slatinske brigade Josip \u010cerni koji je na ovoj sve\u010danosti ujedno bio i u ulozi izaslanika potpredsjednika Vlade RH i ministra hrvatskih branitelja.<\/p>\n<p>\u2013 Na\u0161a dana\u0161nja sve\u010danost ima naziv \u201eBranitelju budi ponosan \u0161to si branio Hrvatsku\u201c, a razlog tomu je \u0161to je ova na\u0161a slatinska brigada branila svoj dom, svoj zavi\u010daj, a onda svojim putem branila i osloba\u0111ala ostala podru\u010dja, \u2013 istaknuo je izaslanik \u010cerni prisjetiv\u0161i se ukratko ratnog puta ove slavljeni\u010dke brigade.<\/p>\n<p>\u2013 Koji je to slavni put ovih ljudi, i jo\u0161 smo mladi. Pogledajmo sve oko sebe, i danas bi bili spremni uzeti oru\u017eje i braniti svoj dom i napadnutu domovinu. Budite ponosni i nosite te vrijednosti koje ste u onim te\u0161kim danima Domovinskog rata nosili u sebi uz podr\u0161ku va\u0161ih najmilijih, \u2013 zaklju\u010dio je \u010cerni.<\/p>\n<p><img loading=\"lazy\" decoding=\"async\" class=\"wp-image-223592 alignleft\" src=\"https:\/\/www.radioslatina.hr\/wp-content\/uploads\/2021\/10\/247576901_4812794438753404_496923486608905704_n_1024x683.jpg\" sizes=\"auto, (max-width: 300px) 100vw, 300px\" srcset=\"https:\/\/www.radioslatina.hr\/wp-content\/uploads\/2021\/10\/247576901_4812794438753404_496923486608905704_n_1024x683.jpg 1024w, https:\/\/www.radioslatina.hr\/wp-content\/uploads\/2021\/10\/247576901_4812794438753404_496923486608905704_n_1024x683-768x512.jpg 768w\" alt=\"\" width=\"300\" height=\"200\">Prigodnim slovom obratio se i izaslanik predsjednika Vlade RH, zamjenik \u017eupana Viroviti\u010dko-podravske \u017eupanije Marijo Klement koji je prenijev\u0161i pozdrave premijera i viroviti\u010dko-podravskog \u017eupana, u svom govoru istaknuo kako je ponosan \u0161to se na ovakav sve\u010dani dan nalazi u svom gradu.<\/p>\n<p>\u2013 \u010cast mi je stajati ispred vas, heroja i vitezova koji ste branili moj dom, moju Slatinu, moju \u017eupaniju i stvorili nam Republiku Hrvatsku. Dali ste priliku nama, mla\u0111im nara\u0161tajima da danas mo\u017eemo ne\u0161to stvoriti i napraviti da nam svima bude bolje. Ponosan sam na sve vas i ovu veliku obljetnicu koju vam jo\u0161 jednom od sveg srca \u010destitam. \u017delim vam puno uspjeha, zdravlja i ponosa, \u2013 rekao je izaslanik Klement.<\/p>\n<p><img loading=\"lazy\" decoding=\"async\" class=\"wp-image-223593 alignright\" src=\"https:\/\/www.radioslatina.hr\/wp-content\/uploads\/2021\/10\/IMG_9570.jpg\" sizes=\"auto, (max-width: 300px) 100vw, 300px\" srcset=\"https:\/\/www.radioslatina.hr\/wp-content\/uploads\/2021\/10\/IMG_9570.jpg 800w, https:\/\/www.radioslatina.hr\/wp-content\/uploads\/2021\/10\/IMG_9570-768x512.jpg 768w\" alt=\"\" width=\"300\" height=\"200\">Rije\u010d je potom pripala izaslaniku predsjednika Hrvatskog sabora, saborskom zastupniku i predsjedniku Odbora za ratne veterane Hrvatskog sabora Josipu \u0110aki\u0107u koji je tako\u0111er imao samo rije\u010di hvale za pripadnike 136. slatinske brigade.<\/p>\n<p>\u2013 \u010cestitam vam na va\u0161oj hrabrosti, odva\u017enosti i viziji da sa\u010duvate hrvatstvo na ovim prostorima i da sprije\u010dite agresora da zauzme slatinski kraj u tim samim po\u010detcima Domovinskog rata. Vi ste bili ti vizionari koji ste svojim srcem i ljubavlju prema domovini stali u redove Hrvatske vojske i pru\u017eili tako zna\u010dajan otpor koji je zaustavio neprijatelja \u0161to je zna\u010dilo opstanak Hrvata na ovim prostorima.<br \/>\nNe mo\u017eemo vratiti na\u0161e pokojne prijatelje, ali mo\u017eemo slu\u017eiti domovini u daljnjoj izgradnji da bude lijepa i bogata europska zemlja koju ste svojim zalaganjem vi ostvarili. \u010cestitam vam jo\u0161 jednom na svim uspjesima te uz dobro zdravlje vama i va\u0161im obiteljima, budite i dalje perjanica uspjeha domovine Hrvatske, \u2013 rekao je izaslanik \u0110aki\u0107.<\/p>\n<p><img loading=\"lazy\" decoding=\"async\" class=\"wp-image-223594 alignleft\" src=\"https:\/\/www.radioslatina.hr\/wp-content\/uploads\/2021\/10\/247397657_4812798382086343_8721301663072873175_n_1024x683.jpg\" sizes=\"auto, (max-width: 300px) 100vw, 300px\" srcset=\"https:\/\/www.radioslatina.hr\/wp-content\/uploads\/2021\/10\/247397657_4812798382086343_8721301663072873175_n_1024x683.jpg 1024w, https:\/\/www.radioslatina.hr\/wp-content\/uploads\/2021\/10\/247397657_4812798382086343_8721301663072873175_n_1024x683-768x512.jpg 768w\" alt=\"\" width=\"300\" height=\"200\">Na kraju je pripadnicima 136. slatinske brigade pozdrave predsjednika Republike Hrvatske prenio njegov izaslanik, zapovjednik Gardijske mehanizirane brigade Hrvatske kopnene vojske, brigadni general Dra\u017een Ressler.<\/p>\n<p>\u2013 Duboko se klanjam va\u0161em besprijekornom, \u010distom, ratnome putu i zahvaljujem se na svemu \u0161to ste u\u010dinili za stvaranje moderne Republike Hrvatske. Nastavite \u0161iriti istinu o Domovinskom ratu, \u010duvajte uspomenu na na\u0161e poginule suborce i svako dobro vam \u017eelim u va\u0161em daljnjem \u017eivotu, \u2013 istaknuo je izaslanik Ressler.<\/p>\n<p>Sve\u010danost je svojim nastupom uveli\u010dalo devet \u010dlanica Hrvatsko kulturno-umjetni\u010dkog dru\u0161tva DIKA Slatina koje su se u narodnim no\u0161njama slatinskog kraja predstavile acapella pjevanjem.<br \/>\nIsto tako u prigodi ove velike obljetnice svoje literarne uratke na temu 136. slatinske brigade pro\u010ditale su u\u010denice 8.a razreda Osnovne \u0161kole Eugena Kumi\u010di\u0107a Slatina, Leona Pohiba pod mentorstvom prof. Kre\u0161imira Hr\u017eenjaka i Lucija \u0160okac pod mentorstvom prof. Dine Mataza.<\/p>\n<p>Program proslave nastavljen je mimohodom hrvatskih branitelja i ostalih uzvanika ulicama grada Slatine predvo\u0111eni pripadnicima 136. slatinske brigade sa zastavama, te u pratnji Gradske glazbe Slatina, sve do Trga sv. Josipa gdje je u velikom \u0161atoru pod pokroviteljstvom Turisti\u010dke zajednice Grada Slatine &nbsp;nastavljeno dru\u017eenje uz zajedni\u010dki ru\u010dak.<\/p>\n<p>Za pripremu i poslu\u017eivanje vojni\u010dkog graha pobrinuo se restoran Stari podrum vl. Vlade Konti\u0107a uz svesrdnu pomo\u0107 u\u010denika Industrijsko-obrtni\u010dke \u0161kole Slatina smjer kuhara pod mentorstvom prof. Bla\u017eenke Kova\u010d i smjer konobara pod vodstvom mentora Gorana Ivezi\u0107a, dok se za dobro raspolo\u017eenje pobrinuo Tambura\u0161ki sastav Fijaker.<br \/>\n(www.radioslatina.hr)<\/p>\n<p>ngg_shortcode_0_placeholderngg_shortcode_1_placeholderngg_shortcode_2_placeholder<\/p>\n","protected":false},"excerpt":{"rendered":"<p>Danas odr\u017eana sve\u010danost obilje\u017eavanja 30. obljetnice osnutka 136. slatinske brigade Hrvatske vojske u organizaciji Hrvatskog \u010dasni\u010dkog zbora grada Slatine, Grada Slatine i op\u0107ina \u010ca\u0111avica, Mikleu\u0161,<span class=\"excerpt-hellip\"> [\u2026]<\/span><\/p>\n","protected":false},"author":5,"featured_media":109275,"comment_status":"closed","ping_status":"closed","sticky":false,"template":"","format":"standard","meta":{"ngg_post_thumbnail":0,"footnotes":""},"categories":[136,137],"tags":[],"class_list":["post-109212","post","type-post","status-publish","format-standard","has-post-thumbnail","hentry","category-grad-slatina","category-naslovnica"],"_links":{"self":[{"href":"https:\/\/www.slatina.hr\/portal\/wp-json\/wp\/v2\/posts\/109212","targetHints":{"allow":["GET"]}}],"collection":[{"href":"https:\/\/www.slatina.hr\/portal\/wp-json\/wp\/v2\/posts"}],"about":[{"href":"https:\/\/www.slatina.hr\/portal\/wp-json\/wp\/v2\/types\/post"}],"author":[{"embeddable":true,"href":"https:\/\/www.slatina.hr\/portal\/wp-json\/wp\/v2\/users\/5"}],"replies":[{"embeddable":true,"href":"https:\/\/www.slatina.hr\/portal\/wp-json\/wp\/v2\/comments?post=109212"}],"version-history":[{"count":1,"href":"https:\/\/www.slatina.hr\/portal\/wp-json\/wp\/v2\/posts\/109212\/revisions"}],"predecessor-version":[{"id":109276,"href":"https:\/\/www.slatina.hr\/portal\/wp-json\/wp\/v2\/posts\/109212\/revisions\/109276"}],"wp:featuredmedia":[{"embeddable":true,"href":"https:\/\/www.slatina.hr\/portal\/wp-json\/wp\/v2\/media\/109275"}],"wp:attachment":[{"href":"https:\/\/www.slatina.hr\/portal\/wp-json\/wp\/v2\/media?parent=109212"}],"wp:term":[{"taxonomy":"category","embeddable":true,"href":"https:\/\/www.slatina.hr\/portal\/wp-json\/wp\/v2\/categories?post=109212"},{"taxonomy":"post_tag","embeddable":true,"href":"https:\/\/www.slatina.hr\/portal\/wp-json\/wp\/v2\/tags?post=109212"}],"curies":[{"name":"wp","href":"https:\/\/api.w.org\/{rel}","templated":true}]}}