{"id":108765,"date":"2021-10-12T06:46:33","date_gmt":"2021-10-12T04:46:33","guid":{"rendered":"https:\/\/www.slatina.hr\/portal\/?p=108765"},"modified":"2021-10-12T06:46:33","modified_gmt":"2021-10-12T04:46:33","slug":"na-27-dmk-klavirskom-recitalu-konstantina-krasnitskog-prisustvovao-i-skladatelj-davor-bobic","status":"publish","type":"post","link":"https:\/\/www.slatina.hr\/portal\/na-27-dmk-klavirskom-recitalu-konstantina-krasnitskog-prisustvovao-i-skladatelj-davor-bobic\/","title":{"rendered":"Na 27. DMK Klavirskom recitalu Konstantina Krasnitskog prisustvovao i skladatelj Davor Bobi\u0107"},"content":{"rendered":"<p>27. izdanje Me\u0111unarodnog glazbenog festivala Dani Milka Kelemena ove godine u organizaciji Glazbene \u0161kole Milka Kelemena i pod pokroviteljstvom predsjednika Republike Hrvatske, Ministarstva kulture RH, Viroviti\u010dko-podravske \u017eupanije i Grada Slatine oplemenio je raznovrstan program koji je unato\u010d ve\u0107 vi\u0111enim gostima iznio krasne koncerte.<\/p>\n<p>Jedan takav odr\u017ean je sino\u0107 u koncertnoj dvorani Glazbene \u0161kole Milka Kelemena u zgradi Hrvatskog doma u Slatini gdje je nastupio bjeloruski pijanist Konstantin Krasnitsky, ina\u010de profesor klavira u statusu docenta na Odsjeku za glazbenu umjetnost Umjetni\u010dke akademije u Osijeku od 2007. godine. Diplomirao je i magistrirao na bjeloruskoj Dr\u017eavnoj glazbenoj akademiji. Osvojio je vi\u0161e presti\u017enih nagrada na natjecanjima te nastupao u brojnim poznatim dvoranama diljem svijeta.<br \/>\nKrasnitsky se bavi pedago\u0161kim radom i aktivno koncertira, a mnogi njegovi u\u010denici nagra\u0111eni su na me\u0111unarodnim natjecanjima i festivalima.<\/p>\n<p>Ovaj slavni pijanist 2013. godine imao je prigodu nastupiti u Slatini pred maestrom Kelemenom koji ga je tada pozvao na bis kako bi mu ponovno odsvirao njegov Tango, a koji se na\u0161ao i na sino\u0107njem repertoaru kao prva kompozicija koju su mogli \u010duti brojni posjetitelji ovog atraktivnog koncerta odr\u017eanog uz posebno ugo\u0111ene svjetlosne efekte za koje se pobrinuo Foto studio \u201eVideo Alfa\u201c Slatina vl. Roberta Puhani\u0107a.<\/p>\n<p><img loading=\"lazy\" decoding=\"async\" class=\"alignnone size-full wp-image-222086\" src=\"https:\/\/www.radioslatina.hr\/wp-content\/uploads\/2021\/10\/20211011_201204_1024x768.jpg\" sizes=\"auto, (max-width: 1024px) 100vw, 1024px\" srcset=\"https:\/\/www.radioslatina.hr\/wp-content\/uploads\/2021\/10\/20211011_201204_1024x768.jpg 1024w, https:\/\/www.radioslatina.hr\/wp-content\/uploads\/2021\/10\/20211011_201204_1024x768-768x576.jpg 768w\" alt=\"\" width=\"1024\" height=\"768\"><\/p>\n<p>Posebnost ovoga koncerta bila je i nazo\u010dnost prof. Davora Bobi\u0107a \u010dija je djela Krasnitsky zasvirao u nastavku koncerta, nakon izvedbe kompozicije Excursions op. 20 Samuela Barbera, uz asistenciju prof. Glazbene \u0161kole Milka Kelemena Slatina Josipa Jagu\u0161i\u0107a.<br \/>\n\u010cuv\u0161i nje\u017ene tonove koji su se izmjenjivali s energi\u010dnom suvremenom glazbom koja je odzvanjala dvoranom dok je Krasnitsky virtuozno ispreplitao prste po tipkama klavira, prof. Bobi\u0107 nije krio odu\u0161evljenje \u010darolijom koju je izveo ovaj vrhunski pijanist sviraju\u0107i njegove skladbe Sonatinu (a.o.4), Hommage skrjabinu (a.o. 3), te Koncertne varijacije iz 1990. godine.<\/p>\n<p>Za kraj je izveo i vrlo zahtjevno djelo Berislava \u0160ipu\u0161a Les Nuits, 7 preludija za klavir, te Sonatu op.4 Josipa \u0160tolcera Slavenskog, a nakon gromoglasnog pljeska kojim je nagra\u0111en za izniman glazbeni do\u017eivljaj, odsvirao je na bis i skladbu Zvjezdano nebo Davora Bobi\u0107a.<\/p>\n<p><img loading=\"lazy\" decoding=\"async\" class=\"wp-image-222085 alignleft\" src=\"https:\/\/www.radioslatina.hr\/wp-content\/uploads\/2021\/10\/IMG_4032_1024x683.jpg\" sizes=\"auto, (max-width: 300px) 100vw, 300px\" srcset=\"https:\/\/www.radioslatina.hr\/wp-content\/uploads\/2021\/10\/IMG_4032_1024x683.jpg 1024w, https:\/\/www.radioslatina.hr\/wp-content\/uploads\/2021\/10\/IMG_4032_1024x683-768x512.jpg 768w\" alt=\"\" width=\"300\" height=\"200\">\u2013 Iznimna je \u010dast i zadovoljstvo svirati pred autorom neke skladbe. To je jedna posebna atmosfera koja se ne da opisati rije\u010dima, no u svakom slu\u010daju pove\u0107ava odgovornost izno\u0161enja tog djela prema publici u najboljem svijetlu, \u2013 rekao je Krasnitsky sa\u017eimaju\u0107i dojmove sa sino\u0107njeg koncerta, ali prisje\u0107aju\u0107i se i koncerta u Slatini u prisutnosti maestra Milka Kelemena.<\/p>\n<p>\u2013 Jo\u0161 ni danas nisam shvatio do kraja \u0161to se to\u010dno desilo, ali to je u svakom slu\u010daju ogromna pohvala jer Milko Kelemen je bio poznat, ne samo u Hrvatskoj, ve\u0107 u cijelom svijetu. I kada te takav autor moli da jo\u0161 jednom odsvira\u0161 njegovo djelo te ka\u017ee kako nije znao da je takvu skladbu napisao, to me naravno odu\u0161evilo i ohrabrilo da nastavim dalje jer mi smo izvo\u0111a\u010di ponekad dosta skepti\u010dni radimo li u dobrom smjeru, \u2013 rekao je Konstantin Krasnitsky istaknuv\u0161i kako i ina\u010de prije svakog nastupa ima umjetni\u010dku tremu jer najbitnija mu je stvar u \u017eivotu da sve ono \u0161to ima u glavi i dr\u017ei pod prstima na najbolji na\u010din prenese publici.<\/p>\n<p>Istaknuo je da unato\u010d ovogodi\u0161njem repertoaru suvremene glazbe u Slatini ina\u010de svira i klasi\u010dnu glazbu, od be\u010dkog klasicizma do ruskog i zapadnog romantizma, a posebna stranica u njegovoj umjetnosti je hrvatska glazba jer Hrvatska je jedna mala ali prelijepa zemlja koja mu se jako svi\u0111a, osobito Slavonija i treba ju znati cijeniti jer nigdje u svijetu nije bolje.&nbsp;<\/p>\n<p>\u2013 Ako mi ne\u0107emo svirati hrvatsku muziku, tko \u0107e ju svirati, stoga sam u\u017eivao vje\u017ebaju\u0107i note koje sam dobio od Milka Kelemena, a velika mi je \u010dast u svoj repertoar uvrstiti \u0161to vi\u0161e skladbi svog glazbenog savjetnika Bobi\u0107a i prodekana na Akademiji, \u2013 dodao je Krasnitsky istaknuv\u0161i kako je njemu osobno pri srcu najdra\u017ei ruski romantizam, odnosno Rahmanjinova muzika.<\/p>\n<p>Na kraju je pohvalio Me\u0111unarodni glazbeni festival Dani Milka Kelemena te za\u017eelio organizatorima da ustraju i dalje kako bi festival opstao u ovim te\u0161kim vremenima koja su osobito zadesila glazbeni svijet.<br \/>\n(www.radioslatina.hr)<\/p>\nngg_shortcode_0_placeholder\n","protected":false},"excerpt":{"rendered":"<p>27. izdanje Me\u0111unarodnog glazbenog festivala Dani Milka Kelemena ove godine u organizaciji Glazbene \u0161kole Milka Kelemena i pod pokroviteljstvom predsjednika Republike Hrvatske, Ministarstva kulture RH,<span class=\"excerpt-hellip\"> [\u2026]<\/span><\/p>\n","protected":false},"author":5,"featured_media":108792,"comment_status":"closed","ping_status":"closed","sticky":false,"template":"","format":"standard","meta":{"ngg_post_thumbnail":0,"footnotes":""},"categories":[137,139],"tags":[],"class_list":["post-108765","post","type-post","status-publish","format-standard","has-post-thumbnail","hentry","category-naslovnica","category-sport-kultura-i-udruge"],"_links":{"self":[{"href":"https:\/\/www.slatina.hr\/portal\/wp-json\/wp\/v2\/posts\/108765","targetHints":{"allow":["GET"]}}],"collection":[{"href":"https:\/\/www.slatina.hr\/portal\/wp-json\/wp\/v2\/posts"}],"about":[{"href":"https:\/\/www.slatina.hr\/portal\/wp-json\/wp\/v2\/types\/post"}],"author":[{"embeddable":true,"href":"https:\/\/www.slatina.hr\/portal\/wp-json\/wp\/v2\/users\/5"}],"replies":[{"embeddable":true,"href":"https:\/\/www.slatina.hr\/portal\/wp-json\/wp\/v2\/comments?post=108765"}],"version-history":[{"count":1,"href":"https:\/\/www.slatina.hr\/portal\/wp-json\/wp\/v2\/posts\/108765\/revisions"}],"predecessor-version":[{"id":108793,"href":"https:\/\/www.slatina.hr\/portal\/wp-json\/wp\/v2\/posts\/108765\/revisions\/108793"}],"wp:featuredmedia":[{"embeddable":true,"href":"https:\/\/www.slatina.hr\/portal\/wp-json\/wp\/v2\/media\/108792"}],"wp:attachment":[{"href":"https:\/\/www.slatina.hr\/portal\/wp-json\/wp\/v2\/media?parent=108765"}],"wp:term":[{"taxonomy":"category","embeddable":true,"href":"https:\/\/www.slatina.hr\/portal\/wp-json\/wp\/v2\/categories?post=108765"},{"taxonomy":"post_tag","embeddable":true,"href":"https:\/\/www.slatina.hr\/portal\/wp-json\/wp\/v2\/tags?post=108765"}],"curies":[{"name":"wp","href":"https:\/\/api.w.org\/{rel}","templated":true}]}}