{"id":108701,"date":"2021-10-09T09:31:19","date_gmt":"2021-10-09T07:31:19","guid":{"rendered":"https:\/\/www.slatina.hr\/portal\/?p=108701"},"modified":"2021-10-09T12:46:36","modified_gmt":"2021-10-09T10:46:36","slug":"gradonacelnik-denis-ostrosic-govornik-na-svjetskom-forumu-gradova-posrednika-u-organizaciji-uclg","status":"publish","type":"post","link":"https:\/\/www.slatina.hr\/portal\/gradonacelnik-denis-ostrosic-govornik-na-svjetskom-forumu-gradova-posrednika-u-organizaciji-uclg\/","title":{"rendered":"Gradona\u010delnik Denis Ostro\u0161i\u0107 govornik na Svjetskom forumu gradova posrednika u organizaciji UCLG"},"content":{"rendered":"<p>Svjetski forum gradova posrednika odr\u017ean je u organizaciji globalne organizacije Ujedinjenih gradova i lokalne samouprave (UCLG) od 5. do 8. listopada u Turskoj, u gradu K\u00fctahya, a tema konferencije bili su gradovi i njihovi stanovnici kao pokreta\u010dka snaga transformacije grada.<\/p>\n<p><img loading=\"lazy\" decoding=\"async\" class=\"wp-image-221752 alignright\" src=\"https:\/\/www.radioslatina.hr\/wp-content\/uploads\/2021\/10\/UCLG.jpg\" alt=\"\" width=\"393\" height=\"247\"><\/p>\n<p>Ujedinjeni gradovi i lokalne samouprave (UCLG ) krovna je me\u0111unarodna organizacija za gradove, lokalne i regionalne vlasti i op\u0107inske udruge u cijelom svijetu koja se bavi zastupanjem i obranom interesa lokalnih samouprava na svjetskoj pozornici.<\/p>\n<p>Klju\u010dne teme o kojima se raspravljalo tijekom konferencije bile su:<\/p>\n<ul>\n<li>Gradovi posrednici i promicanje djelovanja zajednice kroz obrazovne, kulturne i participativne politike,<\/li>\n<li>Dublja transformacija politi\u010dkog, dru\u0161tvenog i ekonomskog sustava,<\/li>\n<li>COVID doba i izgradnja nove vrste povjerenja izme\u0111u lokalnih vlasti i stanovni\u0161tva,<\/li>\n<li>te uklju\u010divanje kulture u odr\u017eivi razvoj gradova.<\/li>\n<\/ul>\n<p><img loading=\"lazy\" decoding=\"async\" class=\"wp-image-221749 alignleft\" src=\"https:\/\/www.radioslatina.hr\/wp-content\/uploads\/2021\/10\/20211008_164403_1024x768.jpg\" sizes=\"auto, (max-width: 300px) 100vw, 300px\" srcset=\"https:\/\/www.radioslatina.hr\/wp-content\/uploads\/2021\/10\/20211008_164403_1024x768.jpg 1024w, https:\/\/www.radioslatina.hr\/wp-content\/uploads\/2021\/10\/20211008_164403_1024x768-768x576.jpg 768w\" alt=\"\" width=\"300\" height=\"225\">Ju\u010der se online konferenciji priklju\u010dio i gradona\u010delnik Grada Slatine Denis Ostro\u0161i\u0107 koji je u svom izlaganju istaknuo kako je Slatina grad koji ima tradicionalno jako civilno dru\u0161tvo, odnosno aktivno djelovanje brojnih civilnih udruga koje Grad kroz svoj prora\u010dun kontinuirano nastoji podupirati u njihovim projektima i ciljevima djelovanja.<\/p>\n<p>\u2013 Zajednica je bogata ako ima stanovnike koji su aktivni u kulturi, politici i dru\u0161tvenom \u017eivotu. Poku\u0161avamo raditi zajedno s civilnim dru\u0161tvom, otvaraju\u0107i prostor za dijalog i zajedni\u010dko stvaranje, \u2013 rekao je gradona\u010delnik Ostro\u0161i\u0107 te izme\u0111u ostaloga istaknuo primjer participativnog bud\u017eetiranja odnosno malih komunalnih akcija koje Grad provodi u svim dijelovima Slatine te u prigradskim naseljima kroz otvoreni dijalog s predstavnicima mjesnih odbora, lokalnih udruga, dru\u0161tava, klubova i agilnim pojedincima \u0161to se pokazalo odli\u010dnim oblikom demokratskog dijaloga pomo\u0107u kojega se vrlo konkretno i brzo rje\u0161avaju brojni probleme gra\u0111ana u na\u0161em okru\u017eenju.<\/p>\n<p>Gradona\u010delnik je govorio i o COVID mjerama koje je Grad Slatina provodio kako bi pomogao razvoj gospodarstva na podru\u010dju grada.<\/p>\n<p>\u2013 Izna\u0161li smo financijska sredstva koja su obrtima, te malim i srednjim poduzetnicima olak\u0161ala taj krizni period i na taj su na\u010din sa\u010duvana broja radna mjesta, a osim toga znatnim smo sredstvima kroz potpore na\u0161im gospodarstvenicima pomogli rast razvoja gospodarstva na podru\u010dju grada.<br \/>\nNa taj na\u010din gradimo me\u0111usobno povjerenje, a nova \u0107emo osigurana sredstva svima koji poka\u017eu interes i zadovolje osnovne kriterije dodijeliti do kraja godine, \u2013 istaknuo je gradona\u010delnik u svom izlaganju.<br \/>\nU nastavku konferencije osvrnuo se na ulaganja u kulturu i razvoj turizma koji su i na kontinentu vrlo va\u017eni, te upoznao sudionike s naporima razvoja kulture na podru\u010dju grada kroz dva primjera.<\/p>\n<p>\u2013 \u0160to se ti\u010de kulture i njenoga uklju\u010divanja u odr\u017eivi razvoj rekao bih da smo na dobrom putu \u0161to smo izme\u0111u ostaloga pokazali i manifestacijom kojom smo, po\u0161tuju\u0107i sve epidemiolo\u0161ke mjere, tijekom ovoga ljeta svake nedjelje za gra\u0111ane s podru\u010dja grada organizirali glazbene koncerte i popratna doga\u0111anja. Odaziv gra\u0111ana je bio odli\u010dan a do pove\u0107anja broja oboljelih nije do\u0161lo.<br \/>\nDrugi primjer je Me\u0111unarodni glazbeni festival Dani Milka Kelemena koji se po 27. puta odr\u017eava u Slatini. Rije\u010d je o manifestaciji na kojoj i ove godine nastupaju eminentni glazbenici \u010dije \u0107e koncerte sve do 17. listopada imati prigodu posjetiti zainteresirani gra\u0111ani s podru\u010dja grada ali i \u0161ire regije, odnosno odre\u0111en broj glazbeno vrlo osvije\u0161tene publike koja se svake godine vra\u0107a ovom kvalitetnom kulturnom doga\u0111aju koji je prepoznat na svjetskom nivou.<br \/>\nNa\u0161eg Festivala ne bi bilo da nema vrijednih u\u010ditelja Osnovne glazbene \u0161kole, djelatnika Turisti\u010dke zajednice Grada, djelatnika Gradske uprave te drugih vrijednih volontera iz vi\u0161e udruga i dru\u0161tava koje sudjeluju u organizaciji ove desetodnevne manifestacije, \u2013 istaknuo je gradona\u010delnik Ostro\u0161i\u0107 te se na kraju osvrnuo i na probleme s kojima se suo\u010davamo budu\u0107i da smo ulaskom u EU izgubili mnogo mladih stru\u010dnjaka i njihovih obitelji koje su se u potrazi za boljim pla\u0107ama preselili u neke razvijenije europske zemlje.<\/p>\n<p>\u2013 Tu su i drugi demografski problemi izazvani manjim brojem ro\u0111enih i starenjem populacije, kao i smanjen interes mladih za bavljenje politikom, a koji nas izme\u0111u ostaloga uz jo\u0161 uvijek kompliciranu birokraciju ko\u010de da se bez obzira na brojna pozitivna postignu\u0107a razvijamo ravnomjerno i daleko br\u017ee. No svi su ti problemi itekako rje\u0161ivi uz uzajamnu podr\u0161ku i po\u0161tovanje, \u2013 zaklju\u010dio je gradona\u010delnik Ostro\u0161i\u0107.<br \/>\n(www.radioslatina.hr)<\/p>\nngg_shortcode_0_placeholder\n","protected":false},"excerpt":{"rendered":"<p>Svjetski forum gradova posrednika odr\u017ean je u organizaciji globalne organizacije Ujedinjenih gradova i lokalne samouprave (UCLG) od 5. do 8. listopada u Turskoj, u gradu<span class=\"excerpt-hellip\"> [\u2026]<\/span><\/p>\n","protected":false},"author":5,"featured_media":108710,"comment_status":"closed","ping_status":"closed","sticky":false,"template":"","format":"standard","meta":{"ngg_post_thumbnail":0,"footnotes":""},"categories":[136,137],"tags":[],"class_list":["post-108701","post","type-post","status-publish","format-standard","has-post-thumbnail","hentry","category-grad-slatina","category-naslovnica"],"_links":{"self":[{"href":"https:\/\/www.slatina.hr\/portal\/wp-json\/wp\/v2\/posts\/108701","targetHints":{"allow":["GET"]}}],"collection":[{"href":"https:\/\/www.slatina.hr\/portal\/wp-json\/wp\/v2\/posts"}],"about":[{"href":"https:\/\/www.slatina.hr\/portal\/wp-json\/wp\/v2\/types\/post"}],"author":[{"embeddable":true,"href":"https:\/\/www.slatina.hr\/portal\/wp-json\/wp\/v2\/users\/5"}],"replies":[{"embeddable":true,"href":"https:\/\/www.slatina.hr\/portal\/wp-json\/wp\/v2\/comments?post=108701"}],"version-history":[{"count":2,"href":"https:\/\/www.slatina.hr\/portal\/wp-json\/wp\/v2\/posts\/108701\/revisions"}],"predecessor-version":[{"id":108712,"href":"https:\/\/www.slatina.hr\/portal\/wp-json\/wp\/v2\/posts\/108701\/revisions\/108712"}],"wp:featuredmedia":[{"embeddable":true,"href":"https:\/\/www.slatina.hr\/portal\/wp-json\/wp\/v2\/media\/108710"}],"wp:attachment":[{"href":"https:\/\/www.slatina.hr\/portal\/wp-json\/wp\/v2\/media?parent=108701"}],"wp:term":[{"taxonomy":"category","embeddable":true,"href":"https:\/\/www.slatina.hr\/portal\/wp-json\/wp\/v2\/categories?post=108701"},{"taxonomy":"post_tag","embeddable":true,"href":"https:\/\/www.slatina.hr\/portal\/wp-json\/wp\/v2\/tags?post=108701"}],"curies":[{"name":"wp","href":"https:\/\/api.w.org\/{rel}","templated":true}]}}