{"id":108542,"date":"2021-10-07T13:31:39","date_gmt":"2021-10-07T11:31:39","guid":{"rendered":"https:\/\/www.slatina.hr\/portal\/?p=108542"},"modified":"2021-10-07T13:31:39","modified_gmt":"2021-10-07T11:31:39","slug":"akumulacijsko-jezero-kod-slatine-koliko-zamuljena-javorica-moze-grad-stititi-od-poplave","status":"publish","type":"post","link":"https:\/\/www.slatina.hr\/portal\/akumulacijsko-jezero-kod-slatine-koliko-zamuljena-javorica-moze-grad-stititi-od-poplave\/","title":{"rendered":"AKUMULACIJSKO JEZERO KOD SLATINE: Koliko zamuljena Javorica mo\u017ee grad \u0161tititi od poplave?"},"content":{"rendered":"<p style=\"text-align: center;\">Ovogodi\u0161nja su\u0161a pokazala je koliko je smanjen kapacitet jezera<\/p>\n<hr>\n<p>Dugotrajno su\u0161no razdoblje prvi je put od izgradnje akumulacijskog jezera Javorice otkrilo pravo stanje tog objekta Hrvatskih voda. Jezero je, naime, napravljeno kako bi \u0161titilo grad Slatinu od buji\u010dnih poplava s papu\u010dkih obronaka, kojih doista od po\u010detka njegove izgradnje 2005. godine nije bilo.<\/p>\n<p>Mo\u017eda je takvo povoljno stanje donekle uspavalo nositelje te velike investicije, pa jezero od prvog pu\u0161tanja vode u korito nije o\u010di\u0161\u0107eno. Voda je godinama nanosila talog s okolnih obronaka pa je jezero postajalo sve pli\u0107e. Ovogodi\u0161nja su\u0161a pokazala je koliko je smanjen njegov kapacitet i postalo je upitno koliko bi vode jezero moglo primiti u slu\u010daju obilnijih ki\u0161a i koliko bi tada bilo dobra za\u0161tita grada od poplava. Osim \u0161to je osnovna namjena akumulacijskog jezera upravo za\u0161tita grada od poplava, cijeli je kompleks trebao postati gradski turisti\u010dko-rekreacijski centar i izleti\u0161te koje \u0107e privu\u0107i posjetitelje iz bli\u017ee i dalje okolice. To se dosad nije ostvarilo, djelomi\u010dno zbog nedostatka novca, a djelomi\u010dno zbog nedostatka ideja i razli\u010ditih pogleda na mogu\u0107u funkciju toga podru\u010dja.<\/p>\n<p><img loading=\"lazy\" decoding=\"async\" class=\"alignnone size-full wp-image-221525\" src=\"https:\/\/www.radioslatina.hr\/wp-content\/uploads\/2021\/10\/280921javorica4_1024x460.jpg\" sizes=\"auto, (max-width: 1024px) 100vw, 1024px\" srcset=\"https:\/\/www.radioslatina.hr\/wp-content\/uploads\/2021\/10\/280921javorica4_1024x460.jpg 1024w, https:\/\/www.radioslatina.hr\/wp-content\/uploads\/2021\/10\/280921javorica4_1024x460-768x345.jpg 768w\" alt=\"\" width=\"1024\" height=\"460\"><\/p>\n<p>Premda Javorica nikad nije izgledala tako zapu\u0161teno kao ovih dana, u tijeku su dosad najzna\u010dajnije aktivnosti na revitalizaciji cijeloga lokaliteta. U svrhu ure\u0111enja toga prostora, u 2020. godini Grad je pribavio lokacijsku dozvolu za zahvat u prostoru sportsko-rekreacijske namjene \u2013 ure\u0111enje Turisti\u010dko-rekreacijskog kompleksa (TRK) Jezero Javorica. Prema rije\u010dima gradona\u010delnika Denisa Ostro\u0161i\u0107a, trenuta\u010dno tvrtka Modelarch iz Slatine priprema glavni projekt za pje\u0161a\u010dko-biciklisti\u010dke staze i druge javne povr\u0161ine, rasvjetu i opremu kompleksa Jezero Javorica radi isho\u0111enja gra\u0111evinske dozvole.<\/p>\n<p>Rije\u010d je o prvoj etapi izgradnje velikog kompleksa, koji obuhva\u0107a 3125 metara pje\u0161a\u010dko-biciklisti\u010dkih staza, parkirali\u0161ta za 76 osobnih automobila, sun\u010dali\u0161ta s tu\u0161evima i \u0161etnicom, dje\u010dja igrali\u0161ta, sportska igrali\u0161ta s tribinama, javnu rasvjetu, javne zelene povr\u0161ine i drugu prate\u0107u infrastrukturu. U pripremi je i projektiranje mosta preko jezera, u \u010dijem je ju\u017enom dijelu planirano premo\u0161\u0107ivanje pje\u0161a\u010dko-biciklisti\u010dkim mostom duljine 180 metara. Taj most spaja se s pje\u0161a\u010dko-biciklisti\u010dkim stazama koje tvore prsten oko jezera.<\/p>\n<p><img loading=\"lazy\" decoding=\"async\" class=\"alignnone size-full wp-image-221526\" src=\"https:\/\/www.radioslatina.hr\/wp-content\/uploads\/2021\/10\/280921javorica1_1024x461.jpg\" sizes=\"auto, (max-width: 1024px) 100vw, 1024px\" srcset=\"https:\/\/www.radioslatina.hr\/wp-content\/uploads\/2021\/10\/280921javorica1_1024x461.jpg 1024w, https:\/\/www.radioslatina.hr\/wp-content\/uploads\/2021\/10\/280921javorica1_1024x461-768x346.jpg 768w\" alt=\"\" width=\"1024\" height=\"461\"><\/p>\n<p>Cijeli TRK Javorica prostire se na povr\u0161ini od 15 hektara u\u017eeg pojasa zemlji\u0161ta oko akumulacijskog jezera, u kome se planira zona za aromaterapeutski park, zona javnog zelenila s igrali\u0161tima, sportska i rekreacijska zona sa skateparkom i vje\u017ebali\u0161tima te atraktivni 1150 metara dugi zip-line.<\/p>\n<p>Kako bi se sve to ostvarilo, ali i kako bi Javorica prije svega \u0161titila grad od poplava, gradona\u010delnik Ostro\u0161i\u0107 u kontaktima s odgovornim osobama u Hrvatskim vodama dogovara izmuljivanje i redovito odr\u017eavanje akumulacije. Da bi Hrvatske vode mogle izvr\u0161avati svoje obveze, uvjet je da gra\u0111ani i drugi obveznici redovito pla\u0107aju sve vrste vodnih naknada (vodni doprinos, naknada za ure\u0111enje voda, naknada za kori\u0161tenje voda, naknada za za\u0161titu voda), jer iz tih sredstava financira se odr\u017eavanje vodnih sustava.<br \/>\n(Petar \u017darkovi\u0107, Glas Slavonije)<\/p>\n<p><img loading=\"lazy\" decoding=\"async\" class=\"alignnone size-full wp-image-221527\" src=\"https:\/\/www.radioslatina.hr\/wp-content\/uploads\/2021\/10\/280921javorica3_1024x462.jpg\" sizes=\"auto, (max-width: 1024px) 100vw, 1024px\" srcset=\"https:\/\/www.radioslatina.hr\/wp-content\/uploads\/2021\/10\/280921javorica3_1024x462.jpg 1024w, https:\/\/www.radioslatina.hr\/wp-content\/uploads\/2021\/10\/280921javorica3_1024x462-768x347.jpg 768w\" alt=\"\" width=\"1024\" height=\"462\"><\/p>\n<p>IZMULJENJE NIJE U PLANU ZA 2022.<\/p>\n<p>Voditelj ispostave Hrvatskih voda za slijev Kara\u0161ica-Vu\u010dica Donji Miholjac Darko Samard\u017ei\u0107 ka\u017ee da nije planirano izmuljenje Javorice, premda to nije u\u010dinjeno od njegove izgradnje, ali realizacija gradskog projekta ure\u0111enja TRK-a Javorica i izgradnja spomenutog mosta bit \u0107e prilika za to.<\/p>\n<p>\u2013 Mi pratimo taj projekt i ovisit \u0107e dosta o tome kako \u0107e ga Grad realizirati. Pa ako se to bude radilo, bit \u0107e to prilika da Hrvatske vode istovremeno obave i izmuljenje jezera. Dosad nismo imali u planu izmuljenje, a sla\u017eemo se da je ve\u0107 vrijeme da se razmisli o tome. Vidjeli smo i mi da se jezero zamuljuje, koliko se mo\u017ee vidjeti s obala, ali nismo radili nikakvu analizu pa ga za nagodinu jo\u0161 nismo planirali \u2013 rekao nam je voditelj Samard\u017ei\u0107.<\/p>\n<p>Grad Slatina u nepovoljnim vremenskim uvjetima trpi buji\u010dne poplave i u isto\u010dnom dijelu, pa je u tijeku izrada glavnog projekta za retenciju Stublovac i izdavanje gra\u0111evinskih dozvola za ure\u0111enje vodotoka Poto\u010dani i Stublovac.<\/p>\n<p><img loading=\"lazy\" decoding=\"async\" class=\"alignnone size-full wp-image-221528\" src=\"https:\/\/www.radioslatina.hr\/wp-content\/uploads\/2021\/10\/280921javorica5_1024x461.jpg\" sizes=\"auto, (max-width: 1024px) 100vw, 1024px\" srcset=\"https:\/\/www.radioslatina.hr\/wp-content\/uploads\/2021\/10\/280921javorica5_1024x461.jpg 1024w, https:\/\/www.radioslatina.hr\/wp-content\/uploads\/2021\/10\/280921javorica5_1024x461-768x346.jpg 768w\" alt=\"\" width=\"1024\" height=\"461\"><\/p>\n","protected":false},"excerpt":{"rendered":"<p>Ovogodi\u0161nja su\u0161a pokazala je koliko je smanjen kapacitet jezera Dugotrajno su\u0161no razdoblje prvi je put od izgradnje akumulacijskog jezera Javorice otkrilo pravo stanje tog objekta<span class=\"excerpt-hellip\"> [\u2026]<\/span><\/p>\n","protected":false},"author":5,"featured_media":108543,"comment_status":"closed","ping_status":"closed","sticky":false,"template":"","format":"standard","meta":{"ngg_post_thumbnail":0,"footnotes":""},"categories":[136,137],"tags":[],"class_list":["post-108542","post","type-post","status-publish","format-standard","has-post-thumbnail","hentry","category-grad-slatina","category-naslovnica"],"_links":{"self":[{"href":"https:\/\/www.slatina.hr\/portal\/wp-json\/wp\/v2\/posts\/108542","targetHints":{"allow":["GET"]}}],"collection":[{"href":"https:\/\/www.slatina.hr\/portal\/wp-json\/wp\/v2\/posts"}],"about":[{"href":"https:\/\/www.slatina.hr\/portal\/wp-json\/wp\/v2\/types\/post"}],"author":[{"embeddable":true,"href":"https:\/\/www.slatina.hr\/portal\/wp-json\/wp\/v2\/users\/5"}],"replies":[{"embeddable":true,"href":"https:\/\/www.slatina.hr\/portal\/wp-json\/wp\/v2\/comments?post=108542"}],"version-history":[{"count":1,"href":"https:\/\/www.slatina.hr\/portal\/wp-json\/wp\/v2\/posts\/108542\/revisions"}],"predecessor-version":[{"id":108544,"href":"https:\/\/www.slatina.hr\/portal\/wp-json\/wp\/v2\/posts\/108542\/revisions\/108544"}],"wp:featuredmedia":[{"embeddable":true,"href":"https:\/\/www.slatina.hr\/portal\/wp-json\/wp\/v2\/media\/108543"}],"wp:attachment":[{"href":"https:\/\/www.slatina.hr\/portal\/wp-json\/wp\/v2\/media?parent=108542"}],"wp:term":[{"taxonomy":"category","embeddable":true,"href":"https:\/\/www.slatina.hr\/portal\/wp-json\/wp\/v2\/categories?post=108542"},{"taxonomy":"post_tag","embeddable":true,"href":"https:\/\/www.slatina.hr\/portal\/wp-json\/wp\/v2\/tags?post=108542"}],"curies":[{"name":"wp","href":"https:\/\/api.w.org\/{rel}","templated":true}]}}