{"id":108497,"date":"2021-10-06T15:56:24","date_gmt":"2021-10-06T13:56:24","guid":{"rendered":"https:\/\/www.slatina.hr\/portal\/?p=108497"},"modified":"2021-10-06T20:43:43","modified_gmt":"2021-10-06T18:43:43","slug":"u-sklopu-obiljezavanja-djecjega-tjedna-2021-mladi-forumasi-os-e-kumicica-posjetili-su-slatinskog-gradonacelnika","status":"publish","type":"post","link":"https:\/\/www.slatina.hr\/portal\/u-sklopu-obiljezavanja-djecjega-tjedna-2021-mladi-forumasi-os-e-kumicica-posjetili-su-slatinskog-gradonacelnika\/","title":{"rendered":"U sklopu obilje\u017eavanja Dje\u010djega tjedna 2021. mladi foruma\u0161i O\u0160 E. Kumi\u010di\u0107a posjetili slatinskog gradona\u010delnika"},"content":{"rendered":"<p>Dje\u010dji tjedan je tradicionalna godi\u0161nja akcija i aktivnost posve\u0107ena djeci, a odr\u017eava se u prvom punom tjednu listopada tako da se ove godine obilje\u017eava od 4. do 10. listopada.<br \/>\nPosebna je to prigoda da se skrene pozornost na dje\u010dja prava, \u0161to sama djeca kroz razne programe i \u010dine, a osobito su aktivna ona djeca okupljena u dje\u010djim forumima kojima je to ina\u010de slobodna aktivnost.<br \/>\nKroz Dje\u010dji forum koji se temelji na Konvenciji UN-a o pravima djeteta, djeca u\u010de o svojim pravima i obavezama, javno izra\u017eavaju svoje mi\u0161ljenje i upu\u0107uju poruke odraslima, a jedna od zada\u0107a Dje\u010djeg foruma je i osposobljavanje djece za aktivno i djelotvorno sudjelovanje u slobodnom demokratskom dru\u0161tvu.<\/p>\n<p>Jedan od vrlo aktivnih dje\u010djih foruma na slatinskom podru\u010dju je Dje\u010dji forum Mladost koji djeluje pri Osnovnoj \u0161koli Eugena Kumi\u010di\u0107a Slatina u sklopu Dru\u0161tva Na\u0161a djeca Slatina. Forum trenuta\u010dno broji dvadesetak foruma\u0161a, a voditeljica istoga je nastavnica Hrvatskoga jezika Ivana Strupar.<\/p>\n<p>U sklopu Dje\u010djeg foruma Mladost u\u010denici u\u010de o dje\u010djim pravima i promoviranju dje\u010djih prava, a jedna od prigoda za glasnijim izra\u017eavanjem mi\u0161ljenja i pravima djece je upravo Dje\u010dji tjedan u sklopu kojega i ove godine provode nekoliko aktivnosti s ciljem usmjeravanja pozornosti naj\u0161ire javnosti prema ostvarivanju prava djece.<br \/>\nOrganizirali su tako dijeljenje poruka djece odraslima, psihologinja Vlasta Top\u010di\u0107 u \u0161kolskoj je knji\u017enici odr\u017eala radionicu povodom Me\u0111unarodnog dana djevoj\u010dica koji se obilje\u017eava 6. listopada, a foruma\u0161i \u0107e u petak 8. listopada odr\u017eati i radionicu kuhanja zdravog doru\u010dka u \u0161kolskoj kuhinji u suradnji s u\u010diteljicama Rajkom Avirovi\u0107 Ga\u0107a i Vesnom Ko\u0161uti\u0107.&nbsp;<\/p>\n<p>Jedna od aktivnosti je bila i susret djece s gradona\u010delnikom Grada Slatine Denisom Ostro\u0161i\u0107em koji ih je primio u maloj vije\u0107nici Gradske uprave u nazo\u010dnosti pro\u010delnika Stru\u010dne slu\u017ebe Krunoslava \u0160araboka.<\/p>\n<p><img loading=\"lazy\" decoding=\"async\" class=\"alignnone size-full wp-image-221476\" src=\"https:\/\/www.radioslatina.hr\/wp-content\/uploads\/2021\/10\/IMG_2679_1024x683.jpg\" sizes=\"auto, (max-width: 1024px) 100vw, 1024px\" srcset=\"https:\/\/www.radioslatina.hr\/wp-content\/uploads\/2021\/10\/IMG_2679_1024x683.jpg 1024w, https:\/\/www.radioslatina.hr\/wp-content\/uploads\/2021\/10\/IMG_2679_1024x683-768x512.jpg 768w\" alt=\"\" width=\"1024\" height=\"683\"><\/p>\n<p>Tako su \u010dlanovi Dje\u010djeg foruma Mladost, ina\u010de u\u010denici petog razreda Osnovne \u0161kole Eugena Kumi\u010di\u0107a Slatina Ena Ba\u010dani, Karla Valent i Leon Kne\u017eevi\u0107 u pratnji voditeljice Ivane Strupar, u srda\u010dnom i vrlo otvorenom razgovoru, s gradona\u010delnikom razgovarali o svim pitanjima koja mu\u010de djecu grada Slatine. Tom su mu prigodom skrenuli pozornost na nedostatak biciklisti\u010dkih staza u gradu, problem neure\u0111enog jezera Javorica i nedovoljno obilje\u017eenih pojedinih pje\u0161a\u010dkih prijelaza u gradu, a zamolili su ga i da razmotri mogu\u0107nost dodatnog ogra\u0111ivanja dje\u010djeg parka u EPIcentra Sequoia Slatina prema prometnicama.<br \/>\nOsim toga istaknuli su i ono \u0161to im se svi\u0111a u gradu, a posebno su pohvalili ure\u0111enje dje\u010djih igrali\u0161ta, te brojne manifestacije i radionice koje se u Slatini usprkos epidemiji odr\u017eavaju. Budu\u0107i da svo troje ovih mladih foruma\u0161a uz \u0161kolske i sportske obveze poha\u0111aju i glazbenu \u0161kolu izrazili su pohvale odr\u017eavanju Me\u0111unarodnog glazbenog festivala Dani Milka Kelemena u Slatini.<\/p>\n<p>Foruma\u0161i Dje\u010djeg foruma Mladost na kraju su gradona\u010delniku zahvalili na prilici za susret i svim odgovorima na njihova pitanja, te su mu uru\u010dili prigodan poklon, sliku dje\u010djega rada i \u0161alicu s logom svoje \u0161kole koji je osmislio upravo gradona\u010delnik Ostro\u0161i\u0107 dok je bio djelatnik iste.<\/p>\n<p>\u2013 Drago mi je da sam nekih sat vremena imao prigodu razgovarati s \u010dlanovima Dje\u010djeg foruma Mladost Osnovne \u0161kole Eugena Kumi\u010di\u0107a o samom radu foruma ali i o \u0161kolskim aktivnostima, o svemu onome \u0161to im se svi\u0111a ili bi promijenili u gradu. Razmijenili smo svoja razmi\u0161ljanja i zahvaljujem im \u0161to su na neki na\u010din pohvalili Slatinu i \u0161to je to grad koji im se svi\u0111a, te da ima stvari koje su u posljednje vrijeme i ljep\u0161e i bolje i nastojat \u0107emo da tako bude i dalje, \u2013 rekao je gradona\u010delnik Ostro\u0161i\u0107 za\u017eeljev\u0161i svoj djeci Slatine, ali i cijele Hrvatske svako dobro.<\/p>\n<p>\u2013 Doista sam sretan \u0161to imamo ovakve mlade koji \u0107e biti pokreta\u010dka snaga grada Slatine i u nekoj na\u0161oj budu\u0107nosti, \u2013 zaklju\u010dio je gradona\u010delnik.<br \/>\n(www.radioslatina.hr)<\/p>\n<p>ngg_shortcode_0_placeholder<img loading=\"lazy\" decoding=\"async\" class=\"alignnone size-full wp-image-108507\" src=\"https:\/\/www.slatina.hr\/portal\/wp-content\/uploads\/2021\/10\/IMG_2706_1024x683.jpg\" alt=\"\" width=\"1024\" height=\"683\" srcset=\"https:\/\/www.slatina.hr\/portal\/wp-content\/uploads\/2021\/10\/IMG_2706_1024x683.jpg 1024w, https:\/\/www.slatina.hr\/portal\/wp-content\/uploads\/2021\/10\/IMG_2706_1024x683-768x512.jpg 768w, https:\/\/www.slatina.hr\/portal\/wp-content\/uploads\/2021\/10\/IMG_2706_1024x683-219x146.jpg 219w, https:\/\/www.slatina.hr\/portal\/wp-content\/uploads\/2021\/10\/IMG_2706_1024x683-50x33.jpg 50w, https:\/\/www.slatina.hr\/portal\/wp-content\/uploads\/2021\/10\/IMG_2706_1024x683-112x75.jpg 112w, https:\/\/www.slatina.hr\/portal\/wp-content\/uploads\/2021\/10\/IMG_2706_1024x683-620x414.jpg 620w\" sizes=\"auto, (max-width:767px) 480px, (max-width:1024px) 100vw, 1024px\" \/><\/p>\n","protected":false},"excerpt":{"rendered":"<p>Dje\u010dji tjedan je tradicionalna godi\u0161nja akcija i aktivnost posve\u0107ena djeci, a odr\u017eava se u prvom punom tjednu listopada tako da se ove godine obilje\u017eava od<span class=\"excerpt-hellip\"> [\u2026]<\/span><\/p>\n","protected":false},"author":5,"featured_media":108508,"comment_status":"closed","ping_status":"closed","sticky":false,"template":"","format":"standard","meta":{"ngg_post_thumbnail":0,"footnotes":""},"categories":[136,137],"tags":[],"class_list":["post-108497","post","type-post","status-publish","format-standard","has-post-thumbnail","hentry","category-grad-slatina","category-naslovnica"],"_links":{"self":[{"href":"https:\/\/www.slatina.hr\/portal\/wp-json\/wp\/v2\/posts\/108497","targetHints":{"allow":["GET"]}}],"collection":[{"href":"https:\/\/www.slatina.hr\/portal\/wp-json\/wp\/v2\/posts"}],"about":[{"href":"https:\/\/www.slatina.hr\/portal\/wp-json\/wp\/v2\/types\/post"}],"author":[{"embeddable":true,"href":"https:\/\/www.slatina.hr\/portal\/wp-json\/wp\/v2\/users\/5"}],"replies":[{"embeddable":true,"href":"https:\/\/www.slatina.hr\/portal\/wp-json\/wp\/v2\/comments?post=108497"}],"version-history":[{"count":2,"href":"https:\/\/www.slatina.hr\/portal\/wp-json\/wp\/v2\/posts\/108497\/revisions"}],"predecessor-version":[{"id":108510,"href":"https:\/\/www.slatina.hr\/portal\/wp-json\/wp\/v2\/posts\/108497\/revisions\/108510"}],"wp:featuredmedia":[{"embeddable":true,"href":"https:\/\/www.slatina.hr\/portal\/wp-json\/wp\/v2\/media\/108508"}],"wp:attachment":[{"href":"https:\/\/www.slatina.hr\/portal\/wp-json\/wp\/v2\/media?parent=108497"}],"wp:term":[{"taxonomy":"category","embeddable":true,"href":"https:\/\/www.slatina.hr\/portal\/wp-json\/wp\/v2\/categories?post=108497"},{"taxonomy":"post_tag","embeddable":true,"href":"https:\/\/www.slatina.hr\/portal\/wp-json\/wp\/v2\/tags?post=108497"}],"curies":[{"name":"wp","href":"https:\/\/api.w.org\/{rel}","templated":true}]}}