{"id":108443,"date":"2021-10-05T14:24:40","date_gmt":"2021-10-05T12:24:40","guid":{"rendered":"https:\/\/www.slatina.hr\/portal\/?p=108443"},"modified":"2021-10-05T14:24:40","modified_gmt":"2021-10-05T12:24:40","slug":"27-medunarodni-glazbeni-festival-dani-milka-kelemena-najavljen-u-emisiji-dobro-jutro-hrvatska","status":"publish","type":"post","link":"https:\/\/www.slatina.hr\/portal\/27-medunarodni-glazbeni-festival-dani-milka-kelemena-najavljen-u-emisiji-dobro-jutro-hrvatska\/","title":{"rendered":"27. Me\u0111unarodni glazbeni festival Dani Milka Kelemena najavljen u emisiji \u201eDobro jutro, Hrvatska\u201c"},"content":{"rendered":"<p>Uo\u010di 27. Me\u0111unarodnog glazbenog festivala Dani Milka Kelemena koji \u0107e se odr\u017eati od 7. do 17. listopada ove godine, danas su u emisiji Hrvatske radio televizije \u201eDobro jutro, Hrvatska\u201c gostovali predsjednik Festivalskog odbora DMK i ravnatelj Glazbene \u0161kole Milka Kelemena Slatina Antonio Brzica i kustos Zavi\u010dajnog muzeja Slatina Sr\u0111an \u0110uri\u010di\u0107.<\/p>\n<p><img loading=\"lazy\" decoding=\"async\" class=\"alignnone size-full wp-image-108461\" src=\"https:\/\/www.slatina.hr\/portal\/wp-content\/uploads\/2021\/10\/sss.jpg\" alt=\"\" width=\"1024\" height=\"580\" srcset=\"https:\/\/www.slatina.hr\/portal\/wp-content\/uploads\/2021\/10\/sss.jpg 1024w, https:\/\/www.slatina.hr\/portal\/wp-content\/uploads\/2021\/10\/sss-768x435.jpg 768w, https:\/\/www.slatina.hr\/portal\/wp-content\/uploads\/2021\/10\/sss-258x146.jpg 258w, https:\/\/www.slatina.hr\/portal\/wp-content\/uploads\/2021\/10\/sss-50x28.jpg 50w, https:\/\/www.slatina.hr\/portal\/wp-content\/uploads\/2021\/10\/sss-132x75.jpg 132w, https:\/\/www.slatina.hr\/portal\/wp-content\/uploads\/2021\/10\/sss-620x351.jpg 620w\" sizes=\"auto, (max-width:767px) 480px, (max-width:1024px) 100vw, 1024px\" \/><\/p>\n<p>Tom su prigodom najavili ovogodi\u0161nji program festivala DMK koji je pripremilo Programsko vije\u0107e koje \u010dine profesori Berislav \u0160ipu\u0161, Goran Kon\u010dar i Antonio Brzica.<\/p>\n<p>Glazbena \u0161kola Milka Kelemena Slatina pod visokim pokroviteljstvom predsjednika Republike Hrvatske Zorana Milanovi\u0107a organizator je ovogodi\u0161njeg festivala, a supokrovitelji su Ministarstvo kulture, Viroviti\u010dko-podravska \u017eupanija, Grad Slatina i Turisti\u010dka zajednica Grada Slatine.<\/p>\n<p>Na sve\u010danom otvorenju 7. listopada od 20 sati nastupit \u0107e Zagreba\u010dki solisti i Monika Leskovar na violon\u010delu, a uvertira u sam doga\u0111aj \u0107e biti otvorenje izlo\u017ebe \u201eKelemenovo stvarala\u0161tvo\u201c u Zavi\u010dajnom muzeju Slatina od 18 sati. &nbsp;<\/p>\n<p><img loading=\"lazy\" decoding=\"async\" class=\"wp-image-221353 alignleft\" src=\"https:\/\/www.radioslatina.hr\/wp-content\/uploads\/2021\/10\/brzica.jpg\" sizes=\"auto, (max-width: 301px) 100vw, 301px\" srcset=\"https:\/\/www.radioslatina.hr\/wp-content\/uploads\/2021\/10\/brzica.jpg 996w, https:\/\/www.radioslatina.hr\/wp-content\/uploads\/2021\/10\/brzica-768x431.jpg 768w, https:\/\/www.radioslatina.hr\/wp-content\/uploads\/2021\/10\/brzica-390x220.jpg 390w\" alt=\"\" width=\"301\" height=\"169\">\u2013 I ove \u0107e godine publika mo\u0107i u\u017eivati u izrazito kvalitetnom programu. Tako \u0107e u narednim danima nastupiti Filip Mer\u010dep, zatim Guda\u010dki kvartet Rucner i njihovi gosti Ana i Mario Rucner te Ena Kne\u017eevi\u0107 i Veronika Brzica.<br \/>\nUslijedit \u0107e klavirski recitali Konstantina Krasnickog i Klavirskog dua Kar\u0161a, a Festival \u0107e upotpuniti i Okrugli stol na temu: Kelemen kao u\u010ditelj i pedagog, zatim Mala plesna priredba, te nastupi Cantus ansambla, pobjednika hrvatskog natjecanja Papandopulo i ansambla studenata suvremene glazbe Muzi\u010dke akademije Zagreb, dok \u0107e se na samoj zavr\u0161nici predstaviti Moskovski ansambl za suvremenu glazbu, \u2013 ispri\u010dao je ravnatelj Brzica predstavljaju\u0107i ovogodi\u0161nji program Dana Milka Kelemena koji je, kako je naglasio, postao jednim od najzna\u010dajnijih umjetni\u010dkih doga\u0111aja u Hrvatskoj te je svoje mjesto na\u0161ao u rasporedu nastupanja vrhunskih hrvatskih i svjetskih glazbenika, a svojom kvalitetom postavio ljestvicu vrlo visoko.<\/p>\n<p>Zavi\u010dajni muzej Slatina zajedno s Festivalskim odborom konstantno sudjeluje u Danima Milka Kelemena, bilo da je rije\u010d o promoviranju umjetnika iz vremena avangarde, ali i suvremenih umjetnika, a protekle dvije godine svoj je fokus stavio upravo na samog Milka Kelemena.<\/p>\n<p><img loading=\"lazy\" decoding=\"async\" class=\"wp-image-221354 alignright\" src=\"https:\/\/www.radioslatina.hr\/wp-content\/uploads\/2021\/10\/milo.jpg\" sizes=\"auto, (max-width: 301px) 100vw, 301px\" srcset=\"https:\/\/www.radioslatina.hr\/wp-content\/uploads\/2021\/10\/milo.jpg 996w, https:\/\/www.radioslatina.hr\/wp-content\/uploads\/2021\/10\/milo-768x421.jpg 768w\" alt=\"\" width=\"301\" height=\"165\">\u2013 Samo njegovo djelo ve\u0107ini na\u0161ih sugra\u0111ana kao i gra\u0111anima diljem Hrvatske je dobro poznato, no ipak ne dovoljno. I upravo na tragu toga Zavi\u010dajni muzej Slatina pro\u0161le je godine \u017eelio pokazati i neke elemente Kelemena koji su bili manje poznati, a to \u0107e u\u010diniti i ove godine, rekao je kustos Zavi\u010dajnog muzeja Slatina Sr\u0111an \u0110uri\u010di\u0107 te dodao:<\/p>\n<p>\u2013 2012. godine supru\u017enici Kelemen su ostavili gradu Slatini, a time i Zavi\u010dajnom muzeju Slatina jednu vrlo zanimljivu donaciju, a rije\u010d je o njihovim osobnim stvarima i predmetima koji su vezani za rad maestra Milka Klemena, a na kojima se temelji stalni postav spomen sobe Milka Kelemena u Zavi\u010dajnom muzeju.<br \/>\nKelemen je prije svega kompozitor i skladatelj, ali i svjetski putnik i upravo kroz ta njegova putovanja mo\u017eemo upoznati Kelemena u jednom drugom svjetlu \u0161to smo pokazali pro\u0161logodi\u0161njom izlo\u017ebom. Ove je godine fokus stavljen na njegove partiture od 1968. do 2012. godine koje \u0107e biti prikazane na izlo\u017ebi imena \u201eKelemenovo stvarala\u0161tvo\u201c u prigodi otvorenja ovogodi\u0161njeg festivala, a ina\u010de nisu vidljive u njegovoj spomen sobi, \u2013 zaklju\u010dio je \u0110uri\u010di\u0107.<\/p>\n<p>\u2013 Milko Kelemen je najve\u0107i dio svog \u017eivota djelovao izvan Hrvatske te je proputovao svijet. Na svim tim kontinentima ujedno je radio na razli\u010ditim sveu\u010dili\u0161tima i muzi\u010dkim akademijama, tako da je svugdje gdje je boravio ostavio jedan veliki pe\u010dat kojeg sada tek trebamo istra\u017eiti i na neki na\u010din povezati. Do\u0161li smo na ideju sve te zemlje uvrstiti u sam festival gdje bi svake godine jedna od njih bila zemlja partner, no koronavirus je sve to stavio na \u010dekanje, \u2013 rekao je na kraju ravnatelj Festivalskog odbora DMK Antonio Brzica pozivaju\u0107i sve zainteresirane da posjete, ako ne sve, barem pojedine programe 27. Me\u0111unarodnog glazbenog festivala Dani Milka Kelemena u Slatini.<\/p>\n<p>Glazbeni gosti \u201eDobro jutro, Hrvatska\u201c bili su Renata i Ivan Kar\u0161a koji su svoj prvi nastup na Danima Milka Kelemena imali 2009. godine kada su maestra Kelemena imali prigodu i osobno upoznati i to im je otvorilo vrata za daljnja gostovanja na koja su dolazili na profesorov poziv, a i sada su redoviti gosti festivala.<\/p>\n<p>Uvodno je Renata Kar\u0161a izvela Kelemenovu Temu s varijacijama, a za sam kraj gostovanja zajedno su izveli djelo Mauricea Ravela: Suita Moja Majka Guska \u2013 Razgovor Ljepotice i Zvijeri.<br \/>\n(www.radioslatina.hr)<\/p>\n<p>ngg_shortcode_0_placeholder<img loading=\"lazy\" decoding=\"async\" class=\"alignnone size-full wp-image-108462\" src=\"https:\/\/www.slatina.hr\/portal\/wp-content\/uploads\/2021\/10\/IMG-92dc4d968a7dce21419d061ebf97e7fc-V_1024x766.jpg\" alt=\"\" width=\"1024\" height=\"766\" srcset=\"https:\/\/www.slatina.hr\/portal\/wp-content\/uploads\/2021\/10\/IMG-92dc4d968a7dce21419d061ebf97e7fc-V_1024x766.jpg 1024w, https:\/\/www.slatina.hr\/portal\/wp-content\/uploads\/2021\/10\/IMG-92dc4d968a7dce21419d061ebf97e7fc-V_1024x766-768x575.jpg 768w, https:\/\/www.slatina.hr\/portal\/wp-content\/uploads\/2021\/10\/IMG-92dc4d968a7dce21419d061ebf97e7fc-V_1024x766-195x146.jpg 195w, https:\/\/www.slatina.hr\/portal\/wp-content\/uploads\/2021\/10\/IMG-92dc4d968a7dce21419d061ebf97e7fc-V_1024x766-50x37.jpg 50w, https:\/\/www.slatina.hr\/portal\/wp-content\/uploads\/2021\/10\/IMG-92dc4d968a7dce21419d061ebf97e7fc-V_1024x766-100x75.jpg 100w, https:\/\/www.slatina.hr\/portal\/wp-content\/uploads\/2021\/10\/IMG-92dc4d968a7dce21419d061ebf97e7fc-V_1024x766-620x464.jpg 620w\" sizes=\"auto, (max-width:767px) 480px, (max-width:1024px) 100vw, 1024px\" \/><\/p>\n","protected":false},"excerpt":{"rendered":"<p>Uo\u010di 27. Me\u0111unarodnog glazbenog festivala Dani Milka Kelemena koji \u0107e se odr\u017eati od 7. do 17. listopada ove godine, danas su u emisiji Hrvatske radio<span class=\"excerpt-hellip\"> [\u2026]<\/span><\/p>\n","protected":false},"author":5,"featured_media":108460,"comment_status":"closed","ping_status":"closed","sticky":false,"template":"","format":"standard","meta":{"ngg_post_thumbnail":0,"footnotes":""},"categories":[137,139],"tags":[],"class_list":["post-108443","post","type-post","status-publish","format-standard","has-post-thumbnail","hentry","category-naslovnica","category-sport-kultura-i-udruge"],"_links":{"self":[{"href":"https:\/\/www.slatina.hr\/portal\/wp-json\/wp\/v2\/posts\/108443","targetHints":{"allow":["GET"]}}],"collection":[{"href":"https:\/\/www.slatina.hr\/portal\/wp-json\/wp\/v2\/posts"}],"about":[{"href":"https:\/\/www.slatina.hr\/portal\/wp-json\/wp\/v2\/types\/post"}],"author":[{"embeddable":true,"href":"https:\/\/www.slatina.hr\/portal\/wp-json\/wp\/v2\/users\/5"}],"replies":[{"embeddable":true,"href":"https:\/\/www.slatina.hr\/portal\/wp-json\/wp\/v2\/comments?post=108443"}],"version-history":[{"count":1,"href":"https:\/\/www.slatina.hr\/portal\/wp-json\/wp\/v2\/posts\/108443\/revisions"}],"predecessor-version":[{"id":108463,"href":"https:\/\/www.slatina.hr\/portal\/wp-json\/wp\/v2\/posts\/108443\/revisions\/108463"}],"wp:featuredmedia":[{"embeddable":true,"href":"https:\/\/www.slatina.hr\/portal\/wp-json\/wp\/v2\/media\/108460"}],"wp:attachment":[{"href":"https:\/\/www.slatina.hr\/portal\/wp-json\/wp\/v2\/media?parent=108443"}],"wp:term":[{"taxonomy":"category","embeddable":true,"href":"https:\/\/www.slatina.hr\/portal\/wp-json\/wp\/v2\/categories?post=108443"},{"taxonomy":"post_tag","embeddable":true,"href":"https:\/\/www.slatina.hr\/portal\/wp-json\/wp\/v2\/tags?post=108443"}],"curies":[{"name":"wp","href":"https:\/\/api.w.org\/{rel}","templated":true}]}}