{"id":108322,"date":"2021-09-30T12:25:01","date_gmt":"2021-09-30T10:25:01","guid":{"rendered":"https:\/\/www.slatina.hr\/portal\/?p=108322"},"modified":"2021-09-30T12:25:01","modified_gmt":"2021-09-30T10:25:01","slug":"grad-slatina-prijavio-projekt-rekonstrukcija-i-prenamjena-zgrade-drustvenog-doma-u-kozicama-na-natjecaj-za-provedbu-tipa-operacije-7-4-1","status":"publish","type":"post","link":"https:\/\/www.slatina.hr\/portal\/grad-slatina-prijavio-projekt-rekonstrukcija-i-prenamjena-zgrade-drustvenog-doma-u-kozicama-na-natjecaj-za-provedbu-tipa-operacije-7-4-1\/","title":{"rendered":"Grad Slatina prijavio projekt \u201eRekonstrukcija i prenamjena zgrade Dru\u0161tvenog doma u Kozicama\u201c na natje\u010daj za provedbu tipa operacije 7.4.1."},"content":{"rendered":"<p>Djelatnici Upravnog odjela za razvoj Grada Slatine u suradnji s Gradskom razvojnom agencijom Slatine pripremili su i prijavili projekt \u201eRekonstrukcija i prenamjena zgrade Dru\u0161tvenog doma u Kozicama\u201c ukupne vrijednosti 7.625.426,88 kuna, na natje\u010daj za provedbu tipa operacije 7.4.1. \u201eUlaganja u pokretanje, pobolj\u0161anje ili pro\u0161irenje temeljnih usluga za ruralno stanovni\u0161tvo, uklju\u010duju\u0107i slobodno vrijeme i kulturne aktivnosti te povezanu infrastrukturu\u201c.<\/p>\n<p>Projektom se predvi\u0111a prenamjena ranijeg poslovnog prostora u suterenu u javni prostor koji obuhva\u0107a ulazni hol sa stubi\u0161tem i dizalom kojima se osigurava pristupa\u010dnost postoje\u0107oj dvorani i pozornici u prizemlju zgrade kao i sadr\u017eajima projektiranima na prvom katu. U suterenu se smje\u0161ta jo\u0161 i nedostaju\u0107i sanitarni \u010dvor za potrebe prizemlja. Na zgradi se uklanja postoje\u0107e krovi\u0161te i nadogra\u0111uje prvi kat te postavlja novo krovi\u0161te. Na katu, uz dvoranu povr\u0161ine cca 80 m2, smje\u0161ten je i jedan ured, \u010dajna kuhinja, strojarnica te sanitarni \u010dvor.<br \/>\nU projektu su primijenjene sve mjere energetske u\u010dinkovitosti: od toplinske izolacije vanjske ovojnice cijele zgrade i podova do elektro i strojarskih mjera, kao \u0161to je ugradnja led rasvjete i dizalica topline.<\/p>\n<p>Stanovni\u0161tvo Grada Slatine \u0107e dru\u0161tveni dom mo\u0107i koristiti za organiziranje javnih dru\u0161tvenih doga\u0111anja, odr\u017eavanje postoje\u0107ih i pokretanje novih manifestacija, edukativnih aktivnosti, umjetni\u010dkih i dje\u010djih priredbi i sli\u010dno. Braniteljske udruge s podru\u010dja Grada Slatine prostorije dru\u0161tvenog doma koristit \u0107e za provedbu edukativnih aktivnosti o Domovinskom ratu na slatinskom podru\u010dju. Uloga dru\u0161tvenog doma je podizanje dru\u0161tvene i komunalne infrastrukture naselja Kozice te \u0107e kao takva gra\u0111evina biti javne namjene.<br \/>\n(www.radioslatina.hr)<\/p>\n<p>Projekcija dru\u0161tvenog doma u Kozicama nakon rekonstrukcije<\/p>\n<p><img loading=\"lazy\" decoding=\"async\" class=\"alignnone size-full wp-image-220793\" src=\"https:\/\/www.radioslatina.hr\/wp-content\/uploads\/2021\/09\/IMG-c1be1cd29cd81b3f9238361c35ebd514-V_1024x573.jpg\" sizes=\"auto, (max-width: 1024px) 100vw, 1024px\" srcset=\"https:\/\/www.radioslatina.hr\/wp-content\/uploads\/2021\/09\/IMG-c1be1cd29cd81b3f9238361c35ebd514-V_1024x573.jpg 1024w, https:\/\/www.radioslatina.hr\/wp-content\/uploads\/2021\/09\/IMG-c1be1cd29cd81b3f9238361c35ebd514-V_1024x573-768x430.jpg 768w\" alt=\"\" width=\"1024\" height=\"573\"><\/p>\n<p>Trenuta\u010dno stanje dru\u0161tvenog doma u Kozicama<\/p>\nngg_shortcode_0_placeholder\n","protected":false},"excerpt":{"rendered":"<p>Djelatnici Upravnog odjela za razvoj Grada Slatine u suradnji s Gradskom razvojnom agencijom Slatine pripremili su i prijavili projekt \u201eRekonstrukcija i prenamjena zgrade Dru\u0161tvenog doma<span class=\"excerpt-hellip\"> [\u2026]<\/span><\/p>\n","protected":false},"author":5,"featured_media":108328,"comment_status":"closed","ping_status":"closed","sticky":false,"template":"","format":"standard","meta":{"ngg_post_thumbnail":0,"footnotes":""},"categories":[136,137],"tags":[],"class_list":["post-108322","post","type-post","status-publish","format-standard","has-post-thumbnail","hentry","category-grad-slatina","category-naslovnica"],"_links":{"self":[{"href":"https:\/\/www.slatina.hr\/portal\/wp-json\/wp\/v2\/posts\/108322","targetHints":{"allow":["GET"]}}],"collection":[{"href":"https:\/\/www.slatina.hr\/portal\/wp-json\/wp\/v2\/posts"}],"about":[{"href":"https:\/\/www.slatina.hr\/portal\/wp-json\/wp\/v2\/types\/post"}],"author":[{"embeddable":true,"href":"https:\/\/www.slatina.hr\/portal\/wp-json\/wp\/v2\/users\/5"}],"replies":[{"embeddable":true,"href":"https:\/\/www.slatina.hr\/portal\/wp-json\/wp\/v2\/comments?post=108322"}],"version-history":[{"count":2,"href":"https:\/\/www.slatina.hr\/portal\/wp-json\/wp\/v2\/posts\/108322\/revisions"}],"predecessor-version":[{"id":108330,"href":"https:\/\/www.slatina.hr\/portal\/wp-json\/wp\/v2\/posts\/108322\/revisions\/108330"}],"wp:featuredmedia":[{"embeddable":true,"href":"https:\/\/www.slatina.hr\/portal\/wp-json\/wp\/v2\/media\/108328"}],"wp:attachment":[{"href":"https:\/\/www.slatina.hr\/portal\/wp-json\/wp\/v2\/media?parent=108322"}],"wp:term":[{"taxonomy":"category","embeddable":true,"href":"https:\/\/www.slatina.hr\/portal\/wp-json\/wp\/v2\/categories?post=108322"},{"taxonomy":"post_tag","embeddable":true,"href":"https:\/\/www.slatina.hr\/portal\/wp-json\/wp\/v2\/tags?post=108322"}],"curies":[{"name":"wp","href":"https:\/\/api.w.org\/{rel}","templated":true}]}}