{"id":108224,"date":"2021-09-23T13:34:18","date_gmt":"2021-09-23T11:34:18","guid":{"rendered":"https:\/\/www.slatina.hr\/portal\/?p=108224"},"modified":"2021-09-23T13:34:18","modified_gmt":"2021-09-23T11:34:18","slug":"27-rujna-u-slatinskom-kinu-promocija-knjige-almanah-slatinske-kinematografije-i-filma-kino-su-ljudi-100-godina-o-nama","status":"publish","type":"post","link":"https:\/\/www.slatina.hr\/portal\/27-rujna-u-slatinskom-kinu-promocija-knjige-almanah-slatinske-kinematografije-i-filma-kino-su-ljudi-100-godina-o-nama\/","title":{"rendered":"27. rujna u slatinskom kinu promocija knjige \u201eAlmanah slatinske kinematografije\u201c i filma \u201eKino su ljudi, 100 godina o nama\u201c"},"content":{"rendered":"<p>Nakon \u0161to je Slatina pro\u0161le godine proslavila 100. obljetnicu prikazivanja filmova na slatinskom podru\u010dju, Pu\u010dko otvoreno u\u010dili\u0161te Slatina ove je godine objavilo knjigu \u201eAlmanah slatinske kinematografije\u201c autora Olivera Juki\u0107a i Danijele Fabric Fabijanac.<\/p>\n<p>Rije\u010d je o knjizi kojom su autori \u201ekroz tekst, dijelove izvje\u0161\u0107a o radu i slike nastojali do\u010darati zna\u010denje kina nekada i sada\u201c.<\/p>\n<p>Sve\u010danost na kojoj \u0107e se javnosti predstaviti knjiga \u201eAlmanah slatinske kinematografije\u201c bit \u0107e uprili\u010dena u ponedjeljak, 27. rujna u kinodvorani Pu\u010dkog otvorenog u\u010dili\u0161ta u Slatini s po\u010detkom u 20 sati.<\/p>\n<p>Nakon promocije knjige i filma \u201eKino su ljudi, 100 godina o nama\u201c, bit \u0107e uprili\u010dena projekcija filma \u201eDru\u0161tvo mrtvih pjesnika\u201c iz 1989. godine.<br \/>\n(mf\/Izvor: POU Slatina)<\/p>\n<p><img loading=\"lazy\" decoding=\"async\" class=\"alignnone size-full wp-image-220131\" src=\"https:\/\/www.radioslatina.hr\/wp-content\/uploads\/2021\/09\/IMG-66ad58f8c71181fd480ff18285f3579c-V.jpg\" sizes=\"auto, (max-width: 1265px) 100vw, 1265px\" srcset=\"https:\/\/www.radioslatina.hr\/wp-content\/uploads\/2021\/09\/IMG-66ad58f8c71181fd480ff18285f3579c-V.jpg 1265w, https:\/\/www.radioslatina.hr\/wp-content\/uploads\/2021\/09\/IMG-66ad58f8c71181fd480ff18285f3579c-V-768x971.jpg 768w, https:\/\/www.radioslatina.hr\/wp-content\/uploads\/2021\/09\/IMG-66ad58f8c71181fd480ff18285f3579c-V-1214x1536.jpg 1214w\" alt=\"\" width=\"1265\" height=\"1600\"><\/p>\n","protected":false},"excerpt":{"rendered":"<p>Nakon \u0161to je Slatina pro\u0161le godine proslavila 100. obljetnicu prikazivanja filmova na slatinskom podru\u010dju, Pu\u010dko otvoreno u\u010dili\u0161te Slatina ove je godine objavilo knjigu \u201eAlmanah slatinske<span class=\"excerpt-hellip\"> [\u2026]<\/span><\/p>\n","protected":false},"author":5,"featured_media":108225,"comment_status":"closed","ping_status":"closed","sticky":false,"template":"","format":"standard","meta":{"ngg_post_thumbnail":0,"footnotes":""},"categories":[136,137],"tags":[],"class_list":["post-108224","post","type-post","status-publish","format-standard","has-post-thumbnail","hentry","category-grad-slatina","category-naslovnica"],"_links":{"self":[{"href":"https:\/\/www.slatina.hr\/portal\/wp-json\/wp\/v2\/posts\/108224","targetHints":{"allow":["GET"]}}],"collection":[{"href":"https:\/\/www.slatina.hr\/portal\/wp-json\/wp\/v2\/posts"}],"about":[{"href":"https:\/\/www.slatina.hr\/portal\/wp-json\/wp\/v2\/types\/post"}],"author":[{"embeddable":true,"href":"https:\/\/www.slatina.hr\/portal\/wp-json\/wp\/v2\/users\/5"}],"replies":[{"embeddable":true,"href":"https:\/\/www.slatina.hr\/portal\/wp-json\/wp\/v2\/comments?post=108224"}],"version-history":[{"count":1,"href":"https:\/\/www.slatina.hr\/portal\/wp-json\/wp\/v2\/posts\/108224\/revisions"}],"predecessor-version":[{"id":108226,"href":"https:\/\/www.slatina.hr\/portal\/wp-json\/wp\/v2\/posts\/108224\/revisions\/108226"}],"wp:featuredmedia":[{"embeddable":true,"href":"https:\/\/www.slatina.hr\/portal\/wp-json\/wp\/v2\/media\/108225"}],"wp:attachment":[{"href":"https:\/\/www.slatina.hr\/portal\/wp-json\/wp\/v2\/media?parent=108224"}],"wp:term":[{"taxonomy":"category","embeddable":true,"href":"https:\/\/www.slatina.hr\/portal\/wp-json\/wp\/v2\/categories?post=108224"},{"taxonomy":"post_tag","embeddable":true,"href":"https:\/\/www.slatina.hr\/portal\/wp-json\/wp\/v2\/tags?post=108224"}],"curies":[{"name":"wp","href":"https:\/\/api.w.org\/{rel}","templated":true}]}}