{"id":108158,"date":"2021-09-23T09:50:54","date_gmt":"2021-09-23T07:50:54","guid":{"rendered":"https:\/\/www.slatina.hr\/portal\/?p=108158"},"modified":"2021-09-23T09:52:29","modified_gmt":"2021-09-23T07:52:29","slug":"najpoznatiji-istarski-ples-balun-u-srcu-slatine-zaplesala-i-dika","status":"publish","type":"post","link":"https:\/\/www.slatina.hr\/portal\/najpoznatiji-istarski-ples-balun-u-srcu-slatine-zaplesala-i-dika\/","title":{"rendered":"Najpoznatiji istarski ples balun, u srcu Slatine zaplesala i \u201eDika\u201c"},"content":{"rendered":"<p>Na ideju Vlatka Mo\u017eara, predsjednika i voditelja Folklornog dru\u0161tva \u201eUmag\u201c pokrenut je projekt \u201eBalunom kroz Europu\u201c kojemu je prvotni cilj bio promovirati ovo Dru\u0161tvo i najpoznatiji istarski ples balun no ubrzo je ta ideja prerasla u ne\u0161to puno vi\u0161e.<br \/>\nNaime, ideja je bila biciklom \u201espojiti\u201c oko 30 folklornih dru\u0161tava iz 5 dr\u017eava: Hrvatske, Rumunjske, Bosne i Hercegovine, Srbije, Rumunjske i Slovenije, gdje bi po jedna \u010dlanica folklornog dru\u0161tva u izvornoj narodnoj no\u0161nji svoga kraja otplesala po jedan korak baluna s Vlatkom Mo\u017earom u istarskoj narodnoj no\u0161nji, \u0161to \u0107e biti snimljeno kamerom te \u0107e se na kraju sve povezati i montirati u veliku video koreografiju.<\/p>\n<p>&nbsp;\u2013 Kada smo iz Umaga krenuli s projektom u koji se prvotno uklju\u010dilo 20 dru\u0161tava, vijest se ubrzo pro\u0161irila dru\u0161tvenim mre\u017eama budu\u0107i da se cijelo vrijeme bicikliranja moglo pratiti preko \u201elive strema\u201c, priklju\u010dilo nam ih se jo\u0161 toliko tako da \u0107emo ovu folklornu pri\u010du, koja vjerujem jo\u0161 do sada nikada nije napravljena u ovom smislu, zaokru\u017eiti s 40 dru\u0161tava, odnosno 40 prekrasnih folklora\u0161ica koje su se zaista iskazale u na\u0161em najpoznatijem istarskom plesu.<\/p>\n<p>Me\u0111unarodni projekt \u201eBalun\u201c je prije svega zami\u0161ljen da sportom i folklorom, kao u kakvom kolu, pove\u017eemo \u0161to vi\u0161e folklora\u0161a i obi\u010daja od Umaga do Rumunjske te po\u0161aljemo poruku da sport i kultura povezuju razli\u010dite narode i ja\u010daju zdrav duh u \u010dovjeku.<\/p>\n<p>&#8211; Na put smo krenuli 5. rujna, a svoje putovanje zavr\u0161avamo 23. rujna na doma\u0107em terenu u Umagu, \u2013 ispri\u010dao nam je Vlatko Mo\u017ear kojemu je jedna od postaja bila i Slatina gdje je na prostoru EPIcentra Sequoia nekoliko pokreta baluna snimio s \u010dlanicom Hrvatskog kulturno-umjetni\u010dkog dru\u0161tva Dika Slatina Anom Bi\u010dani\u0107.<\/p>\n<p>Kako bi ova cijela pri\u010da bila jo\u0161 specifi\u010dnija Vlatko Mo\u017ear i Danijel Lamu\u0161 uz logisti\u010dku pratnju Ksenije Mikula\u0161, koja je ujedno i snimateljica, odlu\u010dili su se biciklima odvesti od Umaga do Rumunjske koja im je bila prvotni cilj gdje su \u017eeljeli posjetiti rumunjske Hrvate koji kao nacionalna manjina u tim krajevima \u017eive vi\u0161e od 600 godina, ali su nastavili njegovati hrvatski jezik i obi\u010daje iz drevne postojbine u svom folklornom dru\u0161tvu, a s kojima ve\u0107 imaju odli\u010dnu suradnju te su im postali partner i na ovom projektu.<\/p>\n<p>\u2013 Biciklirali smo preko tisu\u0107u kilometara, da je bilo lako, nije, ali jesmo li to ostvarili, jesmo, i drago mi je da smo u tome uspjeli, no ostatak rute smo nastavili s kombijem. Ono \u0161to je dodatna posebnost ovoga projekta i ono \u0161to me ispunjava je njegov humanitarni aspekt. Naime, u Vukovaru i Slavonskom Brodu, od kuda sam ina\u010de rodom, napravili smo humanitarne akcije. Tako smo u Brodu pomogli jednu ustanovu za djecu bez roditelja, te smo im uz sponzorstvo Trgova\u010dkog lanca Lidl, donirali odje\u0107u i prehrambene potrep\u0161tine, dok smo u Vukovaru na isti na\u010din, te uz odre\u0111ena nov\u010dana sredstva pomogli jednu gospo\u0111u sa \u0161estero djece koja je nakon \u0161to joj je prije dva mjeseca suprug preminuo, ostala samo na dje\u010djem doplatku. I to je ono \u0161to me doista ispunjava, ta dje\u010dja radost u nekoliko zajedni\u010dkih trenutaka, i to mi je nit vodilja za daljnje projekte, \u2013 rekao je Mo\u017ear te istaknuo kako je u Rumunjskoj ujedno imao i promociju svoje knjige \u201eSjetite se za\u0161to ste po\u010deli\u201c, a u kojoj prva re\u010denica glasi \u201eBudite dobri bez razloga.\u201c.<\/p>\n<p>Dodao je kako su ovu pri\u010du \u017eeljeli u\u010diniti jo\u0161 zanimljivijom:<\/p>\n<p>\u2013 U svakom mjestu ostali \u010dlanovi folklornih dru\u0161tava u civilu su s nama otplesali nekoliko pokreta na popularnu dance glazbu poput Dancing monkeys ili Love not war, \u0161to se tako\u0111er snimalo i u kona\u010dnici \u0107e se pretvoriti u jednu veliku plesnu koreografiju koja \u0107e isto tako u dogledno vrijeme biti dostupna na dru\u0161tvenim mre\u017eama i bit \u0107e jedna lijepa promocija svih mjesta koja smo u sklopu ovoga projekta posjetili. Do tada \u0107e se nekoliko YouTube filmova s ovog putovanja mo\u0107i pogledati na mom kanalu, \u2013 dodao je Mo\u017ear s kojim su u Slatini osim \u010dlanova Dike zaplesali i u\u010denici 3. i 4. razreda slatinskih osnovnih \u0161kola Eugena Kumi\u010di\u0107a i Josipa Kozarca.<\/p>\n<p>\u2013&nbsp; Ovom prilikom moram pohvaliti Anu Bi\u010dani\u0107 koja je vrlo brzo i kvalitetno \u201epohvatala\u201c korake na\u0161eg baluna i odradila snimanje vrhunski, \u2013 zaklju\u010dio je Mo\u017ear te se zahvalio slatinskoj Diki na sudjelovanju u ovom velikom projektu.<\/p>\n<p>\u2013 Drago mi je \u0161to je Dika tako\u0111er sudjelovala u ovom projektu te je bila jedan od 40 folklornih dru\u0161tava koja su se uklju\u010dila u ovaj lijepi doga\u0111aj koji \u0107e na svojevrstan na\u010din promovirati na\u0161 KUD i na\u0161u lijepu Slatinu, \u2013 istaknula je Ana Bi\u010dani\u0107.<\/p>\n<p>Na kraju se u ime HKUD-a Dika Marica Brezec zahvalila na potpori Gradu Slatini i Turisti\u010dkoj zajednici Grada Slatine, kao i slatinskim osnovnim \u0161kolama Eugena Kumi\u010di\u0107a i Josipa Kozarca.<\/p>\n<p>\u2013 Uz veliku podr\u0161ku Grada Slatine i na\u0161a Turisti\u010dka zajednica se uklju\u010duje i poma\u017ee oko gotovo svih na\u0161ih projekata i na tome im veliko hvala, a svaka \u010dast i u\u010diteljicama i ravnateljicama na\u0161ih osnovnih \u0161kola koje su uveli\u010dale ovaj doga\u0111aj te dovele u\u010denike koji su se vrlo aktivno uklju\u010dili u ovaj projekt, te zajedno s nama zaplesali. Stoga se nadam da \u0107e se jednog dana priklju\u010diti radu na\u0161e Dike, a mo\u017eda uskoro i postati folklora\u0161i dje\u010dje skupine koja \u0107e se ponovno pokrenuti \u010dim to uvjeti s obzirom na Covid dozvole, \u2013 istaknula je Marica Brezec.<br \/>\n(www.radioslatina.hr)<\/p>\nngg_shortcode_0_placeholder\n","protected":false},"excerpt":{"rendered":"<p>Na ideju Vlatka Mo\u017eara, predsjednika i voditelja Folklornog dru\u0161tva \u201eUmag\u201c pokrenut je projekt \u201eBalunom kroz Europu\u201c kojemu je prvotni cilj bio promovirati ovo Dru\u0161tvo i<span class=\"excerpt-hellip\"> [\u2026]<\/span><\/p>\n","protected":false},"author":5,"featured_media":108205,"comment_status":"closed","ping_status":"closed","sticky":false,"template":"","format":"standard","meta":{"ngg_post_thumbnail":0,"footnotes":""},"categories":[137,139],"tags":[],"class_list":["post-108158","post","type-post","status-publish","format-standard","has-post-thumbnail","hentry","category-naslovnica","category-sport-kultura-i-udruge"],"_links":{"self":[{"href":"https:\/\/www.slatina.hr\/portal\/wp-json\/wp\/v2\/posts\/108158","targetHints":{"allow":["GET"]}}],"collection":[{"href":"https:\/\/www.slatina.hr\/portal\/wp-json\/wp\/v2\/posts"}],"about":[{"href":"https:\/\/www.slatina.hr\/portal\/wp-json\/wp\/v2\/types\/post"}],"author":[{"embeddable":true,"href":"https:\/\/www.slatina.hr\/portal\/wp-json\/wp\/v2\/users\/5"}],"replies":[{"embeddable":true,"href":"https:\/\/www.slatina.hr\/portal\/wp-json\/wp\/v2\/comments?post=108158"}],"version-history":[{"count":2,"href":"https:\/\/www.slatina.hr\/portal\/wp-json\/wp\/v2\/posts\/108158\/revisions"}],"predecessor-version":[{"id":108207,"href":"https:\/\/www.slatina.hr\/portal\/wp-json\/wp\/v2\/posts\/108158\/revisions\/108207"}],"wp:featuredmedia":[{"embeddable":true,"href":"https:\/\/www.slatina.hr\/portal\/wp-json\/wp\/v2\/media\/108205"}],"wp:attachment":[{"href":"https:\/\/www.slatina.hr\/portal\/wp-json\/wp\/v2\/media?parent=108158"}],"wp:term":[{"taxonomy":"category","embeddable":true,"href":"https:\/\/www.slatina.hr\/portal\/wp-json\/wp\/v2\/categories?post=108158"},{"taxonomy":"post_tag","embeddable":true,"href":"https:\/\/www.slatina.hr\/portal\/wp-json\/wp\/v2\/tags?post=108158"}],"curies":[{"name":"wp","href":"https:\/\/api.w.org\/{rel}","templated":true}]}}