{"id":107970,"date":"2021-09-10T09:40:15","date_gmt":"2021-09-10T07:40:15","guid":{"rendered":"https:\/\/www.slatina.hr\/portal\/?p=107970"},"modified":"2021-09-10T09:40:15","modified_gmt":"2021-09-10T07:40:15","slug":"prvi-digitalni-popis-stanovnistva-u-rh-putem-sustava-e-gradani-bit-ce-omoguceno-samopopisivanje","status":"publish","type":"post","link":"https:\/\/www.slatina.hr\/portal\/prvi-digitalni-popis-stanovnistva-u-rh-putem-sustava-e-gradani-bit-ce-omoguceno-samopopisivanje\/","title":{"rendered":"PRVI DIGITALNI POPIS STANOVNI\u0160TVA U RH: Putem sustava e-Gra\u0111ani bit \u0107e omogu\u0107eno samopopisivanje!"},"content":{"rendered":"<div class=\"background-overlay\">\n<div id=\"tie-container\" class=\"site tie-container\">\n<div id=\"tie-wrapper\">\n<div id=\"content\" class=\"site-content container\">\n<div id=\"main-content-row\" class=\"tie-row main-content-row\">\n<div class=\"main-content tie-col-md-8 tie-col-xs-12\" role=\"main\">\n<article id=\"the-post\" class=\"container-wrapper post-content tie-standard\">\n<div class=\"entry-content entry clearfix\">\n<p><strong><em>U prvoj fazi popisivanja, od 13. do 26. rujna 2021., gra\u0111ani \u0107e kroz elektroni\u010dki sustav e-Gra\u0111ani mo\u0107i samostalno popisati sebe i \u010dlanove svog ku\u0107anstva!<br \/>\n<\/em><\/strong><\/p>\n<hr>\n<p><img loading=\"lazy\" decoding=\"async\" class=\"size-full wp-image-218904 aligncenter\" src=\"https:\/\/www.radioslatina.hr\/wp-content\/uploads\/2021\/09\/stvorimo-zajedno-sliku-Hrvatske.jpg\" sizes=\"auto, (max-width: 1056px) 100vw, 1056px\" srcset=\"https:\/\/www.radioslatina.hr\/wp-content\/uploads\/2021\/09\/stvorimo-zajedno-sliku-Hrvatske.jpg 1056w, https:\/\/www.radioslatina.hr\/wp-content\/uploads\/2021\/09\/stvorimo-zajedno-sliku-Hrvatske-768x663.jpg 768w\" alt=\"\" width=\"1056\" height=\"912\"><\/p>\n<p>Dr\u017eavni zavod za statistiku provest \u0107e&nbsp;<strong>prvi digitalni Popis stanovni\u0161tva, ku\u0107anstava i stanova u Republici Hrvatskoj 2021.<\/strong>, a popisivanje \u0107e se provoditi od&nbsp;<strong>13. rujna do 17. listopada<\/strong>. Popis stanovni\u0161tva, kao najslo\u017eenije i najopse\u017enije statisti\u010dko istra\u017eivanje, od iznimnog je zna\u010daja za Republiku Hrvatsku, a provodit \u0107e se u dvije faze i na dva na\u010dina. U prvoj fazi,&nbsp;<strong>od 13. do 26. rujna 2021., gra\u0111ani \u0107e se mo\u0107i&nbsp;samostalno&nbsp;popisati kroz elektroni\u010dki sustav e-Gra\u0111ani.<\/strong><\/p>\n<p>U drugoj fazi, od 27. rujna do 17. listopada, popisiva\u010di na terenu popisivat \u0107e sve popisne jedinice, koje nisu popisane u prvoj fazi Popisa, putem osobnog intervjua sa stanovni\u0161tvom.<\/p>\n<p>S ciljem \u0161to ve\u0107e uklju\u010denosti stanovni\u0161tva te smanjenja fizi\u010dkog kontakta, gra\u0111ani mogu iskoristiti &nbsp;mogu\u0107nost samopopisivanja sebe i svih \u010dlanova svoga ku\u0107anstva putem sustava e-Gra\u0111ani od 13. do 26. rujna u prvom digitalnom Popisu stanovni\u0161tva. Vi\u0161e informacija dostupno je na&nbsp;<a href=\"http:\/\/www.popis2021.hr\/\" target=\"_blank\" rel=\"noopener\">www.popis2021.hr<\/a>.<br \/>\n(www.radioslatina.hr)<\/p>\n<p><strong>STVORIMO ZAJEDNO SLIKU HRVATSKE!<\/strong><\/p>\n<p><a href=\"https:\/\/www.slatina.hr\/portal\/wp-content\/uploads\/2021\/09\/samopopisivanje.pdf\">samopopisivanje<\/a><\/p>\n<div class=\"pdfemb-viewer\">\n<div class=\"pdfemb-pagescontainer grab-to-pan-grab\">\n<div class=\"pdfemb-inner-div pdfemb-page1\">&nbsp;<\/div>\n<\/div>\n<\/div>\n<p><img loading=\"lazy\" decoding=\"async\" class=\"alignnone size-full wp-image-218903\" src=\"https:\/\/www.radioslatina.hr\/wp-content\/uploads\/2021\/09\/Kod-1.png\" sizes=\"auto, (max-width: 985px) 100vw, 985px\" srcset=\"https:\/\/www.radioslatina.hr\/wp-content\/uploads\/2021\/09\/Kod-1.png 985w, https:\/\/www.radioslatina.hr\/wp-content\/uploads\/2021\/09\/Kod-1-768x398.png 768w\" alt=\"\" width=\"985\" height=\"510\"><\/p>\n<p><img loading=\"lazy\" decoding=\"async\" class=\"alignnone size-full wp-image-218905\" src=\"https:\/\/www.radioslatina.hr\/wp-content\/uploads\/2021\/09\/popis_banner-3_768x768.jpg\" alt=\"\" width=\"768\" height=\"768\"><\/p>\n<p><img loading=\"lazy\" decoding=\"async\" class=\"alignnone size-full wp-image-218906\" src=\"https:\/\/www.radioslatina.hr\/wp-content\/uploads\/2021\/09\/popis_banner-1_768x768.jpg\" alt=\"\" width=\"768\" height=\"768\"><\/p>\n<p>&nbsp;<\/p>\n<div class=\"stream-item stream-item-below-post-content\"><a title=\"\" href=\"https:\/\/www.radioslatina.hr\/marketing-2\/\" target=\"_blank\" rel=\"noopener\"><img loading=\"lazy\" decoding=\"async\" src=\"https:\/\/www.radioslatina.hr\/wp-content\/uploads\/2021\/02\/banner-horizontalni-B2.jpg\" alt=\"\" width=\"1170\" height=\"230\"><\/a><\/div>\n<\/div>\n<div class=\"clearfix\">&nbsp;<\/div>\n<div id=\"share-buttons-bottom\" class=\"share-buttons share-buttons-bottom\">\n<div class=\"share-links  icons-only\"><a class=\"facebook-share-btn \" title=\"Facebook\" href=\"https:\/\/www.facebook.com\/sharer.php?u=https:\/\/www.radioslatina.hr\/prvi-digitalni-popis-stanovnistva-u-rh-putem-sustava-e-gradani-bit-ce-omoguceno-samopopisivanje\/\" target=\"_blank\" rel=\"external noopener nofollow\" data-raw=\"https:\/\/www.facebook.com\/sharer.php?u={post_link}\"><span class=\"screen-reader-text\">Facebook<\/span><\/a>&nbsp;<a class=\"twitter-share-btn \" title=\"Twitter\" href=\"https:\/\/twitter.com\/intent\/tweet?text=PRVI%20DIGITALNI%20POPIS%20STANOVNI%C5%A0TVA%20U%20RH%3A%20Putem%20sustava%20e-Gra%C4%91ani%20bit%20%C4%87e%20omogu%C4%87eno%20samopopisivanje%21&amp;url=https:\/\/www.radioslatina.hr\/prvi-digitalni-popis-stanovnistva-u-rh-putem-sustava-e-gradani-bit-ce-omoguceno-samopopisivanje\/\" target=\"_blank\" rel=\"external noopener nofollow\" data-raw=\"https:\/\/twitter.com\/intent\/tweet?text={post_title}&amp;url={post_link}\"><span class=\"screen-reader-text\">Twitter<\/span><\/a>&nbsp;<a class=\"linkedin-share-btn \" title=\"LinkedIn\" href=\"https:\/\/www.linkedin.com\/shareArticle?mini=true&amp;url=https:\/\/www.radioslatina.hr\/prvi-digitalni-popis-stanovnistva-u-rh-putem-sustava-e-gradani-bit-ce-omoguceno-samopopisivanje\/&amp;title=PRVI%20DIGITALNI%20POPIS%20STANOVNI%C5%A0TVA%20U%20RH%3A%20Putem%20sustava%20e-Gra%C4%91ani%20bit%20%C4%87e%20omogu%C4%87eno%20samopopisivanje%21\" target=\"_blank\" rel=\"external noopener nofollow\" data-raw=\"https:\/\/www.linkedin.com\/shareArticle?mini=true&amp;url={post_full_link}&amp;title={post_title}\"><span class=\"screen-reader-text\">LinkedIn<\/span><\/a>&nbsp;<a class=\"tumblr-share-btn \" title=\"Tumblr\" href=\"https:\/\/www.tumblr.com\/share\/link?url=https:\/\/www.radioslatina.hr\/prvi-digitalni-popis-stanovnistva-u-rh-putem-sustava-e-gradani-bit-ce-omoguceno-samopopisivanje\/&amp;name=PRVI%20DIGITALNI%20POPIS%20STANOVNI%C5%A0TVA%20U%20RH%3A%20Putem%20sustava%20e-Gra%C4%91ani%20bit%20%C4%87e%20omogu%C4%87eno%20samopopisivanje%21\" target=\"_blank\" rel=\"external noopener nofollow\" data-raw=\"https:\/\/www.tumblr.com\/share\/link?url={post_link}&amp;name={post_title}\"><span class=\"screen-reader-text\">Tumblr<\/span><\/a>&nbsp;<a class=\"pinterest-share-btn \" title=\"Pinterest\" href=\"https:\/\/pinterest.com\/pin\/create\/button\/?url=https:\/\/www.radioslatina.hr\/prvi-digitalni-popis-stanovnistva-u-rh-putem-sustava-e-gradani-bit-ce-omoguceno-samopopisivanje\/&amp;description=PRVI%20DIGITALNI%20POPIS%20STANOVNI%C5%A0TVA%20U%20RH%3A%20Putem%20sustava%20e-Gra%C4%91ani%20bit%20%C4%87e%20omogu%C4%87eno%20samopopisivanje%21&amp;media=https:\/\/www.radioslatina.hr\/wp-content\/uploads\/2021\/09\/samopopisivanje_1022x768.jpg\" target=\"_blank\" rel=\"external noopener nofollow\" data-raw=\"https:\/\/pinterest.com\/pin\/create\/button\/?url={post_link}&amp;description={post_title}&amp;media={post_img}\"><span class=\"screen-reader-text\">Pinterest<\/span><\/a>&nbsp;<a class=\"reddit-share-btn \" title=\"Reddit\" href=\"https:\/\/reddit.com\/submit?url=https:\/\/www.radioslatina.hr\/prvi-digitalni-popis-stanovnistva-u-rh-putem-sustava-e-gradani-bit-ce-omoguceno-samopopisivanje\/&amp;title=PRVI%20DIGITALNI%20POPIS%20STANOVNI%C5%A0TVA%20U%20RH%3A%20Putem%20sustava%20e-Gra%C4%91ani%20bit%20%C4%87e%20omogu%C4%87eno%20samopopisivanje%21\" target=\"_blank\" rel=\"external noopener nofollow\" data-raw=\"https:\/\/reddit.com\/submit?url={post_link}&amp;title={post_title}\"><span class=\"screen-reader-text\">Reddit<\/span><\/a>&nbsp;<a class=\"vk-share-btn \" title=\"VKontakte\" href=\"https:\/\/vk.com\/share.php?url=https:\/\/www.radioslatina.hr\/prvi-digitalni-popis-stanovnistva-u-rh-putem-sustava-e-gradani-bit-ce-omoguceno-samopopisivanje\/\" target=\"_blank\" rel=\"external noopener nofollow\" data-raw=\"https:\/\/vk.com\/share.php?url={post_link}\"><span class=\"screen-reader-text\">VKontakte<\/span><\/a>&nbsp;<a class=\"messenger-desktop-share-btn messenger-share-btn \" title=\"Messenger\" href=\"https:\/\/www.facebook.com\/dialog\/send?app_id=5303202981&amp;display=popup&amp;link=https:\/\/www.radioslatina.hr\/prvi-digitalni-popis-stanovnistva-u-rh-putem-sustava-e-gradani-bit-ce-omoguceno-samopopisivanje\/&amp;redirect_uri=https:\/\/www.radioslatina.hr\/prvi-digitalni-popis-stanovnistva-u-rh-putem-sustava-e-gradani-bit-ce-omoguceno-samopopisivanje\/\" target=\"_blank\" rel=\"external noopener nofollow\" data-raw=\"https:\/\/www.facebook.com\/dialog\/send?app_id=5303202981&amp;display=popup&amp;link={post_link}&amp;redirect_uri={post_link}\"><span class=\"screen-reader-text\">Messenger<\/span><\/a>&nbsp;<a class=\"email-share-btn \" title=\"Share via Email\" href=\"mailto:?subject=PRVI%20DIGITALNI%20POPIS%20STANOVNI%C5%A0TVA%20U%20RH%3A%20Putem%20sustava%20e-Gra%C4%91ani%20bit%20%C4%87e%20omogu%C4%87eno%20samopopisivanje%21&amp;body=https:\/\/www.radioslatina.hr\/prvi-digitalni-popis-stanovnistva-u-rh-putem-sustava-e-gradani-bit-ce-omoguceno-samopopisivanje\/\" target=\"_blank\" rel=\"external noopener nofollow\" data-raw=\"mailto:?subject={post_title}&amp;body={post_link}\"><span class=\"screen-reader-text\">Share via Email<\/span><\/a>&nbsp;<a class=\"print-share-btn \" title=\"Print\" href=\"https:\/\/www.radioslatina.hr\/prvi-digitalni-popis-stanovnistva-u-rh-putem-sustava-e-gradani-bit-ce-omoguceno-samopopisivanje\/#\" target=\"_blank\" rel=\"external noopener nofollow\" data-raw=\"#\"><span class=\"screen-reader-text\">Print<\/span><\/a><\/div>\n<\/div>\n<\/article>\n<div class=\"post-components\">\n<div id=\"related-posts\" class=\"container-wrapper has-extra-post\">\n<div class=\"mag-box-title the-global-title\">\n<h3>Mo\u017eda \u0107e vas zanimati i &#8230;<\/h3>\n<\/div>\n<div class=\"related-posts-list\">\n<div class=\"related-item tie-standard\"><a class=\"post-thumb\" href=\"https:\/\/www.radioslatina.hr\/udruga-osit-vretenac-slatina-postala-ponosni-nositelj-priznanja-vitez-tolerancije-2022\/\" aria-label=\"Udruga OSIT Vretenac, Slatina postala ponosni nositelj priznanja Vitez tolerancije 2022.\" target=\"_blank\" rel=\"noopener\"><img loading=\"lazy\" decoding=\"async\" class=\"attachment-jannah-image-large size-jannah-image-large wp-post-image\" src=\"https:\/\/www.radioslatina.hr\/wp-content\/uploads\/2021\/09\/naslovna-16-390x220.jpg\" alt=\"\" width=\"390\" height=\"220\"><\/a><\/p>\n<h3 class=\"post-title\"><a href=\"https:\/\/www.radioslatina.hr\/udruga-osit-vretenac-slatina-postala-ponosni-nositelj-priznanja-vitez-tolerancije-2022\/\" target=\"_blank\" rel=\"noopener\">Udruga OSIT Vretenac, Slatina postala ponosni nositelj priznanja Vitez tolerancije 2022.<\/a><\/h3>\n<div class=\"post-meta clearfix\"><span class=\"date meta-item tie-icon\">9. rujna 2021.<\/span><\/div>\n<\/div>\n<div class=\"related-item tie-standard\"><a class=\"post-thumb\" href=\"https:\/\/www.radioslatina.hr\/clanovi-slatinske-hvidr-e-uredili-spomen-obiljezja-poginulih-suboraca-kod-mjesta-stradanja\/\" aria-label=\"\u010clanovi slatinske HVIDR-e uredili spomen obilje\u017eja poginulih suboraca kod mjesta stradanja\" target=\"_blank\" rel=\"noopener\"><img loading=\"lazy\" decoding=\"async\" class=\"attachment-jannah-image-large size-jannah-image-large wp-post-image\" src=\"https:\/\/www.radioslatina.hr\/wp-content\/uploads\/2021\/09\/hVIDRA-11_1024x566-390x220.jpg\" alt=\"\" width=\"390\" height=\"220\"><\/a><\/p>\n<h3 class=\"post-title\"><a href=\"https:\/\/www.radioslatina.hr\/clanovi-slatinske-hvidr-e-uredili-spomen-obiljezja-poginulih-suboraca-kod-mjesta-stradanja\/\" target=\"_blank\" rel=\"noopener\">\u010clanovi slatinske HVIDR-e uredili spomen obilje\u017eja poginulih suboraca kod mjesta stradanja<\/a><\/h3>\n<div class=\"post-meta clearfix\"><span class=\"date meta-item tie-icon\">9. rujna 2021.<\/span><\/div>\n<\/div>\n<div class=\"related-item tie-standard\"><a class=\"post-thumb\" href=\"https:\/\/www.radioslatina.hr\/matica-slovacka-miljevci-poziva-vas-na-14-miljevacke-dane-kukuruza-18-rujna\/\" aria-label=\"Matica slova\u010dka Miljevci poziva vas na 14. miljeva\u010dke dane kukuruza 18. rujna\" target=\"_blank\" rel=\"noopener\"><img loading=\"lazy\" decoding=\"async\" class=\"attachment-jannah-image-large size-jannah-image-large wp-post-image\" src=\"https:\/\/www.radioslatina.hr\/wp-content\/uploads\/2021\/09\/naslovna-39-390x220.jpg\" alt=\"\" width=\"390\" height=\"220\"><\/a><\/p>\n<h3 class=\"post-title\"><a href=\"https:\/\/www.radioslatina.hr\/matica-slovacka-miljevci-poziva-vas-na-14-miljevacke-dane-kukuruza-18-rujna\/\" target=\"_blank\" rel=\"noopener\">Matica slova\u010dka Miljevci poziva vas na 14. miljeva\u010dke dane kukuruza 18. rujna<\/a><\/h3>\n<div class=\"post-meta clearfix\"><span class=\"date meta-item tie-icon\">9. rujna 2021.<\/span><\/div>\n<\/div>\n<\/div>\n<\/div>\n<\/div>\n<\/div>\n<aside class=\"sidebar tie-col-md-4 tie-col-xs-12 normal-side is-sticky is-fixed is-alreay-loaded\" aria-label=\"Primary Sidebar\">\n<div class=\"theiaStickySidebar\">\n<div id=\"facebook-widget-5\" class=\"container-wrapper widget facebook-widget\">\n<div class=\"widget-title the-global-title has-block-head-4\">\n<div class=\"the-subtitle\">PRATITE NAS NA FACEBOOK-u<\/div>\n<\/div>\n<div id=\"fb-root\" class=\" fb_reset\">\n<div>\n<div>&nbsp;<\/div>\n<\/div>\n<\/div>\n<div class=\"fb-page fb_iframe_widget\" data-href=\"http:\/\/www.facebook.com\/radioslatina107.4\" data-hide-cover=\"false\" data-show-facepile=\"false\" data-show-posts=\"false\" data-adapt-container-width=\"true\"><iframe loading=\"lazy\" class=\"\" title=\"fb:page Facebook Social Plugin\" src=\"https:\/\/www.facebook.com\/v3.2\/plugins\/page.php?adapt_container_width=true&amp;app_id=&amp;channel=https%3A%2F%2Fstaticxx.facebook.com%2Fx%2Fconnect%2Fxd_arbiter%2F%3Fversion%3D46%23cb%3Df23dc9a6b435024%26domain%3Dwww.radioslatina.hr%26is_canvas%3Dfalse%26origin%3Dhttps%253A%252F%252Fwww.radioslatina.hr%252Ff3c9c96236a7f1c%26relation%3Dparent.parent&amp;container_width=308&amp;hide_cover=false&amp;href=http%3A%2F%2Fwww.facebook.com%2Fradioslatina107.4&amp;locale=en_US&amp;sdk=joey&amp;show_facepile=false&amp;show_posts=false\" name=\"f1ce92f075259cc\" width=\"1000px\" height=\"1000px\" frameborder=\"0\" scrolling=\"no\" allowfullscreen=\"allowfullscreen\" data-testid=\"fb:page Facebook Social Plugin\" data-mce-fragment=\"1\"><\/iframe><\/div>\n<div class=\"clearfix\">&nbsp;<\/div>\n<\/div>\n<div id=\"social-statistics-3\" class=\"container-wrapper widget social-statistics-widget\">\n<div class=\"widget-title the-global-title has-block-head-4\">\n<div class=\"the-subtitle\">Pratite nas i na:<\/div>\n<\/div>\n<ul class=\"solid-social-icons three-cols Arqam-Lite\">\n<li class=\"social-icons-item\"><a class=\"facebook-social-icon\" href=\"https:\/\/www.facebook.com\/radioslatina107.4\" target=\"_blank\" rel=\"nofollow noopener\"><span class=\"followers\"><span class=\"followers-num\">6.660<\/span><span class=\"followers-name\">Fanova<\/span><\/span><\/a><\/li>\n<li class=\"social-icons-item\"><a class=\"youtube-social-icon\" href=\"https:\/\/youtube.com\/channel\/UC2GrqSEDCTiSGaYZlw02jRw\" target=\"_blank\" rel=\"nofollow noopener\"><span class=\"followers\"><span class=\"followers-num\">346<\/span><span class=\"followers-name\">Pretplatnika<\/span><\/span><\/a><\/li>\n<li class=\"social-icons-item\"><a class=\"instagram-social-icon\" href=\"https:\/\/instagram.com\/radioslatina\" target=\"_blank\" rel=\"nofollow noopener\"><span class=\"followers\"><span class=\"followers-num\">118<\/span><span class=\"followers-name\">Pratitelja<\/span><\/span><\/a><\/li>\n<\/ul>\n<div class=\"clearfix\">&nbsp;<\/div>\n<\/div>\n<div id=\"text-html-widget-32\" class=\"container-wrapper widget text-html\">\n<div class=\"widget-title the-global-title has-block-head-4\">\n<div class=\"the-subtitle\">Gradska razvojna agencija<\/div>\n<\/div>\n<div><a href=\"https:\/\/www.gras.com.hr\/\" target=\"_blank\" rel=\"noopener\"><img loading=\"lazy\" decoding=\"async\" class=\"aligncenter wp-image-192573 size-full\" src=\"https:\/\/www.radioslatina.hr\/wp-content\/uploads\/2020\/08\/GRAS-baner-160px.png\" alt=\"\" width=\"160\" height=\"90\"><\/a><\/div>\n<div class=\"clearfix\">&nbsp;<\/div>\n<\/div>\n<div id=\"tie-weather-widget-4\" class=\"widget tie-weather-widget\">\n<div id=\"tie-weather-slatina-hr\" class=\"weather-wrap is-animated\">\n<div class=\"weather-icon-and-city\">\n<div class=\"weather-icon\">\n<div class=\"icon-cloud\">&nbsp;<\/div>\n<div class=\"icon-cloud-behind\">&nbsp;<\/div>\n<div class=\"icon-basecloud-bg\">&nbsp;<\/div>\n<div class=\"icon-sun-animi\">&nbsp;<\/div>\n<\/div>\n<div class=\"weather-name the-subtitle\">Slatina<\/div>\n<div class=\"weather-desc\">Djelomi\u010dno obla\u010dno<\/div>\n<\/div>\n<p>&nbsp;<\/p>\n<div class=\"weather-todays-stats\">\n<div class=\"weather-current-temp\">15&nbsp;<sup>\u2103<\/sup><\/div>\n<div class=\"weather-more-todays-stats\">\n<div class=\"weather_highlow\">&nbsp;28\u00ba &#8211; 14\u00ba<\/div>\n<div class=\"weather_humidty\">&nbsp;45%<\/div>\n<div class=\"weather_wind\">&nbsp;1.82 km\/h<\/div>\n<\/div>\n<\/div>\n<div class=\"weather-forecast small-weather-icons weather_days_5\">\n<div class=\"weather-forecast-day\">\n<div class=\"weather-icon\">\n<div class=\"icon-cloud\">&nbsp;<\/div>\n<div class=\"icon-cloud-behind\">&nbsp;<\/div>\n<div class=\"icon-basecloud-bg\">&nbsp;<\/div>\n<div class=\"icon-sun-animi\">&nbsp;<\/div>\n<\/div>\n<div class=\"weather-forecast-day-temp\">28<sup>\u2103<\/sup><\/div>\n<div class=\"weather-forecast-day-abbr\">Pet<\/div>\n<\/div>\n<div class=\"weather-forecast-day\">\n<div class=\"weather-icon\">\n<div class=\"icon-sun\">&nbsp;<\/div>\n<\/div>\n<div class=\"weather-forecast-day-temp\">30<sup>\u2103<\/sup><\/div>\n<div class=\"weather-forecast-day-abbr\">Sub<\/div>\n<\/div>\n<div class=\"weather-forecast-day\">\n<div class=\"weather-icon\">\n<div class=\"icon-cloud\">&nbsp;<\/div>\n<div class=\"icon-cloud-behind\">&nbsp;<\/div>\n<div class=\"icon-basecloud-bg\">&nbsp;<\/div>\n<div class=\"icon-sun-animi\">&nbsp;<\/div>\n<\/div>\n<div class=\"weather-forecast-day-temp\">31<sup>\u2103<\/sup><\/div>\n<div class=\"weather-forecast-day-abbr\">Ned<\/div>\n<\/div>\n<div class=\"weather-forecast-day\">\n<div class=\"weather-icon\">\n<div class=\"icon-sun\">&nbsp;<\/div>\n<\/div>\n<div class=\"weather-forecast-day-temp\">31<sup>\u2103<\/sup><\/div>\n<div class=\"weather-forecast-day-abbr\">Pon<\/div>\n<\/div>\n<div class=\"weather-forecast-day\">\n<div class=\"weather-icon\">\n<div class=\"icon-cloud\">&nbsp;<\/div>\n<div class=\"icon-cloud-behind\">&nbsp;<\/div>\n<div class=\"icon-basecloud-bg\">&nbsp;<\/div>\n<div class=\"icon-sun-animi\">&nbsp;<\/div>\n<\/div>\n<div class=\"weather-forecast-day-temp\">32<sup>\u2103<\/sup><\/div>\n<div class=\"weather-forecast-day-abbr\">Uto<\/div>\n<\/div>\n<\/div>\n<\/div>\n<div class=\"clearfix\">&nbsp;<\/div>\n<\/div>\n<div id=\"posts-list-widget-2\" class=\"container-wrapper widget posts-list\">\n<div class=\"widget-title the-global-title has-block-head-4\">\n<div class=\"the-subtitle\">Zadnje objavljeno:<\/div>\n<\/div>\n<div class=\"widget-posts-list-container timeline-widget\" data-current=\"1\" data-query=\"{'number':'5','offset':'','order':'latest','id':''}\" data-style=\"{'style':'timeline'}\">\n<ul class=\"posts-list-items widget-posts-wrapper\">\n<li class=\"widget-single-post-item\"><a href=\"https:\/\/www.radioslatina.hr\/prvi-digitalni-popis-stanovnistva-u-rh-putem-sustava-e-gradani-bit-ce-omoguceno-samopopisivanje\/\" target=\"_blank\" rel=\"noopener\"><span class=\"date meta-item tie-icon\">10. rujna 2021.<\/span><\/a><br \/>\n<h3>PRVI DIGITALNI POPIS STANOVNI\u0160TVA U RH: Putem sustava e-Gra\u0111ani bit \u0107e omogu\u0107eno samopopisivanje!<\/h3>\n<\/li>\n<li class=\"widget-single-post-item\"><a href=\"https:\/\/www.radioslatina.hr\/udruga-osit-vretenac-slatina-postala-ponosni-nositelj-priznanja-vitez-tolerancije-2022\/\" target=\"_blank\" rel=\"noopener\"><span class=\"date meta-item tie-icon\">9. rujna 2021.<\/span><\/a><br \/>\n<h3>Udruga OSIT Vretenac, Slatina postala ponosni nositelj priznanja Vitez tolerancije 2022.<\/h3>\n<\/li>\n<li class=\"widget-single-post-item\"><a href=\"https:\/\/www.radioslatina.hr\/clanovi-slatinske-hvidr-e-uredili-spomen-obiljezja-poginulih-suboraca-kod-mjesta-stradanja\/\" target=\"_blank\" rel=\"noopener\"><span class=\"date meta-item tie-icon\">9. rujna 2021.<\/span><\/a><br \/>\n<h3>\u010clanovi slatinske HVIDR-e uredili spomen obilje\u017eja poginulih suboraca kod mjesta stradanja<\/h3>\n<\/li>\n<li class=\"widget-single-post-item\"><a href=\"https:\/\/www.radioslatina.hr\/matica-slovacka-miljevci-poziva-vas-na-14-miljevacke-dane-kukuruza-18-rujna\/\" target=\"_blank\" rel=\"noopener\"><span class=\"date meta-item tie-icon\">9. rujna 2021.<\/span><\/a><br \/>\n<h3>Matica slova\u010dka Miljevci poziva vas na 14. miljeva\u010dke dane kukuruza 18. rujna<\/h3>\n<\/li>\n<li class=\"widget-single-post-item\"><a href=\"https:\/\/www.radioslatina.hr\/talijanski-drzavljani-uhvaceni-u-protuzakonitom-lovu-na-prepelice\/\" target=\"_blank\" rel=\"noopener\"><span class=\"date meta-item tie-icon\">9. rujna 2021.<\/span><\/a><br \/>\n<h3>Talijanski dr\u017eavljani uhva\u0107eni u protuzakonitom lovu na prepelice<\/h3>\n<\/li>\n<\/ul>\n<\/div>\n<div class=\"widget-pagination-wrapper\">\n<ul class=\"slider-arrow-nav\">\n<li><a class=\"widget-pagination prev-posts pagination-disabled\" href=\"https:\/\/www.radioslatina.hr\/prvi-digitalni-popis-stanovnistva-u-rh-putem-sustava-e-gradani-bit-ce-omoguceno-samopopisivanje\/#\" target=\"_blank\" rel=\"noopener\"><span class=\"screen-reader-text\">Prethodna stranica<\/span><\/a><\/li>\n<li><a class=\"widget-pagination next-posts\" href=\"https:\/\/www.radioslatina.hr\/prvi-digitalni-popis-stanovnistva-u-rh-putem-sustava-e-gradani-bit-ce-omoguceno-samopopisivanje\/#\" target=\"_blank\" rel=\"noopener\"><span class=\"screen-reader-text\">Idu\u0107a stranica<\/span><\/a><\/li>\n<\/ul>\n<\/div>\n<div class=\"clearfix\">&nbsp;<\/div>\n<\/div>\n<div id=\"ngg-images-2\" class=\"container-wrapper widget ngg_images\">\n<div id=\"ngg-webslice\" class=\"hslice\">\n<div class=\"entry-title widget-title the-global-title has-block-head-4\">\n<div class=\"entry-title the-subtitle\">Foto vijesti:<\/div>\n<\/div>\n<div class=\"ngg-widget entry-content\"><a class=\"ngg-simplelightbox\" title=\" \" href=\"https:\/\/www.radioslatina.hr\/wp-content\/gallery\/5-1-2021-3\/134372668_707643143068164_1490867982339858881_n.jpg\" rel=\"c46b8646c9db62d215fd486dcc6ca0cb noopener\" data-image-id=\"628\" target=\"_blank\"><img loading=\"lazy\" decoding=\"async\" title=\"134372668_707643143068164_1490867982339858881_n\" src=\"https:\/\/www.radioslatina.hr\/wp-content\/gallery\/5-1-2021-3\/thumbs\/thumbs_134372668_707643143068164_1490867982339858881_n.jpg\" alt=\"134372668_707643143068164_1490867982339858881_n\" width=\"100\" height=\"75\"><\/a><a class=\"ngg-simplelightbox\" title=\" \" href=\"https:\/\/www.radioslatina.hr\/wp-content\/gallery\/20-1-2021-prije\/IMG_9180_1024x683.JPG\" rel=\"c46b8646c9db62d215fd486dcc6ca0cb noopener\" data-image-id=\"930\" target=\"_blank\"><img loading=\"lazy\" decoding=\"async\" title=\"IMG_9180_1024x683\" src=\"https:\/\/www.radioslatina.hr\/wp-content\/gallery\/20-1-2021-prije\/thumbs\/thumbs_IMG_9180_1024x683.JPG\" alt=\"IMG_9180_1024x683\" width=\"100\" height=\"75\"><\/a><a class=\"ngg-simplelightbox\" title=\" \" href=\"https:\/\/www.radioslatina.hr\/wp-content\/gallery\/5-2-2021-zima\/IMG-7ca92e1fb0cd0866ddc734aee139c7de-V_1024x768.jpg\" rel=\"c46b8646c9db62d215fd486dcc6ca0cb noopener\" data-image-id=\"1264\" target=\"_blank\"><img loading=\"lazy\" decoding=\"async\" title=\"IMG-7ca92e1fb0cd0866ddc734aee139c7de-V_1024x768\" src=\"https:\/\/www.radioslatina.hr\/wp-content\/gallery\/5-2-2021-zima\/thumbs\/thumbs_IMG-7ca92e1fb0cd0866ddc734aee139c7de-V_1024x768.jpg\" alt=\"IMG-7ca92e1fb0cd0866ddc734aee139c7de-V_1024x768\" width=\"100\" height=\"75\"><\/a><a class=\"ngg-simplelightbox\" title=\" \" href=\"https:\/\/www.radioslatina.hr\/wp-content\/gallery\/18-2-2021-jvp\/IMG_4220_1024x683.JPG\" rel=\"c46b8646c9db62d215fd486dcc6ca0cb noopener\" data-image-id=\"1816\" target=\"_blank\"><img loading=\"lazy\" decoding=\"async\" title=\"IMG_4220_1024x683\" src=\"https:\/\/www.radioslatina.hr\/wp-content\/gallery\/18-2-2021-jvp\/thumbs\/thumbs_IMG_4220_1024x683.JPG\" alt=\"IMG_4220_1024x683\" width=\"100\" height=\"75\"><\/a><a class=\"ngg-simplelightbox\" title=\" \" href=\"https:\/\/www.radioslatina.hr\/wp-content\/gallery\/5-3-2021-ck-glina\/gli3_1024x731.jpg\" rel=\"c46b8646c9db62d215fd486dcc6ca0cb noopener\" data-image-id=\"2481\" target=\"_blank\"><img loading=\"lazy\" decoding=\"async\" title=\"gli3_1024x731\" src=\"https:\/\/www.radioslatina.hr\/wp-content\/gallery\/5-3-2021-ck-glina\/thumbs\/thumbs_gli3_1024x731.jpg\" alt=\"gli3_1024x731\" width=\"100\" height=\"75\"><\/a><a class=\"ngg-simplelightbox\" title=\" \" href=\"https:\/\/www.radioslatina.hr\/wp-content\/gallery\/10-5-2021-cijepljenje\/IMG_4320_1024x683.JPG\" rel=\"c46b8646c9db62d215fd486dcc6ca0cb noopener\" data-image-id=\"5492\" target=\"_blank\"><img loading=\"lazy\" decoding=\"async\" title=\"IMG_4320_1024x683\" src=\"https:\/\/www.radioslatina.hr\/wp-content\/gallery\/10-5-2021-cijepljenje\/thumbs\/thumbs_IMG_4320_1024x683.JPG\" alt=\"IMG_4320_1024x683\" width=\"100\" height=\"75\"><\/a><a class=\"ngg-simplelightbox\" title=\" \" href=\"https:\/\/www.radioslatina.hr\/wp-content\/gallery\/28-8-2021-knjiznica\/image0.jpeg\" rel=\"c46b8646c9db62d215fd486dcc6ca0cb noopener\" data-image-id=\"10771\" target=\"_blank\"><img loading=\"lazy\" decoding=\"async\" title=\"image0\" src=\"https:\/\/www.radioslatina.hr\/wp-content\/gallery\/28-8-2021-knjiznica\/thumbs\/thumbs_image0.jpeg\" alt=\"image0\" width=\"100\" height=\"75\"><\/a><a class=\"ngg-simplelightbox\" title=\" \" href=\"https:\/\/www.radioslatina.hr\/wp-content\/gallery\/29-8-2021-gastro-lika\/IMG_7471_1024x683.JPG\" rel=\"c46b8646c9db62d215fd486dcc6ca0cb noopener\" data-image-id=\"11216\" target=\"_blank\"><img loading=\"lazy\" decoding=\"async\" title=\"IMG_7471_1024x683\" src=\"https:\/\/www.radioslatina.hr\/wp-content\/gallery\/29-8-2021-gastro-lika\/thumbs\/thumbs_IMG_7471_1024x683.JPG\" alt=\"IMG_7471_1024x683\" width=\"100\" height=\"75\"><\/a><a class=\"ngg-simplelightbox\" title=\" \" href=\"https:\/\/www.radioslatina.hr\/wp-content\/gallery\/29-07-kino-pod-zvijezdama-potjeh\/IMG_2467_1024x683.JPG\" rel=\"c46b8646c9db62d215fd486dcc6ca0cb noopener\" data-image-id=\"9389\" target=\"_blank\"><img loading=\"lazy\" decoding=\"async\" title=\"IMG_2467_1024x683\" src=\"https:\/\/www.radioslatina.hr\/wp-content\/gallery\/29-07-kino-pod-zvijezdama-potjeh\/thumbs\/thumbs_IMG_2467_1024x683.JPG\" alt=\"IMG_2467_1024x683\" width=\"100\" height=\"75\"><\/a><\/div>\n<\/div>\n<div class=\"clearfix\">&nbsp;<\/div>\n<\/div>\n<\/div>\n<\/aside>\n<\/div>\n<\/div>\n<footer id=\"footer\" class=\"site-footer dark-skin dark-widgetized-area\">\n<div id=\"site-info\" class=\"site-info site-info-layout-2\">\n<div class=\"container\">\n<div class=\"tie-row\">\n<div class=\"tie-col-md-12\">\n<div class=\"copyright-text copyright-text-first\">SIC d.o.o. # Radio Slatina \u00a9 Sva prava za\u0161ti\u0107ena 2021. |&nbsp;<a title=\"Uvjeti kori\u0161tenja radioslatina.hr portala\" href=\"https:\/\/www.radioslatina.hr\/portal\/uvjeti-koristenja-radioslatina-hr-portala\/\" target=\"_blank\" rel=\"noopener\">Uvjeti kori\u0161tenja<\/a><\/div>\n<ul class=\"social-icons\">\n<li class=\"social-icons-item\"><a class=\"social-link facebook-social-icon\" href=\"https:\/\/www.facebook.com\/radioslatina107.4\" target=\"_blank\" rel=\"external noopener nofollow\"><span class=\"screen-reader-text\">Facebook<\/span><\/a><\/li>\n<li class=\"social-icons-item\"><a class=\"social-link youtube-social-icon\" href=\"https:\/\/www.youtube.com\/c\/radioslatinaportal\/videos\" target=\"_blank\" rel=\"external noopener nofollow\"><span class=\"screen-reader-text\">YouTube<\/span><\/a><\/li>\n<li class=\"social-icons-item\"><a class=\"social-link instagram-social-icon\" href=\"https:\/\/www.instagram.com\/radioslatina\/\" target=\"_blank\" rel=\"external noopener nofollow\"><span class=\"screen-reader-text\">Instagram<\/span><\/a><\/li>\n<\/ul>\n<\/div>\n<\/div>\n<\/div>\n<\/div>\n<\/footer>\n<div id=\"share-buttons-sticky\" class=\"share-buttons share-buttons-sticky\">\n<div class=\"share-links  share-left icons-only\"><a class=\"facebook-share-btn \" title=\"Facebook\" href=\"https:\/\/www.facebook.com\/sharer.php?u=https:\/\/www.radioslatina.hr\/prvi-digitalni-popis-stanovnistva-u-rh-putem-sustava-e-gradani-bit-ce-omoguceno-samopopisivanje\/\" target=\"_blank\" rel=\"external noopener nofollow\" data-raw=\"https:\/\/www.facebook.com\/sharer.php?u={post_link}\"><span class=\"screen-reader-text\">Facebook<\/span><\/a>&nbsp;<a class=\"twitter-share-btn \" title=\"Twitter\" href=\"https:\/\/twitter.com\/intent\/tweet?text=PRVI%20DIGITALNI%20POPIS%20STANOVNI%C5%A0TVA%20U%20RH%3A%20Putem%20sustava%20e-Gra%C4%91ani%20bit%20%C4%87e%20omogu%C4%87eno%20samopopisivanje%21&amp;url=https:\/\/www.radioslatina.hr\/prvi-digitalni-popis-stanovnistva-u-rh-putem-sustava-e-gradani-bit-ce-omoguceno-samopopisivanje\/\" target=\"_blank\" rel=\"external noopener nofollow\" data-raw=\"https:\/\/twitter.com\/intent\/tweet?text={post_title}&amp;url={post_link}\"><span class=\"screen-reader-text\">Twitter<\/span><\/a><\/div>\n<\/div>\n<p><a id=\"go-to-top\" class=\"go-to-top-button show-top-button\" href=\"https:\/\/www.radioslatina.hr\/prvi-digitalni-popis-stanovnistva-u-rh-putem-sustava-e-gradani-bit-ce-omoguceno-samopopisivanje\/#go-to-tie-body\" target=\"_blank\" rel=\"noopener\"><span class=\"screen-reader-text\">Back to top button<\/span><\/a><\/div>\n<\/div>\n<\/div>\n<aside id=\"moove_gdpr_cookie_info_bar\" class=\"moove-gdpr-align-center moove-gdpr-dark-scheme gdpr_infobar_postion_bottom\" role=\"note\" aria-label=\"GDPR Cookie Banner\">\n<div class=\"moove-gdpr-info-bar-container\">\n<div class=\"moove-gdpr-info-bar-content\">\n<div class=\"moove-gdpr-cookie-notice\">\n<p>Mi na na\u0161oj web stranici koristimo kola\u010di\u0107e kako bismo vam pru\u017eili&nbsp;<\/p>\n<\/div>\n<\/div>\n<\/div>\n<\/aside>\n","protected":false},"excerpt":{"rendered":"<p>U prvoj fazi popisivanja, od 13. do 26. rujna 2021., gra\u0111ani \u0107e kroz elektroni\u010dki sustav e-Gra\u0111ani mo\u0107i samostalno popisati sebe i \u010dlanove svog ku\u0107anstva! Dr\u017eavni<span class=\"excerpt-hellip\"> [\u2026]<\/span><\/p>\n","protected":false},"author":5,"featured_media":107973,"comment_status":"closed","ping_status":"closed","sticky":false,"template":"","format":"standard","meta":{"ngg_post_thumbnail":0,"footnotes":""},"categories":[136,137],"tags":[],"class_list":["post-107970","post","type-post","status-publish","format-standard","has-post-thumbnail","hentry","category-grad-slatina","category-naslovnica"],"_links":{"self":[{"href":"https:\/\/www.slatina.hr\/portal\/wp-json\/wp\/v2\/posts\/107970","targetHints":{"allow":["GET"]}}],"collection":[{"href":"https:\/\/www.slatina.hr\/portal\/wp-json\/wp\/v2\/posts"}],"about":[{"href":"https:\/\/www.slatina.hr\/portal\/wp-json\/wp\/v2\/types\/post"}],"author":[{"embeddable":true,"href":"https:\/\/www.slatina.hr\/portal\/wp-json\/wp\/v2\/users\/5"}],"replies":[{"embeddable":true,"href":"https:\/\/www.slatina.hr\/portal\/wp-json\/wp\/v2\/comments?post=107970"}],"version-history":[{"count":1,"href":"https:\/\/www.slatina.hr\/portal\/wp-json\/wp\/v2\/posts\/107970\/revisions"}],"predecessor-version":[{"id":107974,"href":"https:\/\/www.slatina.hr\/portal\/wp-json\/wp\/v2\/posts\/107970\/revisions\/107974"}],"wp:featuredmedia":[{"embeddable":true,"href":"https:\/\/www.slatina.hr\/portal\/wp-json\/wp\/v2\/media\/107973"}],"wp:attachment":[{"href":"https:\/\/www.slatina.hr\/portal\/wp-json\/wp\/v2\/media?parent=107970"}],"wp:term":[{"taxonomy":"category","embeddable":true,"href":"https:\/\/www.slatina.hr\/portal\/wp-json\/wp\/v2\/categories?post=107970"},{"taxonomy":"post_tag","embeddable":true,"href":"https:\/\/www.slatina.hr\/portal\/wp-json\/wp\/v2\/tags?post=107970"}],"curies":[{"name":"wp","href":"https:\/\/api.w.org\/{rel}","templated":true}]}}