{"id":107960,"date":"2021-09-08T08:41:15","date_gmt":"2021-09-08T06:41:15","guid":{"rendered":"https:\/\/www.slatina.hr\/portal\/?p=107960"},"modified":"2021-09-08T10:45:28","modified_gmt":"2021-09-08T08:45:28","slug":"jos-jedan-uspjeh-tzg-slatine-hrvatska-posta-prihvatila-prijedlog-za-izdavanje-postanske-marke-s-likom-skladatelja-milka-kelemena","status":"publish","type":"post","link":"https:\/\/www.slatina.hr\/portal\/jos-jedan-uspjeh-tzg-slatine-hrvatska-posta-prihvatila-prijedlog-za-izdavanje-postanske-marke-s-likom-skladatelja-milka-kelemena\/","title":{"rendered":"Jo\u0161 jedan uspjeh TZG Slatine: Hrvatska po\u0161ta prihvatila prijedlog za izdavanje po\u0161tanske marke s likom skladatelja Milka Kelemena"},"content":{"rendered":"<p>Krajem lipnja 2021. godine, Turisti\u010dka zajednica Grada Slatine uputila je prijedlog Povjerenstvu za izbor motiva te grafi\u010dkih i likovnih rje\u0161enja po\u0161tanskih maraka Republike Hrvatske za izdavanje po\u0161tanske marke s likom na\u0161eg sugra\u0111anina Milka Kelemena. U petak je stigao pozitivan odgovor Ureda za korporativni marketing Hrvatske po\u0161te u kojemu je navedeno da je prijedlog usvojen. Izdavanje po\u0161tanske marke s likom skladatelja Milka Kelemena uvrstit \u0107e se u program izdavanja prigodnih po\u0161tanskih maraka i njeno izdanje planirano je u 2024. godini povodom 100. obljetnice maestrovog ro\u0111enja. Izdanje \u0107e biti tiskano u seriji ZNAMENITI HRVATI, \u0161to ne \u010dudi s obzirom da je Milko Kelemen najzna\u010dajniji hrvatski skladatelj avangardne glazbe svjetskog glasa.<\/p>\n<p>\u201ePonosni smo i sretni \u0161to je Povjerenstvo prihvatilo na\u0161 prijedlog. Vjerujemo da \u0107e izdavanje po\u0161tanske marke zna\u010dajno doprinijeti promociji na\u0161e destinacije, odnosno promociji jedne od najva\u017enijih kulturnih manifestacija Viroviti\u010dko-podravske \u017eupanije \u201eDani Milka Kelemena\u201c, a koja se odr\u017eava ve\u0107 27. godina. Maestro Kelemen je uvijek s ponosom isticao Slatinu kao mjesto svog ro\u0111enja o \u010demu svjedo\u010di i njegova bogata donacija Zavi\u010dajnom muzeju Slatina, ali i njegova \u017eelja da se me\u0111unarodni glazbeni festival koji nosi njegovo ime odr\u017eava ba\u0161 u na\u0161em gradu, bez obzira \u0161to je djelovao u sredinama koje su se profilirale kao prijestolnice kulture. Milko Kelemen je definitivno upisao Slatinu na kulturnu kartu Europe i na svima nama je odgovornost da taj potencijal maksimalno iskoristimo. Iskreno se nadamo da \u0107emo u budu\u0107em razdoblju festival staviti u funkciju turizma i gospodarstva te da \u0107e te\u017enje TZG Slatine prepoznati glavni nositelji ovog doga\u0111anja. Zahvaljujemo Hrvatskoj po\u0161ti \u0161to je prepoznala va\u017enost na\u0161eg najpoznatijeg Slatin\u010danina i samim tim otvorila mogu\u0107nosti da proslava velike obljetnice Kelemenova ro\u0111enja, ali i okrugle obljetnice me\u0111unarodnog glazbenog festivala, bude jo\u0161 zna\u010dajnija i bogatija.<br \/>\nOvo je pravi poklon na\u0161em gradu za ro\u0111endan! Hvala Gradu Slatini i predsjedniku TZG Slatine, odnosno gradona\u010delniku Ostro\u0161i\u0107u koji je bitno utjecao na to da kultura u na\u0161em gradu bude jedan od prioriteta jer su ulaganja u kulturno-zabavne manifestacije zaista na zavidnom nivou.\u201c \u2013 rekao je Jurica Bosak, direktor TZG Slatine.<\/p>\n<p>Osim \u0161to je Milko Kelemen bio skladatelj, bio je poznat i kao glazbeni pedagog, pisac, svjetski putnik ali i osniva\u010d, organizator i prvi predsjednik Muzi\u010dkog biennala Zagreb. Vi\u0161e o ovom izvanrednom \u010dovjeku mo\u017eete pro\u010ditati u slu\u017ebenom prijedlogu kojega je TZG Slatine dostavila Povjerenstvu.<br \/>\n(mf\/Izvor: TZG Slatine)<\/p>\n<div class=\"pdfemb-viewer\">\n<div class=\"pdfemb-pagescontainer grab-to-pan-grab\">\n<div class=\"pdfemb-inner-div pdfemb-page1\"><a href=\"https:\/\/www.slatina.hr\/portal\/wp-content\/uploads\/2021\/09\/Prijedlog-za-izdavanje-postanske-marke-Milka-Kelemena.pdf\">Prijedlog za izdavanje po\u0161tanske marke Milka Kelemena<\/a><\/p>\n<\/div>\n<div><a href=\"https:\/\/www.slatina.hr\/portal\/wp-content\/uploads\/2021\/09\/TZGSlatine_odgovor.pdf\">TZGSlatine_odgovor<\/a><\/div>\n<div>\n<img loading=\"lazy\" decoding=\"async\" class=\"alignnone size-full wp-image-107963\" src=\"https:\/\/www.slatina.hr\/portal\/wp-content\/uploads\/2021\/09\/Vizual_kelemen.jpg\" alt=\"\" width=\"1640\" height=\"720\" srcset=\"https:\/\/www.slatina.hr\/portal\/wp-content\/uploads\/2021\/09\/Vizual_kelemen.jpg 1640w, https:\/\/www.slatina.hr\/portal\/wp-content\/uploads\/2021\/09\/Vizual_kelemen-768x337.jpg 768w, https:\/\/www.slatina.hr\/portal\/wp-content\/uploads\/2021\/09\/Vizual_kelemen-1536x674.jpg 1536w, https:\/\/www.slatina.hr\/portal\/wp-content\/uploads\/2021\/09\/Vizual_kelemen-260x114.jpg 260w, https:\/\/www.slatina.hr\/portal\/wp-content\/uploads\/2021\/09\/Vizual_kelemen-50x22.jpg 50w, https:\/\/www.slatina.hr\/portal\/wp-content\/uploads\/2021\/09\/Vizual_kelemen-150x66.jpg 150w, https:\/\/www.slatina.hr\/portal\/wp-content\/uploads\/2021\/09\/Vizual_kelemen-620x272.jpg 620w\" sizes=\"auto, (max-width:767px) 480px, (max-width:1640px) 100vw, 1640px\" \/><\/div>\n<div>&nbsp;<\/div>\n<\/div>\n<\/div>\n","protected":false},"excerpt":{"rendered":"<p>Krajem lipnja 2021. godine, Turisti\u010dka zajednica Grada Slatine uputila je prijedlog Povjerenstvu za izbor motiva te grafi\u010dkih i likovnih rje\u0161enja po\u0161tanskih maraka Republike Hrvatske za<span class=\"excerpt-hellip\"> [\u2026]<\/span><\/p>\n","protected":false},"author":5,"featured_media":107964,"comment_status":"closed","ping_status":"closed","sticky":false,"template":"","format":"standard","meta":{"ngg_post_thumbnail":0,"footnotes":""},"categories":[136,137],"tags":[],"class_list":["post-107960","post","type-post","status-publish","format-standard","has-post-thumbnail","hentry","category-grad-slatina","category-naslovnica"],"_links":{"self":[{"href":"https:\/\/www.slatina.hr\/portal\/wp-json\/wp\/v2\/posts\/107960","targetHints":{"allow":["GET"]}}],"collection":[{"href":"https:\/\/www.slatina.hr\/portal\/wp-json\/wp\/v2\/posts"}],"about":[{"href":"https:\/\/www.slatina.hr\/portal\/wp-json\/wp\/v2\/types\/post"}],"author":[{"embeddable":true,"href":"https:\/\/www.slatina.hr\/portal\/wp-json\/wp\/v2\/users\/5"}],"replies":[{"embeddable":true,"href":"https:\/\/www.slatina.hr\/portal\/wp-json\/wp\/v2\/comments?post=107960"}],"version-history":[{"count":1,"href":"https:\/\/www.slatina.hr\/portal\/wp-json\/wp\/v2\/posts\/107960\/revisions"}],"predecessor-version":[{"id":107965,"href":"https:\/\/www.slatina.hr\/portal\/wp-json\/wp\/v2\/posts\/107960\/revisions\/107965"}],"wp:featuredmedia":[{"embeddable":true,"href":"https:\/\/www.slatina.hr\/portal\/wp-json\/wp\/v2\/media\/107964"}],"wp:attachment":[{"href":"https:\/\/www.slatina.hr\/portal\/wp-json\/wp\/v2\/media?parent=107960"}],"wp:term":[{"taxonomy":"category","embeddable":true,"href":"https:\/\/www.slatina.hr\/portal\/wp-json\/wp\/v2\/categories?post=107960"},{"taxonomy":"post_tag","embeddable":true,"href":"https:\/\/www.slatina.hr\/portal\/wp-json\/wp\/v2\/tags?post=107960"}],"curies":[{"name":"wp","href":"https:\/\/api.w.org\/{rel}","templated":true}]}}