{"id":107936,"date":"2021-09-05T23:09:04","date_gmt":"2021-09-05T21:09:04","guid":{"rendered":"https:\/\/www.slatina.hr\/portal\/?p=107936"},"modified":"2021-09-06T08:58:46","modified_gmt":"2021-09-06T06:58:46","slug":"od-7-9-rujna-dani-turskog-filma-u-slatini","status":"publish","type":"post","link":"https:\/\/www.slatina.hr\/portal\/od-7-9-rujna-dani-turskog-filma-u-slatini\/","title":{"rendered":"Od 7. \u2013 9. rujna Dani turskog filma u Slatini"},"content":{"rendered":"<p>Grad Slatina i Turska agencija za suradnju i koordinaciju (TIKA) pri Veleposlanstvu Republike Turske u Zagrebu nastavljaju svoju uspje\u0161nu suradnju u sklopu koje \u0107e se u Slatini idu\u0107eg tjedna odr\u017eati \u201eDani turskog filma\u201c, a u \u010diju su se organizaciju i ove godine uklju\u010dili Pu\u010dko otvoreno u\u010dili\u0161te Slatina i Hrvatski audiovizualni centar (HAVAC) te Turisti\u010dka zajednica Grada Slatine.<\/p>\n<p>Tako \u0107e se od 7. \u2013 9. rujna u Slatini odr\u017eati \u201eDani turskog filma\u201c koji uklju\u010duju projekcije turskih filmova u slatinskom kinu svake ve\u010deri od 20 sati uz besplatan ulaz za sve posjetitelje.<\/p>\n<p><img loading=\"lazy\" decoding=\"async\" class=\"wp-image-218555 alignleft\" src=\"https:\/\/www.radioslatina.hr\/wp-content\/uploads\/2021\/09\/yunus_emre_enstitasa_logo_beyaz-1-page-001-1.jpg\" alt=\"\" width=\"340\" height=\"340\">Ovogodi\u0161nji \u201eDani turskog filma\u201c obilje\u017eavaju se po drugi put u sklopu proslave Dana grada Slatine. Prva projekcija filmova turske kinematografije odr\u017eana je 2018. godine u sklopu manifestacije \u201eDani turske kulture\u201c, no zbog situacije s koronavirusom ta je tradicija bila stopirana sve do ove godine kada \u0107e u slatinskom kinu u suradnji s Turskim kulturnim centrom Yunus Emre biti prikazana tri turska filma:<\/p>\n<p>7.9.2021. u 20:00 sati \u2013 Unutar obitelji&nbsp;<\/p>\n<p>8.9.2021. u 20:00 sati \u2013 Ma\u0111ioni\u010dar<\/p>\n<p>9.9.2021. u 20:00 sati \u2013 Gazda \u017eeli sretan kraj.<\/p>\n<p>Osim organizacije kulturnih manifestacija Grad Slatina i Turska agencija za suradnju i koordinaciju (TIKA) pri Veleposlanstvu Republike Turske u Zagrebu sura\u0111uju i na podru\u010dju projekata zna\u010dajnih za lokalnu zajednicu.<br \/>\n(mf\/Izvor: Grad Slatina, POU Slatina)<\/p>\n<p><a href=\"https:\/\/www.havc.hr\/\" target=\"_blank\" rel=\"noopener\">https:\/\/www.havc.hr\/<\/a><\/p>\n<p><img loading=\"lazy\" decoding=\"async\" class=\"size-full wp-image-218554 aligncenter\" src=\"https:\/\/www.radioslatina.hr\/wp-content\/uploads\/2021\/09\/80326558_2589091794459879_7721058275612950528_n.jpg\" alt=\"\" width=\"595\" height=\"842\"><\/p>\n","protected":false},"excerpt":{"rendered":"<p>Grad Slatina i Turska agencija za suradnju i koordinaciju (TIKA) pri Veleposlanstvu Republike Turske u Zagrebu nastavljaju svoju uspje\u0161nu suradnju u sklopu koje \u0107e se<span class=\"excerpt-hellip\"> [\u2026]<\/span><\/p>\n","protected":false},"author":5,"featured_media":107937,"comment_status":"closed","ping_status":"closed","sticky":false,"template":"","format":"standard","meta":{"ngg_post_thumbnail":0,"footnotes":""},"categories":[136,137],"tags":[],"class_list":["post-107936","post","type-post","status-publish","format-standard","has-post-thumbnail","hentry","category-grad-slatina","category-naslovnica"],"_links":{"self":[{"href":"https:\/\/www.slatina.hr\/portal\/wp-json\/wp\/v2\/posts\/107936","targetHints":{"allow":["GET"]}}],"collection":[{"href":"https:\/\/www.slatina.hr\/portal\/wp-json\/wp\/v2\/posts"}],"about":[{"href":"https:\/\/www.slatina.hr\/portal\/wp-json\/wp\/v2\/types\/post"}],"author":[{"embeddable":true,"href":"https:\/\/www.slatina.hr\/portal\/wp-json\/wp\/v2\/users\/5"}],"replies":[{"embeddable":true,"href":"https:\/\/www.slatina.hr\/portal\/wp-json\/wp\/v2\/comments?post=107936"}],"version-history":[{"count":3,"href":"https:\/\/www.slatina.hr\/portal\/wp-json\/wp\/v2\/posts\/107936\/revisions"}],"predecessor-version":[{"id":107943,"href":"https:\/\/www.slatina.hr\/portal\/wp-json\/wp\/v2\/posts\/107936\/revisions\/107943"}],"wp:featuredmedia":[{"embeddable":true,"href":"https:\/\/www.slatina.hr\/portal\/wp-json\/wp\/v2\/media\/107937"}],"wp:attachment":[{"href":"https:\/\/www.slatina.hr\/portal\/wp-json\/wp\/v2\/media?parent=107936"}],"wp:term":[{"taxonomy":"category","embeddable":true,"href":"https:\/\/www.slatina.hr\/portal\/wp-json\/wp\/v2\/categories?post=107936"},{"taxonomy":"post_tag","embeddable":true,"href":"https:\/\/www.slatina.hr\/portal\/wp-json\/wp\/v2\/tags?post=107936"}],"curies":[{"name":"wp","href":"https:\/\/api.w.org\/{rel}","templated":true}]}}