{"id":107784,"date":"2021-09-03T20:34:57","date_gmt":"2021-09-03T18:34:57","guid":{"rendered":"https:\/\/www.slatina.hr\/portal\/?p=107784"},"modified":"2021-09-03T20:34:57","modified_gmt":"2021-09-03T18:34:57","slug":"uoci-komemoracije-u-cetekovcu-odana-pocast-zrtvama-na-posljednjim-pocivalistima-u-balincima-mikleusu-novoj-bukovici-i-slatini-2","status":"publish","type":"post","link":"https:\/\/www.slatina.hr\/portal\/uoci-komemoracije-u-cetekovcu-odana-pocast-zrtvama-na-posljednjim-pocivalistima-u-balincima-mikleusu-novoj-bukovici-i-slatini-2\/","title":{"rendered":"Uo\u010di komemoracije u \u010cetekovcu odana po\u010dast \u017ertvama na posljednjim po\u010divali\u0161tima u Balincima, Mikleu\u0161u, Novoj Bukovici i Slatini"},"content":{"rendered":"<p>Sutra 4. rujna 2021. godine odr\u017eat \u0107e se komemoracija \u017ertvama Balinaca, \u010cetekovca i \u010cojluga stradalim u \u010detni\u010dkom teroru izvr\u0161enom 4. rujna 1991. godine. Tog dana na oltar Domovine svoje \u017eivote polo\u017eilo je 24 mje\u0161tana spomenutih naselja, a sveukupno iz Op\u0107ine Mikleu\u0161 \u017eivote je dalo 34 mje\u0161tana.<\/p>\n<p>Sredi\u0161nji komemorativni skup odr\u017eat \u0107e se sutra u \u010cetekovcu na mjesnom groblju s po\u010detkom u 9,05 sati.<\/p>\n<p>Tradicionalno uo\u010di komemoracije u \u010cetekovcu, 3. rujna polaganjem cvije\u0107a i svije\u0107a te molitvom odaje se po\u010dast \u017ertvama na njihovim posljednjim po\u010divali\u0161tima u Balincima, Mikleu\u0161u, Novoj Bukovici i Slatini.<\/p>\n<p>Delegaciji Op\u0107ine Mikleu\u0161 koju je predvodio na\u010delnik Robert Grabar, a u njoj su bile i pro\u010delnica Upravnog odjela Sanja Poljak i djelatnice Tatjana Bosanac i \u017deljka Vrekali\u0107, te op\u0107inski vije\u0107nici Op\u0107ine Mikleu\u0161 Dalibor Lipovac, Mario Lozer i Marija Dubai\u0107 na \u010delu s predsjednikom Miroslavom Lazarom, na groblju u Novoj Bukovici pridru\u017eili su se na\u010delnik Op\u0107ine Nova Bukovica Tomislav Bra\u010dun i djelatnik Op\u0107ine Tomislav Dere\u0161.<\/p>\n<p>Na gradskom groblju u Slatini uz obitelji poginulih \u017ertava masakra i izaslanstva Op\u0107ine Mikleu\u0161 po\u010dast su odali i zamjenik gradona\u010delnika Grada Slatine Ilija Nikoli\u0107 i pro\u010delnik Stru\u010dne slu\u017ebe Krunoslav \u0160arabok.<\/p>\n<p>Molitvu u Balincima, Mikleu\u0161u i Novoj Bukovici predvodio je \u017eupnik \u017dupe Uznesenja Bla\u017eene Djevice Marije Nova Bukovica, vl\u010d. Dejan Ili\u0107, a u Slatini \u017eupnik \u017dupe sv. Josipa, pre\u010d. Dragan Hrgi\u0107.<br \/>\nPotom je u crkvi sv. Terezije Avilske u Mikleu\u0161u slu\u017eena sveta misa za sve poginule hrvatske branitelje i \u017ertve masakra u Balincima, \u010cetekovcu i \u010cojlugu.<\/p>\n<p>Svetu misu predvodio je po\u017ee\u0161ki biskup msgr. Antun \u0160kvor\u010devi\u0107 u zajedni\u0161tvu sa \u017eupnicima Slatinskog dekanata.<br \/>\n(www.radioslatina.hr)<\/p>\n<p>ngg_shortcode_0_placeholderngg_shortcode_1_placeholderngg_shortcode_2_placeholder<\/p>\n","protected":false},"excerpt":{"rendered":"<p>Sutra 4. rujna 2021. godine odr\u017eat \u0107e se komemoracija \u017ertvama Balinaca, \u010cetekovca i \u010cojluga stradalim u \u010detni\u010dkom teroru izvr\u0161enom 4. rujna 1991. godine. Tog dana<span class=\"excerpt-hellip\"> [\u2026]<\/span><\/p>\n","protected":false},"author":5,"featured_media":107824,"comment_status":"closed","ping_status":"closed","sticky":false,"template":"","format":"standard","meta":{"ngg_post_thumbnail":0,"footnotes":""},"categories":[136,137],"tags":[],"class_list":["post-107784","post","type-post","status-publish","format-standard","has-post-thumbnail","hentry","category-grad-slatina","category-naslovnica"],"_links":{"self":[{"href":"https:\/\/www.slatina.hr\/portal\/wp-json\/wp\/v2\/posts\/107784","targetHints":{"allow":["GET"]}}],"collection":[{"href":"https:\/\/www.slatina.hr\/portal\/wp-json\/wp\/v2\/posts"}],"about":[{"href":"https:\/\/www.slatina.hr\/portal\/wp-json\/wp\/v2\/types\/post"}],"author":[{"embeddable":true,"href":"https:\/\/www.slatina.hr\/portal\/wp-json\/wp\/v2\/users\/5"}],"replies":[{"embeddable":true,"href":"https:\/\/www.slatina.hr\/portal\/wp-json\/wp\/v2\/comments?post=107784"}],"version-history":[{"count":1,"href":"https:\/\/www.slatina.hr\/portal\/wp-json\/wp\/v2\/posts\/107784\/revisions"}],"predecessor-version":[{"id":107825,"href":"https:\/\/www.slatina.hr\/portal\/wp-json\/wp\/v2\/posts\/107784\/revisions\/107825"}],"wp:featuredmedia":[{"embeddable":true,"href":"https:\/\/www.slatina.hr\/portal\/wp-json\/wp\/v2\/media\/107824"}],"wp:attachment":[{"href":"https:\/\/www.slatina.hr\/portal\/wp-json\/wp\/v2\/media?parent=107784"}],"wp:term":[{"taxonomy":"category","embeddable":true,"href":"https:\/\/www.slatina.hr\/portal\/wp-json\/wp\/v2\/categories?post=107784"},{"taxonomy":"post_tag","embeddable":true,"href":"https:\/\/www.slatina.hr\/portal\/wp-json\/wp\/v2\/tags?post=107784"}],"curies":[{"name":"wp","href":"https:\/\/api.w.org\/{rel}","templated":true}]}}