{"id":107758,"date":"2021-09-02T11:36:31","date_gmt":"2021-09-02T09:36:31","guid":{"rendered":"https:\/\/www.slatina.hr\/portal\/?p=107758"},"modified":"2021-09-02T11:36:31","modified_gmt":"2021-09-02T09:36:31","slug":"povodom-dana-grada-slatine-polaganjem-vijenaca-odana-pocast-poginulim-hrvatskim-braniteljima","status":"publish","type":"post","link":"https:\/\/www.slatina.hr\/portal\/povodom-dana-grada-slatine-polaganjem-vijenaca-odana-pocast-poginulim-hrvatskim-braniteljima\/","title":{"rendered":"Povodom Dana grada Slatine polaganjem vijenaca odana po\u010dast poginulim hrvatskim braniteljima"},"content":{"rendered":"<p>Povodom Dana grada Slatine i 724. obljetnice prvog pisanog spomena imena grada Slatine ju\u010der je ispred spomenika poginulim hrvatskim braniteljima iz Domovinskog rata u parku 136. slatinske brigade polaganjem vijenaca i lampiona odana po\u010dast poginulim hrvatskim braniteljima koji su dali ono najvrjednije, svoje \u017eivote za slobodnu i nezavisnu Republiku Hrvatsku.<\/p>\n<p>Cvjetni aran\u017eman prvo su polo\u017eili predstavnici Udruge roditelja poginulih branitelja Slatina-Orahovica predvo\u0111eni predsjednikom Tomom Grahovcem, te predstavnici ostalih braniteljskih udruga proisteklih iz Domovinskog rata predvo\u0111eni predsjednikom \u017eupanijskog Odbora za hrvatske branitelje VP\u017d Matom Buba\u0161em i ratnim zapovjednikom 136. slatinske brigade Hrvatske vojske Josipom \u010cernijem, a s njim je po\u010dast odao i na\u010delnik Policijske postaje Slatina Krunoslav Serti\u0107.<\/p>\n<p>Uz vojne po\u010dasti vijenac je potom polo\u017eila izaslanica predsjednika Republike Hrvatske Zorana Milanovi\u0107a, savjetnica predsjednika RH za odgoj i obrazovanje Jadranka \u017darkovi\u0107.<\/p>\n<p>Vijenac su zajedno polo\u017eili izaslanica predsjednika Hrvatskog sabora Gordana Jandrokovi\u0107a, predsjednica Odbora za obrazovanje, znanost i kulturu Hrvatskoga sabora Vesna Bedekovi\u0107 i izaslanik predsjednika Vlade RH Andreja Plenkovi\u0107a, viroviti\u010dko-podravski \u017eupan Igor Androvi\u0107.<\/p>\n<p>U ime Viroviti\u010dko-podravske \u017eupanije vijenac su polo\u017eili zamjenici \u017eupana Marijo Klement i Igor Pavkovi\u0107, te na kraju delegacija Grada Slatine, gradona\u010delnik Denis Ostro\u0161i\u0107, njegov zamjenik Ilija Nikoli\u0107 i predsjednik Gradskog vije\u0107a Grada Slatine Damir Jak\u0161i\u0107, a s njima je zajedno po\u010dast odao i po\u010dasni gra\u0111anin grada Slatine Vladimir \u0160eks.<\/p>\n<p>Molitvu u znak sje\u0107anja na poginule hrvatske branitelje izmolili su \u017eupnici slatinskih \u017eupa sv. Josipa i bl. Ivana Merza, pre\u010dasni Dragan Hrgi\u0107 i pre\u010dasni Nikola Ju\u0161i\u0107.<br \/>\n(www.radioslatina.hr)<\/p>\nngg_shortcode_0_placeholder\n","protected":false},"excerpt":{"rendered":"<p>Povodom Dana grada Slatine i 724. obljetnice prvog pisanog spomena imena grada Slatine ju\u010der je ispred spomenika poginulim hrvatskim braniteljima iz Domovinskog rata u parku<span class=\"excerpt-hellip\"> [\u2026]<\/span><\/p>\n","protected":false},"author":5,"featured_media":107771,"comment_status":"closed","ping_status":"closed","sticky":false,"template":"","format":"standard","meta":{"ngg_post_thumbnail":0,"footnotes":""},"categories":[136,137],"tags":[],"class_list":["post-107758","post","type-post","status-publish","format-standard","has-post-thumbnail","hentry","category-grad-slatina","category-naslovnica"],"_links":{"self":[{"href":"https:\/\/www.slatina.hr\/portal\/wp-json\/wp\/v2\/posts\/107758","targetHints":{"allow":["GET"]}}],"collection":[{"href":"https:\/\/www.slatina.hr\/portal\/wp-json\/wp\/v2\/posts"}],"about":[{"href":"https:\/\/www.slatina.hr\/portal\/wp-json\/wp\/v2\/types\/post"}],"author":[{"embeddable":true,"href":"https:\/\/www.slatina.hr\/portal\/wp-json\/wp\/v2\/users\/5"}],"replies":[{"embeddable":true,"href":"https:\/\/www.slatina.hr\/portal\/wp-json\/wp\/v2\/comments?post=107758"}],"version-history":[{"count":1,"href":"https:\/\/www.slatina.hr\/portal\/wp-json\/wp\/v2\/posts\/107758\/revisions"}],"predecessor-version":[{"id":107772,"href":"https:\/\/www.slatina.hr\/portal\/wp-json\/wp\/v2\/posts\/107758\/revisions\/107772"}],"wp:featuredmedia":[{"embeddable":true,"href":"https:\/\/www.slatina.hr\/portal\/wp-json\/wp\/v2\/media\/107771"}],"wp:attachment":[{"href":"https:\/\/www.slatina.hr\/portal\/wp-json\/wp\/v2\/media?parent=107758"}],"wp:term":[{"taxonomy":"category","embeddable":true,"href":"https:\/\/www.slatina.hr\/portal\/wp-json\/wp\/v2\/categories?post=107758"},{"taxonomy":"post_tag","embeddable":true,"href":"https:\/\/www.slatina.hr\/portal\/wp-json\/wp\/v2\/tags?post=107758"}],"curies":[{"name":"wp","href":"https:\/\/api.w.org\/{rel}","templated":true}]}}