{"id":107596,"date":"2021-08-25T14:00:38","date_gmt":"2021-08-25T12:00:38","guid":{"rendered":"https:\/\/www.slatina.hr\/portal\/?p=107596"},"modified":"2021-08-25T14:01:12","modified_gmt":"2021-08-25T12:01:12","slug":"otkazan-koncert-nene-belana-fiumensa","status":"publish","type":"post","link":"https:\/\/www.slatina.hr\/portal\/otkazan-koncert-nene-belana-fiumensa\/","title":{"rendered":"OTKAZAN koncert Nene Belana &#038; Fiumensa"},"content":{"rendered":"<p>Zbog najavljenih lo\u0161ih vremenskih uvjeta popra\u0107enih obilnom ki\u0161om, Organizacijski odbor proslave Dana grada Slatine donio je odluku kojom se koncert Nene Belana &amp; Fiumensa najavljen za petak, 27. kolovoza u 21 sat, SLU\u017dBENO OTKAZUJE.<br \/>\n&nbsp;<br \/>\nUz ispriku svim fanovima ovog popularnog hrvatskog banda organizatori su izrazili nadu da \u0107e se sve ostale manifestacije vezane uz proslavu Dana grada Slatine mo\u0107i odr\u017eati kako je planirano.<\/p>\n<p style=\"text-align: right;\">Organizacijski odbor proslave Dana grad Slatine<\/p>\n","protected":false},"excerpt":{"rendered":"<p>Zbog najavljenih lo\u0161ih vremenskih uvjeta popra\u0107enih obilnom ki\u0161om, Organizacijski odbor proslave Dana grada Slatine donio je odluku kojom se koncert Nene Belana &amp; Fiumensa najavljen<span class=\"excerpt-hellip\"> [\u2026]<\/span><\/p>\n","protected":false},"author":5,"featured_media":107597,"comment_status":"closed","ping_status":"closed","sticky":false,"template":"","format":"standard","meta":{"ngg_post_thumbnail":0,"footnotes":""},"categories":[136,137],"tags":[],"class_list":["post-107596","post","type-post","status-publish","format-standard","has-post-thumbnail","hentry","category-grad-slatina","category-naslovnica"],"_links":{"self":[{"href":"https:\/\/www.slatina.hr\/portal\/wp-json\/wp\/v2\/posts\/107596","targetHints":{"allow":["GET"]}}],"collection":[{"href":"https:\/\/www.slatina.hr\/portal\/wp-json\/wp\/v2\/posts"}],"about":[{"href":"https:\/\/www.slatina.hr\/portal\/wp-json\/wp\/v2\/types\/post"}],"author":[{"embeddable":true,"href":"https:\/\/www.slatina.hr\/portal\/wp-json\/wp\/v2\/users\/5"}],"replies":[{"embeddable":true,"href":"https:\/\/www.slatina.hr\/portal\/wp-json\/wp\/v2\/comments?post=107596"}],"version-history":[{"count":1,"href":"https:\/\/www.slatina.hr\/portal\/wp-json\/wp\/v2\/posts\/107596\/revisions"}],"predecessor-version":[{"id":107598,"href":"https:\/\/www.slatina.hr\/portal\/wp-json\/wp\/v2\/posts\/107596\/revisions\/107598"}],"wp:featuredmedia":[{"embeddable":true,"href":"https:\/\/www.slatina.hr\/portal\/wp-json\/wp\/v2\/media\/107597"}],"wp:attachment":[{"href":"https:\/\/www.slatina.hr\/portal\/wp-json\/wp\/v2\/media?parent=107596"}],"wp:term":[{"taxonomy":"category","embeddable":true,"href":"https:\/\/www.slatina.hr\/portal\/wp-json\/wp\/v2\/categories?post=107596"},{"taxonomy":"post_tag","embeddable":true,"href":"https:\/\/www.slatina.hr\/portal\/wp-json\/wp\/v2\/tags?post=107596"}],"curies":[{"name":"wp","href":"https:\/\/api.w.org\/{rel}","templated":true}]}}