{"id":107558,"date":"2021-08-24T12:57:18","date_gmt":"2021-08-24T10:57:18","guid":{"rendered":"https:\/\/www.slatina.hr\/portal\/?p=107558"},"modified":"2021-08-24T12:57:18","modified_gmt":"2021-08-24T10:57:18","slug":"gradu-slatini-odobrena-sredstva-za-projekt-izgradnja-pjesacke-staze-u-ulici-petra-zrinskog-u-gornjem-miholjcu-24-kolovoza-2021","status":"publish","type":"post","link":"https:\/\/www.slatina.hr\/portal\/gradu-slatini-odobrena-sredstva-za-projekt-izgradnja-pjesacke-staze-u-ulici-petra-zrinskog-u-gornjem-miholjcu-24-kolovoza-2021\/","title":{"rendered":"Gradu Slatini odobrena sredstva za projekt \u201eIzgradnja pje\u0161a\u010dke staze u Ulici Petra Zrinskog u Gornjem Miholjcu\u201c 24. kolovoza 2021."},"content":{"rendered":"<p>Odlukom o odabiru projekta od 20. kolovoza 2021. godine ministrica regionalnog razvoja i fondova Europske unije Nata\u0161a Trami\u0161ak dodjeljuje Gradu Slatini 175.000,00 kuna za projekt \u201eIzgradnja nogostupa u Ulici Petra Zrinskog u Gornjem Miholjcu\u201c.<br \/>\nProjekt je to koji je prijavljen na poziv za financiranje prema Programu za pobolj\u0161anje infrastrukture na podru\u010djima naseljenim pripadnicima nacionalnih manjina.<br \/>\nUkupna vrijednost projekta iznosi 431.537,50 kuna, a projektom \u0107e se izgraditi oko 410 metara pje\u0161a\u010dke staze.<br \/>\nRadovi na izgradnji pje\u0161a\u010dke staze obuhva\u0107aju pripremne i zemljane radove, ure\u0111enje kolni\u010dke konstrukcije, signalizaciju te ure\u0111ivanje i zatravnjivanje bankina. Izgradnjom pje\u0161a\u010dke staze pove\u0107at \u0107e se sigurnost svih sudionika u prometu, a prvenstveno djece budu\u0107i da je Podru\u010dna \u0161kola Gornji Miholjac u neposrednoj blizini lokacije ulaganja.<\/p>\n<p>\u2013 Ovim \u0107e se ulaganjem pro\u0161iriti mre\u017ea pje\u0161a\u010dkih infrastruktura na slatinskom podru\u010dju, \u2013 istaknuo je gradona\u010delnik Slatine Denis Ostro\u0161i\u0107 te dodao kako \u0107e se projekt provesti u partnerstvu s Vije\u0107em srpske nacionalne manjine Grada Slatine na na\u010din da partner na projektu podr\u017eava projekt u interesu nacionalne manjine koja \u010dini vi\u0161e od 5% stanovni\u0161tva Grada Slatine.<br \/>\n(www.radioslatina.hr)<\/p>\nngg_shortcode_0_placeholder\n","protected":false},"excerpt":{"rendered":"<p>Odlukom o odabiru projekta od 20. kolovoza 2021. godine ministrica regionalnog razvoja i fondova Europske unije Nata\u0161a Trami\u0161ak dodjeljuje Gradu Slatini 175.000,00 kuna za projekt<span class=\"excerpt-hellip\"> [\u2026]<\/span><\/p>\n","protected":false},"author":5,"featured_media":107563,"comment_status":"closed","ping_status":"closed","sticky":false,"template":"","format":"standard","meta":{"ngg_post_thumbnail":0,"footnotes":""},"categories":[136,137],"tags":[],"class_list":["post-107558","post","type-post","status-publish","format-standard","has-post-thumbnail","hentry","category-grad-slatina","category-naslovnica"],"_links":{"self":[{"href":"https:\/\/www.slatina.hr\/portal\/wp-json\/wp\/v2\/posts\/107558","targetHints":{"allow":["GET"]}}],"collection":[{"href":"https:\/\/www.slatina.hr\/portal\/wp-json\/wp\/v2\/posts"}],"about":[{"href":"https:\/\/www.slatina.hr\/portal\/wp-json\/wp\/v2\/types\/post"}],"author":[{"embeddable":true,"href":"https:\/\/www.slatina.hr\/portal\/wp-json\/wp\/v2\/users\/5"}],"replies":[{"embeddable":true,"href":"https:\/\/www.slatina.hr\/portal\/wp-json\/wp\/v2\/comments?post=107558"}],"version-history":[{"count":1,"href":"https:\/\/www.slatina.hr\/portal\/wp-json\/wp\/v2\/posts\/107558\/revisions"}],"predecessor-version":[{"id":107564,"href":"https:\/\/www.slatina.hr\/portal\/wp-json\/wp\/v2\/posts\/107558\/revisions\/107564"}],"wp:featuredmedia":[{"embeddable":true,"href":"https:\/\/www.slatina.hr\/portal\/wp-json\/wp\/v2\/media\/107563"}],"wp:attachment":[{"href":"https:\/\/www.slatina.hr\/portal\/wp-json\/wp\/v2\/media?parent=107558"}],"wp:term":[{"taxonomy":"category","embeddable":true,"href":"https:\/\/www.slatina.hr\/portal\/wp-json\/wp\/v2\/categories?post=107558"},{"taxonomy":"post_tag","embeddable":true,"href":"https:\/\/www.slatina.hr\/portal\/wp-json\/wp\/v2\/tags?post=107558"}],"curies":[{"name":"wp","href":"https:\/\/api.w.org\/{rel}","templated":true}]}}