{"id":107407,"date":"2021-08-13T11:45:42","date_gmt":"2021-08-13T09:45:42","guid":{"rendered":"https:\/\/www.slatina.hr\/portal\/?p=107407"},"modified":"2021-08-13T11:45:42","modified_gmt":"2021-08-13T09:45:42","slug":"ureduje-se-staroskolsko-igraliste-u-slatini","status":"publish","type":"post","link":"https:\/\/www.slatina.hr\/portal\/ureduje-se-staroskolsko-igraliste-u-slatini\/","title":{"rendered":"Ure\u0111uje se staro\u0161kolsko igrali\u0161te u Slatini"},"content":{"rendered":"<p>U sklopu ure\u0111enja grada, osobito u\u017eeg sredi\u0161ta zajedno s prostorom EPIcentra Sequoia i Parka 136. slatinske brigade, na inicijativu gradona\u010delnika Grada Slatine Denisa Ostro\u0161i\u0107a ovih su dana u tijeku zavr\u0161ni radovi na ure\u0111enju betonskog igrali\u0161ta iznad crkve sv. Josipa, tzv. staro\u0161kolskog igrali\u0161ta u Slatini.<\/p>\n<p>U protekla dva mjeseca djelatnici zaposleni u javnim radovima intenzivno su radili na ure\u0111enju zelenih povr\u0161ina koje spajaju prostor od Sequoie do sportskih terena staro\u0161kolskog igrali\u0161ta, a koji grani\u010de s Ulicom grofa Janka Dra\u0161kovi\u0107a. Tako je uklonjeno sve zapu\u0161teno raslinje i granje, orezana su stabla te je svje\u017ee poko\u0161ena trava. O\u010di\u0161\u0107en je i ure\u0111en prostor na kojemu se nalazi odbojka\u0161ko igrali\u0161te koje je dugi niz godina stajalo zapu\u0161teno.<\/p>\n<p>\u2013 Ovom igrali\u0161tu planiramo dodati i nove sadr\u017eaje. Naime u planu za idu\u0107u godinu je izgradnja zida od 2 metra koji \u0107e poslu\u017eiti za rekreaciju ili trening u sklopu reketnih sportova kao \u0161to su tenis ili skvo\u0161, \u2013 rekao nam je gradona\u010delnik Ostro\u0161i\u0107 koji je u pratnji voditelja Odsjeka za komunalni sustav Vjekoslava Hessa obi\u0161ao radove.<\/p>\n<p>Betonske tribine su osvje\u017eene novim slojem boje koja \u0107e ih za\u0161titi od daljnjeg propadanja utjecajem vremena te im pru\u017eiti prikladniji izgled.<\/p>\n<p>Sanirana je cijela ograda oko igrali\u0161ta koja je tako\u0111er osvje\u017eena i to bojama grada Slatine, plavom i \u017eutom, a nabavljeni su i novi golovi.<\/p>\n<p>\u2013 Budu\u0107i da \u0107e se ovdje u sklopu proslave Dana grada Slatine odr\u017eati i malonogometni turnir, \u017eeljeli smo ga do\u010dekati s ure\u0111enim prostorom. Do tada planiramo osvje\u017eiti i sve linije na samom igrali\u0161tu, a bit \u0107e ure\u0111ena i nadstre\u0161nica s klupama.<br \/>\nDrago mi je da je ovaj prostor ve\u0107 sada privukao mlade koji su ga intenzivno po\u010deli koristiti, a u koje je pro\u0161le godine Grad Slatina investirao u sanaciju rasvjete, te su postavljena nova rasvjetna tijela i reflektori kako bi iskoristivost igrali\u0161ta bila maksimalna. Kada nam to financije budu dopustile planiramo zamijeniti i podloge na oba sportska terena, \u2013 rekao je gradona\u010delnik.<br \/>\n(www.radioslatina.hr)<\/p>\n<p>ngg_shortcode_0_placeholderngg_shortcode_1_placeholder<\/p>\n","protected":false},"excerpt":{"rendered":"<p>U sklopu ure\u0111enja grada, osobito u\u017eeg sredi\u0161ta zajedno s prostorom EPIcentra Sequoia i Parka 136. slatinske brigade, na inicijativu gradona\u010delnika Grada Slatine Denisa Ostro\u0161i\u0107a ovih<span class=\"excerpt-hellip\"> [\u2026]<\/span><\/p>\n","protected":false},"author":5,"featured_media":107434,"comment_status":"closed","ping_status":"closed","sticky":false,"template":"","format":"standard","meta":{"ngg_post_thumbnail":0,"footnotes":""},"categories":[136,137],"tags":[],"class_list":["post-107407","post","type-post","status-publish","format-standard","has-post-thumbnail","hentry","category-grad-slatina","category-naslovnica"],"_links":{"self":[{"href":"https:\/\/www.slatina.hr\/portal\/wp-json\/wp\/v2\/posts\/107407","targetHints":{"allow":["GET"]}}],"collection":[{"href":"https:\/\/www.slatina.hr\/portal\/wp-json\/wp\/v2\/posts"}],"about":[{"href":"https:\/\/www.slatina.hr\/portal\/wp-json\/wp\/v2\/types\/post"}],"author":[{"embeddable":true,"href":"https:\/\/www.slatina.hr\/portal\/wp-json\/wp\/v2\/users\/5"}],"replies":[{"embeddable":true,"href":"https:\/\/www.slatina.hr\/portal\/wp-json\/wp\/v2\/comments?post=107407"}],"version-history":[{"count":1,"href":"https:\/\/www.slatina.hr\/portal\/wp-json\/wp\/v2\/posts\/107407\/revisions"}],"predecessor-version":[{"id":107435,"href":"https:\/\/www.slatina.hr\/portal\/wp-json\/wp\/v2\/posts\/107407\/revisions\/107435"}],"wp:featuredmedia":[{"embeddable":true,"href":"https:\/\/www.slatina.hr\/portal\/wp-json\/wp\/v2\/media\/107434"}],"wp:attachment":[{"href":"https:\/\/www.slatina.hr\/portal\/wp-json\/wp\/v2\/media?parent=107407"}],"wp:term":[{"taxonomy":"category","embeddable":true,"href":"https:\/\/www.slatina.hr\/portal\/wp-json\/wp\/v2\/categories?post=107407"},{"taxonomy":"post_tag","embeddable":true,"href":"https:\/\/www.slatina.hr\/portal\/wp-json\/wp\/v2\/tags?post=107407"}],"curies":[{"name":"wp","href":"https:\/\/api.w.org\/{rel}","templated":true}]}}