{"id":107235,"date":"2021-07-16T19:49:40","date_gmt":"2021-07-16T17:49:40","guid":{"rendered":"https:\/\/www.slatina.hr\/portal\/?p=107235"},"modified":"2021-07-16T19:49:40","modified_gmt":"2021-07-16T17:49:40","slug":"ureduju-se-gradska-izletista-i-stublovac-spreman-za-nova-druzenja","status":"publish","type":"post","link":"https:\/\/www.slatina.hr\/portal\/ureduju-se-gradska-izletista-i-stublovac-spreman-za-nova-druzenja\/","title":{"rendered":"URE\u0110UJU SE GRADSKA IZLETI\u0160TA: I Stublovac spreman za nova dru\u017eenja"},"content":{"rendered":"<p>Grad Slatina je ovoga ljeta pristupio ure\u0111enju nekoliko vrlo popularnih slatinskih izleti\u0161ta koja su smje\u0161tena u \u0161umskim predjelima na periferiji grada.<\/p>\n<p>U prvoj fazi radova ure\u0111eno je izleti\u0161te Bunari\u0107, a nakon \u0161to se krajem lipnja u devastirano stanje izleti\u0161ta Stublovac svojim obilaskom uvjerio gradona\u010delnik Grada Slatine Denis Ostro\u0161i\u0107, po\u010detkom srpnja zapo\u010deli su radovi na ure\u0111enju istoga.<\/p>\n<p>Bio je to nastavak zajedni\u010dke suradnje Grada Slatine i Hrvatskih \u0161uma u sklopu koje su djelatnici pri Gradu Slatini uklonili stare dotrajale i devastirane stolove i klupe te su ugradili nove za koje su materijal donirale Hrvatske \u0161ume. Popravljena je i ograda nadstre\u0161nice, sanirano je krovi\u0161te, a ure\u0111en je i okoli\u0161 zajedno sa samim izvorom koji je sada uredan i pristupa\u010dan.<\/p>\n<p>\u2013 Iako su radovi netom zavr\u0161eni ovo popularno slatinsko izleti\u0161te ve\u0107 je privuklo prve izletnike koji su rado iskoristili ovaj novoure\u0111eni prostor za dru\u017eenje u prirodi, \u0161to mi je izuzetno drago. Iz toga je vidljivo da je ovaj projekt Grada Slatine pun pogodak budu\u0107i da su gra\u0111ani nakon dugog neizvjesnog vremena punog raznih ograni\u010denja zbog koronavirusa, \u017eeljni dru\u017eenja, osobito u prirodi na svje\u017eem zraku, \u2013 rekao nam je zamjenik gradona\u010delnika Grada Slatine Ilija Nikoli\u0107 koji je obi\u0161ao izleti\u0161te Stublovac nakon zavr\u0161etka radova na njegovom ure\u0111enju. Tom je prigodom istaknuo kako \u0107e se u narednoj fazi urediti i izleti\u0161te uz jezero Javorica gdje \u0107e se jednom od svojih radnih akcija na ure\u0111enju, kako spomen obilje\u017eja poginulih hrvatskih branitelja, tako i javnih povr\u0161ina na slatinskom podru\u010dju, priklju\u010diti \u010dlanovi Udruge HVIDR-a Slatina.<\/p>\n<p>Voditelj Odsjeka za komunalni sustav pri Upravnom odjelu za razvoj grada Vjekoslav Hess dodao je kako je u sklopu ovih radova ure\u0111en i makadamski odvojak Stublova\u010dke ulice u Slatini koji vodi prema poligonu auto-\u0161kole, budu\u0107i da je bio zarastao raznim raslinjem i kro\u0161njama stabala, te je predstavljao potencijalnu opasnost od o\u0161te\u0107enja vozila koja tim putem prometuju. Iz tog razloga Grad Slatina je odlu\u010dio u sklopu radova na ure\u0111enju izleti\u0161ta ujedno urediti i ovaj put, te su djelatnici zaposleni u javnim radovima orezali kro\u0161nje stabala koje su se nadvile nad put, te uklonili raslinje i o\u010distili putne kanale s obje strane.<br \/>\n(www.radioslatina.hr)<\/p>\n<p>ngg_shortcode_0_placeholderngg_shortcode_1_placeholderngg_shortcode_2_placeholder&nbsp;<\/p>\n","protected":false},"excerpt":{"rendered":"<p>Grad Slatina je ovoga ljeta pristupio ure\u0111enju nekoliko vrlo popularnih slatinskih izleti\u0161ta koja su smje\u0161tena u \u0161umskim predjelima na periferiji grada. U prvoj fazi radova<span class=\"excerpt-hellip\"> [\u2026]<\/span><\/p>\n","protected":false},"author":5,"featured_media":107280,"comment_status":"closed","ping_status":"closed","sticky":false,"template":"","format":"standard","meta":{"ngg_post_thumbnail":0,"footnotes":""},"categories":[136,137],"tags":[],"class_list":["post-107235","post","type-post","status-publish","format-standard","has-post-thumbnail","hentry","category-grad-slatina","category-naslovnica"],"_links":{"self":[{"href":"https:\/\/www.slatina.hr\/portal\/wp-json\/wp\/v2\/posts\/107235","targetHints":{"allow":["GET"]}}],"collection":[{"href":"https:\/\/www.slatina.hr\/portal\/wp-json\/wp\/v2\/posts"}],"about":[{"href":"https:\/\/www.slatina.hr\/portal\/wp-json\/wp\/v2\/types\/post"}],"author":[{"embeddable":true,"href":"https:\/\/www.slatina.hr\/portal\/wp-json\/wp\/v2\/users\/5"}],"replies":[{"embeddable":true,"href":"https:\/\/www.slatina.hr\/portal\/wp-json\/wp\/v2\/comments?post=107235"}],"version-history":[{"count":1,"href":"https:\/\/www.slatina.hr\/portal\/wp-json\/wp\/v2\/posts\/107235\/revisions"}],"predecessor-version":[{"id":107281,"href":"https:\/\/www.slatina.hr\/portal\/wp-json\/wp\/v2\/posts\/107235\/revisions\/107281"}],"wp:featuredmedia":[{"embeddable":true,"href":"https:\/\/www.slatina.hr\/portal\/wp-json\/wp\/v2\/media\/107280"}],"wp:attachment":[{"href":"https:\/\/www.slatina.hr\/portal\/wp-json\/wp\/v2\/media?parent=107235"}],"wp:term":[{"taxonomy":"category","embeddable":true,"href":"https:\/\/www.slatina.hr\/portal\/wp-json\/wp\/v2\/categories?post=107235"},{"taxonomy":"post_tag","embeddable":true,"href":"https:\/\/www.slatina.hr\/portal\/wp-json\/wp\/v2\/tags?post=107235"}],"curies":[{"name":"wp","href":"https:\/\/api.w.org\/{rel}","templated":true}]}}