{"id":107164,"date":"2021-07-13T13:57:56","date_gmt":"2021-07-13T11:57:56","guid":{"rendered":"https:\/\/www.slatina.hr\/portal\/?p=107164"},"modified":"2021-07-13T13:57:56","modified_gmt":"2021-07-13T11:57:56","slug":"kazalisna-garderoba-veceras-ce-po-prvi-puta-zaplesati-s-glumcima-kina-pod-zvijezdama","status":"publish","type":"post","link":"https:\/\/www.slatina.hr\/portal\/kazalisna-garderoba-veceras-ce-po-prvi-puta-zaplesati-s-glumcima-kina-pod-zvijezdama\/","title":{"rendered":"Kazali\u0161na garderoba ve\u010deras \u0107e po prvi puta zaplesati s glumcima Kina pod zvijezdama"},"content":{"rendered":"<p><img loading=\"lazy\" decoding=\"async\" class=\"wp-image-214116 alignleft\" src=\"https:\/\/www.radioslatina.hr\/wp-content\/uploads\/2021\/07\/IMG_2776_1024x683-rotated.jpg\" alt=\"\" width=\"203\" height=\"305\">Uo\u010di otvorenja manifestacije Pu\u010dkog otvorenog u\u010dili\u0161ta Slatina Kino pod zvijezdama, zamjenik gradona\u010delnika Grada Slatine Ilija Nikoli\u0107 i pro\u010delnik Stru\u010dne slu\u017ebe Krunoslav \u0160arabok posjetili su ovu gradsku ustanovu gdje ih je do\u010dekala ravnateljica Danijela Fabric Fabijanac.<br \/>\nBila je to ujedno prigoda za obilazak kazali\u0161ne garderobe iza pozornice kina \u010dija je obnova zapo\u010dela prije nepuna dva mjeseca.<\/p>\n<p>Budu\u0107i da je ovaj projekt pokrenut u sklopu Dana plesa, iako jo\u0161 nije sasvim ure\u0111ena, kazali\u0161na garderoba \u0107e ve\u010deras po prvi puta zaplesati u novom ruhu. Naime, ve\u010deras zapo\u010dinje manifestacija Kino pod zvijezdama koja svoja vrata otvara upravo jednom stand up komedijom, tako da \u0107e glumci Admir \u0160e\u0107kanovi\u0107 i Marko Dejanovi\u0107 prvi imati prigodu presvla\u010diti se u novoobnovljenoj garderobi slatinskog kina.<\/p>\n<p>Grad Slatina je u ovaj projekt ulo\u017eio 20.000 kuna dok je Pu\u010dko otvoreno u\u010dili\u0161te Slatina pokrilo preostali tro\u0161ak od 10.000 kuna, a prema rije\u010dima ravnateljice Fabric Fabijanac, kompletno opremanje garderobe o\u010dekuje se kroz nekoliko narednih dana budu\u0107i da se osim zavr\u0161nih detalja na elektroinstalacijama o\u010dekuje jo\u0161 samo ugradnja polica koje \u0107e upotpuniti ovaj prostor i glumcima poslu\u017eiti pri \u0161minkanju.<\/p>\n<p><img loading=\"lazy\" decoding=\"async\" class=\"wp-image-214117 alignright\" src=\"https:\/\/www.radioslatina.hr\/wp-content\/uploads\/2021\/07\/IMG_2836_1024x683.jpg\" sizes=\"auto, (max-width: 300px) 100vw, 300px\" srcset=\"https:\/\/www.radioslatina.hr\/wp-content\/uploads\/2021\/07\/IMG_2836_1024x683.jpg 1024w, https:\/\/www.radioslatina.hr\/wp-content\/uploads\/2021\/07\/IMG_2836_1024x683-768x512.jpg 768w\" alt=\"\" width=\"300\" height=\"200\">\u2013 U suradnji s Gradom Slatinom Pu\u010dko otvoreno u\u010dili\u0161te je krenulo u ovaj divan projekt koji je nama divan iz razloga \u0161to se od 50-ih godina na\u0161a garderoba nije nimalo mijenjala, a sada poprima jedan sasvim novi, druga\u010diji i moderniji izgled, i ono \u0161to nam je jako bitno, udobniji i komforniji.<\/p>\n<p>Zamijenjena su rasvjetna tijela, obavljeni li\u010dila\u010dki radovi, zamijenjen je tepih, postavljena su nova zrcala, vje\u0161alice i fotelje, a jo\u0161 jedino nedostaju police za \u0161minkanje na\u0161ih glumaca. Unato\u010d tome ve\u010deras \u0107e se glumci sna\u0107i i vjerujem da \u0107e biti sretni kada budu koristili ovaj na\u0161 novoure\u0111eni prostor. Ve\u0107 sutra sti\u017eu nam novi glumci vinkova\u010dkog Kazali\u0161ta Joza Ivaki\u0107 s predstavom Crvenkapica koje \u0107emo tako\u0111er s ponosom ugostiti, prvo u na\u0161oj novoj garderobi, a onda i na ljetnoj pozornici ispred na\u0161ega kina gdje je sve spremno za jo\u0161 jedno nezaboravno Kino pod zvijezdama, \u2013 rekla je ravnateljica Danijela Fabric Fabijanac, te pozvala sve da do\u0111u&nbsp;<img loading=\"lazy\" decoding=\"async\" class=\"wp-image-214118 alignleft\" src=\"https:\/\/www.radioslatina.hr\/wp-content\/uploads\/2021\/07\/IMG_2838_1024x683.jpg\" sizes=\"auto, (max-width: 300px) 100vw, 300px\" srcset=\"https:\/\/www.radioslatina.hr\/wp-content\/uploads\/2021\/07\/IMG_2838_1024x683.jpg 1024w, https:\/\/www.radioslatina.hr\/wp-content\/uploads\/2021\/07\/IMG_2838_1024x683-768x512.jpg 768w\" alt=\"\" width=\"300\" height=\"200\">na otvorenje Kina pod zvijezdama ve\u010deras od 20 sati, ali da posjete i ostale predstave i kino projekcije jer ove je godine program koji \u0107e trajati do 29. srpnja, jo\u0161 bogatiji i rasko\u0161niji, a njegova raznolikost osigurat \u0107e zabavu svim generacijama posjetitelja.<\/p>\n<p>\u2013 Drago mi je da smo vrlo uspje\u0161no uspjeli realizirati jo\u0161 jedan zajedni\u010dki projekt \u010dime se nastavlja izuzetna suradnja Pu\u010dkog otvorenog u\u010dili\u0161ta i Grada Slatine koji na ovaj na\u010din nastoji svojim sugra\u0111anima osigurati kvalitetna kulturna doga\u0111anja koja su itekako zna\u010dajna za razvoj cijeloga grada, \u2013 istaknuo je dogradona\u010delnik Nikoli\u0107.<br \/>\n(www.radioslatina.hr)<\/p>\n<p>ngg_shortcode_0_placeholder<img loading=\"lazy\" decoding=\"async\" class=\"alignnone size-full wp-image-107182\" src=\"https:\/\/www.slatina.hr\/portal\/wp-content\/uploads\/2021\/07\/20210713_115606_1024x768.jpg\" alt=\"\" width=\"1024\" height=\"768\" srcset=\"https:\/\/www.slatina.hr\/portal\/wp-content\/uploads\/2021\/07\/20210713_115606_1024x768.jpg 1024w, https:\/\/www.slatina.hr\/portal\/wp-content\/uploads\/2021\/07\/20210713_115606_1024x768-768x576.jpg 768w, https:\/\/www.slatina.hr\/portal\/wp-content\/uploads\/2021\/07\/20210713_115606_1024x768-195x146.jpg 195w, https:\/\/www.slatina.hr\/portal\/wp-content\/uploads\/2021\/07\/20210713_115606_1024x768-50x38.jpg 50w, https:\/\/www.slatina.hr\/portal\/wp-content\/uploads\/2021\/07\/20210713_115606_1024x768-100x75.jpg 100w, https:\/\/www.slatina.hr\/portal\/wp-content\/uploads\/2021\/07\/20210713_115606_1024x768-620x465.jpg 620w\" sizes=\"auto, (max-width:767px) 480px, (max-width:1024px) 100vw, 1024px\" \/><\/p>\n<p><img loading=\"lazy\" decoding=\"async\" class=\"size-full wp-image-107183 aligncenter\" src=\"https:\/\/www.slatina.hr\/portal\/wp-content\/uploads\/2021\/07\/PLAKAT-2021-1i2_543x768.jpg\" alt=\"\" width=\"543\" height=\"768\" srcset=\"https:\/\/www.slatina.hr\/portal\/wp-content\/uploads\/2021\/07\/PLAKAT-2021-1i2_543x768.jpg 543w, https:\/\/www.slatina.hr\/portal\/wp-content\/uploads\/2021\/07\/PLAKAT-2021-1i2_543x768-103x146.jpg 103w, https:\/\/www.slatina.hr\/portal\/wp-content\/uploads\/2021\/07\/PLAKAT-2021-1i2_543x768-35x50.jpg 35w, https:\/\/www.slatina.hr\/portal\/wp-content\/uploads\/2021\/07\/PLAKAT-2021-1i2_543x768-53x75.jpg 53w, https:\/\/www.slatina.hr\/portal\/wp-content\/uploads\/2021\/07\/PLAKAT-2021-1i2_543x768-530x750.jpg 530w\" sizes=\"auto, (max-width:767px) 480px, 543px\" \/><\/p>\nngg_shortcode_1_placeholder\n","protected":false},"excerpt":{"rendered":"<p>Uo\u010di otvorenja manifestacije Pu\u010dkog otvorenog u\u010dili\u0161ta Slatina Kino pod zvijezdama, zamjenik gradona\u010delnika Grada Slatine Ilija Nikoli\u0107 i pro\u010delnik Stru\u010dne slu\u017ebe Krunoslav \u0160arabok posjetili su ovu<span class=\"excerpt-hellip\"> [\u2026]<\/span><\/p>\n","protected":false},"author":5,"featured_media":107189,"comment_status":"closed","ping_status":"closed","sticky":false,"template":"","format":"standard","meta":{"ngg_post_thumbnail":0,"footnotes":""},"categories":[136,137],"tags":[],"class_list":["post-107164","post","type-post","status-publish","format-standard","has-post-thumbnail","hentry","category-grad-slatina","category-naslovnica"],"_links":{"self":[{"href":"https:\/\/www.slatina.hr\/portal\/wp-json\/wp\/v2\/posts\/107164","targetHints":{"allow":["GET"]}}],"collection":[{"href":"https:\/\/www.slatina.hr\/portal\/wp-json\/wp\/v2\/posts"}],"about":[{"href":"https:\/\/www.slatina.hr\/portal\/wp-json\/wp\/v2\/types\/post"}],"author":[{"embeddable":true,"href":"https:\/\/www.slatina.hr\/portal\/wp-json\/wp\/v2\/users\/5"}],"replies":[{"embeddable":true,"href":"https:\/\/www.slatina.hr\/portal\/wp-json\/wp\/v2\/comments?post=107164"}],"version-history":[{"count":1,"href":"https:\/\/www.slatina.hr\/portal\/wp-json\/wp\/v2\/posts\/107164\/revisions"}],"predecessor-version":[{"id":107190,"href":"https:\/\/www.slatina.hr\/portal\/wp-json\/wp\/v2\/posts\/107164\/revisions\/107190"}],"wp:featuredmedia":[{"embeddable":true,"href":"https:\/\/www.slatina.hr\/portal\/wp-json\/wp\/v2\/media\/107189"}],"wp:attachment":[{"href":"https:\/\/www.slatina.hr\/portal\/wp-json\/wp\/v2\/media?parent=107164"}],"wp:term":[{"taxonomy":"category","embeddable":true,"href":"https:\/\/www.slatina.hr\/portal\/wp-json\/wp\/v2\/categories?post=107164"},{"taxonomy":"post_tag","embeddable":true,"href":"https:\/\/www.slatina.hr\/portal\/wp-json\/wp\/v2\/tags?post=107164"}],"curies":[{"name":"wp","href":"https:\/\/api.w.org\/{rel}","templated":true}]}}