{"id":107114,"date":"2021-07-10T08:39:29","date_gmt":"2021-07-10T06:39:29","guid":{"rendered":"https:\/\/www.slatina.hr\/portal\/?p=107114"},"modified":"2021-07-10T08:39:29","modified_gmt":"2021-07-10T06:39:29","slug":"konstituirano-slatinsko-gradsko-vijece-za-predsjednika-izabran-damir-jaksic-iz-domovinskog-pokreta-iz-kojega-dolazi-i-dopredsjednica-tamara-palcic","status":"publish","type":"post","link":"https:\/\/www.slatina.hr\/portal\/konstituirano-slatinsko-gradsko-vijece-za-predsjednika-izabran-damir-jaksic-iz-domovinskog-pokreta-iz-kojega-dolazi-i-dopredsjednica-tamara-palcic\/","title":{"rendered":"Konstituirano slatinsko Gradsko vije\u0107e, za predsjednika izabran Damir Jak\u0161i\u0107 iz Domovinskog pokreta iz kojega dolazi i dopredsjednica Tamara Pal\u010di\u0107"},"content":{"rendered":"<p>Ju\u010der je u Hrvatskom domu u Slatini odr\u017ean drugi poku\u0161aj konstituiranja Gradskog vije\u0107a Grada Slatine koji je urodio plodom.<br \/>\nNaime, postignutim sporazumom vije\u0107nika Domovinskog pokreta, Fokusa i SDP-a kreirana je ve\u0107ina u Gradskom vije\u0107u od 8 vije\u0107nika dok \u0107e&nbsp;<span data-offset-key=\"1uori-0-0\">koalicija HDZ-<\/span><span data-offset-key=\"1uori-1-0\">HSLS<\/span>&nbsp;sa svojih sedam mandata ostati oporba.<\/p>\n<p>Sjednicu je otvorio pro\u010delnik Stru\u010dne slu\u017ebe Grada Slatine Krunoslav \u0160arabok kojega je nakon usvajanja dnevnog reda uz jednu dopunu, zamijenio Igor Fazeka\u0161 kao \u010dlan Gradskog vije\u0107a koalicije HDZ-HSLS \u010dija je kandidacijska lista dobila najvi\u0161e glasova na proteklim lokalnim izborima.<\/p>\n<p>Sjednicom je predsjedao vrlo kratko budu\u0107i da su gradski vije\u0107nici ovoga puta uspjeli izabrati predsjednika Gradskog vije\u0107a. Pred vije\u0107nicima su se na\u0161la dva prijedloga od kojih su sa 8 glasova za i 7 protiv povjerenje iskazali Damiru Jak\u0161i\u0107u iz Domovinskog pokreta kojega je predlo\u017eila Komisija za izbor i imenovanja u sastavu Ivana \u0160krlec, Ivona Bali\u0107, Dario Vrbaslija i Ksenija Plantak, a pod predsjedanjem Tome Tomi\u0107a, tako da Igor Fazeka\u0161 kao prijedlog kluba vije\u0107nika HDZ-HSLS ni ovoga puta nije uspio zasjesti na tu du\u017enost.<\/p>\n<p><img loading=\"lazy\" decoding=\"async\" class=\"wp-image-213850 alignleft\" src=\"https:\/\/www.radioslatina.hr\/wp-content\/uploads\/2021\/07\/IMG_1692_1024x683.jpg\" sizes=\"auto, (max-width: 300px) 100vw, 300px\" srcset=\"https:\/\/www.radioslatina.hr\/wp-content\/uploads\/2021\/07\/IMG_1692_1024x683.jpg 1024w, https:\/\/www.radioslatina.hr\/wp-content\/uploads\/2021\/07\/IMG_1692_1024x683-768x512.jpg 768w\" alt=\"\" width=\"300\" height=\"200\">Nakon \u0161to se novoizabrani predsjednik Gradskog vije\u0107a Damir Jak\u0161i\u0107 zahvalio svima na izboru i ukazanom povjerenju, izabrana je i njegova zamjenica tako da \u0107e du\u017enost dopredsjednice GV u narednom razdoblju obna\u0161ati Tamara Pal\u010di\u0107 tako\u0111er iz Domovinskog pokreta.<\/p>\n<p>Gradski su vije\u0107nici potom na prijedlog vije\u0107nice Martine Tepe\u0161 odali po\u010dast minutom \u0161utnje nedavno preminuloj odgojiteljici Dje\u010djeg vrti\u0107a Zeko Slatina Snje\u017eani Vere\u0161.<\/p>\n<p>U nastavku sjednice kojoj su uz svih 15 gradskih vije\u0107nika prisustvovali i zamjenik gradona\u010delnika Grada Slatine Ilija Nikoli\u0107 i pro\u010delnik Upravnog odjela za razvoj grada Marin Kokori\u0107, vije\u0107nici su jednoglasno izabrali predsjednike i \u010dlanove odbora.<br \/>\nTako je za predsjednicu Odbora za Statut i druge op\u0107e akte izabrana Snje\u017eana \u017dilavi, a \u010dlanovi su Dalibor Medved, Martina Tepe\u0161, Izabela Jela\u010di\u0107 i Josip Hetrih.<\/p>\n<p>Novi predsjednik Odbora za financije i Prora\u010dun je Dario Vrbaslija dok su \u010dlanovi Damir Jak\u0161i\u0107, Tamara Pal\u010di\u0107, Darija Krznari\u0107 i Igor Fazeka\u0161.<\/p>\n<p>Odborom za prostorno ure\u0111enje, komunalno \u2013 stambene djelatnosti i za\u0161titu okoli\u0161a predsjedat \u0107e Dragan Jovani\u0107, a za \u010dlanove su izabrani Milan Maurer, Goran Lackovi\u0107, Ivan Balti\u0107 i Marija Majer.<\/p>\n<p>Nova predsjednica Odbora za dru\u0161tvene djelatnosti je Nikolina Tomi\u0107 dok su izabrani \u010dlanovi Robert Hodak, Sanja Mrzljak Jovani\u0107, Martina Tepe\u0161 i Ivona Bali\u0107.<\/p>\n<p>Na kraju je izabran i predsjednik Odbora za utvr\u0111ivanje prijedloga javnih priznanja. Tu \u0107e du\u017enost po polo\u017eaju obna\u0161ati gradona\u010delnik Grada Slatine Denis Ostro\u0161i\u0107, a za \u010dlanove su izabrani Damir Jak\u0161i\u0107, Ksenija Plantak, Dario Vrbaslija i Igor Fazeka\u0161.<\/p>\n<p>Iscrpiv\u0161i sve to\u010dke dnevnog reda predsjednik Gradskog vije\u0107a Damir Jak\u0161i\u0107 zaklju\u010dio je rad konstituiraju\u0107e sjednice Gradskog vije\u0107a te je uslijedilo zajedni\u010dko fotografiranje.<\/p>\n<p>Podsje\u0107amo, Gradsko vije\u0107e Grada Slatine u novom sazivu \u010dine vije\u0107nici iz redova HDZ-HSLS Igor Fazeka\u0161, Ivica Pavin, Marija Majer, Tomo Tomi\u0107, Ivana \u0160krlec, Ivona Bali\u0107 i Jovana Prpi\u0107.<\/p>\n<p>Iz Domovinskog pokreta vije\u0107nici su Damir Jak\u0161i\u0107, Nikolina Tomi\u0107, Tamara Pal\u010di\u0107 i Snje\u017eana \u017dilavi. Fokus ima dva mandata, a vije\u0107nici su Dario Vrbaslija i Martina Tepe\u0161, dok su SDP-ove vije\u0107nice Sanja Mrzljak Jovani\u0107 i Ksenija Plantak.<\/p>\n<p>Nakon zajedni\u010dkog fotografiranja na Trgu sv. Josipa svoj osvrt na konstituiranje Gradskog vije\u0107a Grada Slatine iznijeli su predsjednici stranaka koje su osvojile odre\u0111en broj mandata u Gradskom vije\u0107u.<\/p>\n<p><img loading=\"lazy\" decoding=\"async\" class=\"wp-image-213851 alignright\" src=\"https:\/\/www.radioslatina.hr\/wp-content\/uploads\/2021\/07\/IMG_1741_1024x683.jpg\" sizes=\"auto, (max-width: 301px) 100vw, 301px\" srcset=\"https:\/\/www.radioslatina.hr\/wp-content\/uploads\/2021\/07\/IMG_1741_1024x683.jpg 1024w, https:\/\/www.radioslatina.hr\/wp-content\/uploads\/2021\/07\/IMG_1741_1024x683-768x512.jpg 768w\" alt=\"\" width=\"301\" height=\"201\">Tako je u ime SDP-a Ksenija Plantak istaknula kako ovoga trenutka nije bilo najbolje vrijeme za inzistiranje na nekim stvarima koje su ih smetale u pro\u0161lom mandatu, te su se zajedno s Domovinskim pokretom i Fokusom odlu\u010dili na tri mjeseca probnog rada s \u201ed\u017eentlmenskim\u201c dogovorom da se neke stvari promijene u radu Gradske uprave i gradskih tvrtki s \u010dim su se slo\u017eili, kako je rekla, svi predsjednici stranaka s obzirom na nadolaze\u0107i period kori\u0161tenja europskih fondova i Nacionalnog programa otpornosti i oporavka.<\/p>\n<p>\u2013 U slu\u010daju da vidimo da se stvari ne mijenjaju mi \u0107emo vrlo brzo biti isto konstruktivna oporba, no u ovom trenutku ne\u0107emo biti kamen razdora i ko\u010denja, &nbsp;\u2013 istaknula je Ksenija Plantak izraziv\u0161i \u017eelju da Grad Slatina ipak iskoristi ovaj mandat i povu\u010de znatna sredstva iz EU fondova u nadolaze\u0107em periodu.<\/p>\n<p><img loading=\"lazy\" decoding=\"async\" class=\"wp-image-213852 alignleft\" src=\"https:\/\/www.radioslatina.hr\/wp-content\/uploads\/2021\/07\/IMG_1745_1024x683.jpg\" sizes=\"auto, (max-width: 301px) 100vw, 301px\" srcset=\"https:\/\/www.radioslatina.hr\/wp-content\/uploads\/2021\/07\/IMG_1745_1024x683.jpg 1024w, https:\/\/www.radioslatina.hr\/wp-content\/uploads\/2021\/07\/IMG_1745_1024x683-768x512.jpg 768w\" alt=\"\" width=\"301\" height=\"201\">Zadovoljstvo postignutim dogovorom iskazao je Ilija Nikoli\u0107, predsjednik Domovinskog pokreta koji je s vije\u0107nicima Fokusa i SDP-a sklopio jednu programsku shemu u trajanju od tri do pet mjeseci te izrazio nadu da \u0107e se u tom razdoblju kroz pet zacrtanih to\u010daka vidjeti napredak i rad svih dionika za boljitak grada.<\/p>\n<p>\u2013 Nadam se da \u0107emo biti konstruktivni sve \u010detiri godine mandata koje su pred nama te pozivam sve vije\u0107nike da zaboravimo na politike i zajedni\u010dkim radom pomognemo svome gradu. Nadam se da ne\u0107emo morati na nove izbore, ali i za to smo spremni, \u2013 istaknuo je Nikoli\u0107.<\/p>\n<p><img loading=\"lazy\" decoding=\"async\" class=\"wp-image-213853 alignright\" src=\"https:\/\/www.radioslatina.hr\/wp-content\/uploads\/2021\/07\/IMG_1754_1024x683.jpg\" sizes=\"auto, (max-width: 300px) 100vw, 300px\" srcset=\"https:\/\/www.radioslatina.hr\/wp-content\/uploads\/2021\/07\/IMG_1754_1024x683.jpg 1024w, https:\/\/www.radioslatina.hr\/wp-content\/uploads\/2021\/07\/IMG_1754_1024x683-768x512.jpg 768w\" alt=\"\" width=\"300\" height=\"200\">Dario Vrbaslija je istaknuo kako je njihova ideja bila jedinstveno Gradsko vije\u0107e koje bi povezalo i lijeve i desne opcije s Fokusom u centru, te su na prvoj konstituiraju\u0107oj sjednici i\u0161li s prijedlozima da se podr\u017ee kandidati za predsjednika Gradskog vije\u0107a iz stranaka s manjim brojem mandata \u0161to nije nai\u0161lo na pozitivan odjek.<\/p>\n<p>\u2013 Bez obzira na to mi \u0107emo u ovoj \u201eve\u0107ini\u201c, odnosno programskoj suradnji biti tako\u0111er jedan korektiv ovog saziva Gradskog vije\u0107a, te poku\u0161ati na pozitivan na\u010din sudjelovati i djelovati, \u2013 istaknuo je Vrbaslija izraziv\u0161i nadu da \u0107e slijede\u0107e \u010detiri godine donijeti pozitivne promjene i da \u0107e svi zajedno \u010diniti pozitivne stvari za na\u0161 grad.<\/p>\n<p><img loading=\"lazy\" decoding=\"async\" class=\"wp-image-213854 alignleft\" src=\"https:\/\/www.radioslatina.hr\/wp-content\/uploads\/2021\/07\/IMG_1757_1024x683.jpg\" sizes=\"auto, (max-width: 300px) 100vw, 300px\" srcset=\"https:\/\/www.radioslatina.hr\/wp-content\/uploads\/2021\/07\/IMG_1757_1024x683.jpg 1024w, https:\/\/www.radioslatina.hr\/wp-content\/uploads\/2021\/07\/IMG_1757_1024x683-768x512.jpg 768w\" alt=\"\" width=\"300\" height=\"200\">Ispred koalicije HDZ-HSLS s najve\u0107im brojem vije\u0107nika u ovom Gradskom vije\u0107u Igor Fazeka\u0161 je istaknuo kako smo nakon provedenih lokalnih izbora danas svjedoci jednog novog politi\u010dkog eksperimenta, te da \u0107e oni definitivno biti jedna konstruktivna i kriti\u010dka oporba.<\/p>\n<p>\u2013 Definitivno \u0107emo poku\u0161ati sa svim onim \u0161to mo\u017eemo, \u0161to znamo, \u0161to smo prezentirali u na\u0161em izbornom programu, grad Slatinu di\u0107i na jednu vi\u0161u razinu. Na \u017ealost ova programska potpora koju su potpisali Domovinski pokret, SDP i Fokus nije ostvariva iz razloga \u0161to je Nacionalni program za oporavak ve\u0107 odra\u0111en, ali mi \u0107emo u\u010dini sve da grad Slatina za\u017eivi jednim drugim, druga\u010dijim, boljim, transparentnijim svjetlom. Iskreno se nadam da \u0107emo svi zajedno raditi za boljitak Slatine bez obzira na nedosljednosti pojedinih gradskih vije\u0107nika, no vidjet \u0107emo na koji \u0107e na\u010din ova koalicija zavr\u0161iti, a mi smo definitivno voljni i spremni za rad zajedno s na\u0161im du\u017enosnicima kako bi grad Slatinu usmjerili u dobrom pravcu, \u2013 rekao je Fazeka\u0161.<br \/>\n(www.radioslatina.hr)<\/p>\n<p>ngg_shortcode_0_placeholder<img loading=\"lazy\" decoding=\"async\" class=\"alignnone size-full wp-image-107136\" src=\"https:\/\/www.slatina.hr\/portal\/wp-content\/uploads\/2021\/07\/IMG_1736_1024x683.jpg\" alt=\"\" width=\"1024\" height=\"683\" srcset=\"https:\/\/www.slatina.hr\/portal\/wp-content\/uploads\/2021\/07\/IMG_1736_1024x683.jpg 1024w, https:\/\/www.slatina.hr\/portal\/wp-content\/uploads\/2021\/07\/IMG_1736_1024x683-768x512.jpg 768w, https:\/\/www.slatina.hr\/portal\/wp-content\/uploads\/2021\/07\/IMG_1736_1024x683-219x146.jpg 219w, https:\/\/www.slatina.hr\/portal\/wp-content\/uploads\/2021\/07\/IMG_1736_1024x683-50x33.jpg 50w, https:\/\/www.slatina.hr\/portal\/wp-content\/uploads\/2021\/07\/IMG_1736_1024x683-112x75.jpg 112w, https:\/\/www.slatina.hr\/portal\/wp-content\/uploads\/2021\/07\/IMG_1736_1024x683-620x414.jpg 620w\" sizes=\"auto, (max-width:767px) 480px, (max-width:1024px) 100vw, 1024px\" \/><\/p>\n","protected":false},"excerpt":{"rendered":"<p>Ju\u010der je u Hrvatskom domu u Slatini odr\u017ean drugi poku\u0161aj konstituiranja Gradskog vije\u0107a Grada Slatine koji je urodio plodom. Naime, postignutim sporazumom vije\u0107nika Domovinskog pokreta,<span class=\"excerpt-hellip\"> [\u2026]<\/span><\/p>\n","protected":false},"author":5,"featured_media":107135,"comment_status":"closed","ping_status":"closed","sticky":false,"template":"","format":"standard","meta":{"ngg_post_thumbnail":0,"footnotes":""},"categories":[136,137],"tags":[],"class_list":["post-107114","post","type-post","status-publish","format-standard","has-post-thumbnail","hentry","category-grad-slatina","category-naslovnica"],"_links":{"self":[{"href":"https:\/\/www.slatina.hr\/portal\/wp-json\/wp\/v2\/posts\/107114","targetHints":{"allow":["GET"]}}],"collection":[{"href":"https:\/\/www.slatina.hr\/portal\/wp-json\/wp\/v2\/posts"}],"about":[{"href":"https:\/\/www.slatina.hr\/portal\/wp-json\/wp\/v2\/types\/post"}],"author":[{"embeddable":true,"href":"https:\/\/www.slatina.hr\/portal\/wp-json\/wp\/v2\/users\/5"}],"replies":[{"embeddable":true,"href":"https:\/\/www.slatina.hr\/portal\/wp-json\/wp\/v2\/comments?post=107114"}],"version-history":[{"count":1,"href":"https:\/\/www.slatina.hr\/portal\/wp-json\/wp\/v2\/posts\/107114\/revisions"}],"predecessor-version":[{"id":107137,"href":"https:\/\/www.slatina.hr\/portal\/wp-json\/wp\/v2\/posts\/107114\/revisions\/107137"}],"wp:featuredmedia":[{"embeddable":true,"href":"https:\/\/www.slatina.hr\/portal\/wp-json\/wp\/v2\/media\/107135"}],"wp:attachment":[{"href":"https:\/\/www.slatina.hr\/portal\/wp-json\/wp\/v2\/media?parent=107114"}],"wp:term":[{"taxonomy":"category","embeddable":true,"href":"https:\/\/www.slatina.hr\/portal\/wp-json\/wp\/v2\/categories?post=107114"},{"taxonomy":"post_tag","embeddable":true,"href":"https:\/\/www.slatina.hr\/portal\/wp-json\/wp\/v2\/tags?post=107114"}],"curies":[{"name":"wp","href":"https:\/\/api.w.org\/{rel}","templated":true}]}}