{"id":106856,"date":"2021-06-28T12:45:49","date_gmt":"2021-06-28T10:45:49","guid":{"rendered":"https:\/\/www.slatina.hr\/portal\/?p=106856"},"modified":"2021-06-28T12:45:49","modified_gmt":"2021-06-28T10:45:49","slug":"50-proljeca-matice-hrvatske-u-slatini-odrzana-sredisnja-svecanost-ogranka-matice-hrvatske-slatina-u-prigodi-obiljezavanja-50-obljetnice-osnutka","status":"publish","type":"post","link":"https:\/\/www.slatina.hr\/portal\/50-proljeca-matice-hrvatske-u-slatini-odrzana-sredisnja-svecanost-ogranka-matice-hrvatske-slatina-u-prigodi-obiljezavanja-50-obljetnice-osnutka\/","title":{"rendered":"\u201e50 prolje\u0107a Matice hrvatske u Slatini\u201c \u2013 Odr\u017eana sredi\u0161nja sve\u010danost Ogranka Matice hrvatske Slatina u prigodi obilje\u017eavanja 50. obljetnice osnutka"},"content":{"rendered":"<p>Ogranak Matice hrvatske Slatina ove godine obilje\u017eava 50. obljetnicu osnutka u sklopu koje je ju\u010der u Hrvatskom domu u Slatini uprili\u010dena sredi\u0161nja sve\u010danost pod nazivom \u201e50 prolje\u0107a Matice hrvatske u Slatini\u201c.<\/p>\n<p>Sve\u010danost je svojom izvedbom Hrvatske himne otvorilo Gradsko pjeva\u010dko dru\u0161tvo Zrinski pod ravnanjem prof. Sare Mojze\u0161, te izvedbom pjesme Jo\u0161 Hrvatska ni propala.<\/p>\n<p>Uvodno je Danijel Vil\u010dek pro\u010ditao u\u010deni\u010dki rad Tene Biland\u017eija \u201eNajdra\u017ea moja\u201c koji je nagra\u0111en 2010. godine na 1. natje\u010daju \u201eI dok je srca, bit \u0107e i Kroacije\u201c kojim je Ogranak u\u0161ao u slatinske \u0161kole.<\/p>\n<p>Potom je u prigodi 50 godina osnutka i 30 godina rada slatinskog Ogranka Matice hrvatske, predsjednica istoga Zorica Varga za\u017eeljela dobrodo\u0161licu okupljenim Mati\u010darima i brojnim uzvanicima me\u0111u kojima su se na\u0161li do\u017eupan Viroviti\u010dko-podravske \u017eupanije Marijo Klement, gradona\u010delnik Grada Slatine Denis Ostro\u0161i\u0107, \u010dlan MH iz Zagreba Stjepan Su\u010di\u0107, predstavnica Hrvatskog sabora kulture Valentina Da\u010dnik, predsjednica Ogranka Matice hrvatske u&nbsp;&nbsp; Kri\u017eevcima Renata Husinec, potpredsjednik Ogranka Matice hrvatske u Valpovu Jozo Bogdanovi\u0107 i tajnik Stjepan Najman, predsjednica Ogranka Matice hrvatske u Virovitici Dubravka Saboli\u0107 i potpredsjednik Dra\u017een Bunjevac, potpredsjednica Ogranka Matice hrvatske u Slavonskom Brodu Irena Krumes \u0160imunovi\u0107, te predstavnici udruga, odgojno-obrazovnih i kulturnih ustanova u na\u0161em gradu.<\/p>\n<p><img loading=\"lazy\" decoding=\"async\" class=\"wp-image-212831 alignleft\" src=\"https:\/\/www.radioslatina.hr\/wp-content\/uploads\/2021\/06\/IMG_9543_1024x683.jpg\" sizes=\"auto, (max-width: 300px) 100vw, 300px\" srcset=\"https:\/\/www.radioslatina.hr\/wp-content\/uploads\/2021\/06\/IMG_9543_1024x683.jpg 1024w, https:\/\/www.radioslatina.hr\/wp-content\/uploads\/2021\/06\/IMG_9543_1024x683-768x512.jpg 768w\" alt=\"\" width=\"300\" height=\"200\">\u2013 Drago mi je da smo se danas ovdje okupili prisje\u0107aju\u0107i se nedjelje, 27. lipnja 1971. godine i tada\u0161njeg velebnog skupa od oko 5.000 ljudi. Prigoda je sjetiti se na\u0161ih djedova, o\u010deva, bra\u0107e, sestara koji su toga dana s hrvatskim barjakom i hrvatskom pjesmom uveli tada\u0161nju Podravsku Slatinu u okrilje jedne od najstarijih kulturnih ustanova u Hrvata, Maticu hrvatsku, \u2013 istaknula je predsjednica Varga, te prisje\u0107aju\u0107i se prvog Mati\u010dinog predsjednika u Slatini, prof. Dragutina Ki\u0161a izrazila zadovoljstvo \u0161to su ovu obljetnicu svojim prisustvom, bez obzira na dugi odmak vremena, uveli\u010dali i pojedini \u010dlanovi iz 1971. godine poput g. Stjepana Kolomaza, jer ni mnogi iz 1991. na\u017ealost, vi\u0161e nisu me\u0111u nama, a \u010dija je posljednja po\u010divali\u0161ta dan uo\u010di ove sve\u010danosti obi\u0161la Mati\u010dina delegacija u sastavu: Ksenija Vujanovi\u0107 Juras, Vi\u0161nja Kajzer i Ivana Strupar gdje su im paljenjem svije\u0107a kao i kod Kri\u017ea mu\u010denika na gradskom groblju u Slatini odali po\u010dast, a to su minutom \u0161utnje u\u010dinili i svi nazo\u010dni na ju\u010dera\u0161njoj sve\u010danosti.<\/p>\n<p>\u2013 Svojim su radom i skrbi za Maticu ti ljudi osigurali mjesto u na\u0161im sje\u0107anjima.<br \/>\nKao i u cijeloj Hrvatskoj, tako je i slatinski Ogranak djelovao kratko, do sloma Hrvatskoga prolje\u0107a 1972. Slomljen je uz \u017ertve \u010dlanova, odnosno gubitak radnih mjesta, degradiranja, iseljavanja, su\u0111enja i presude, \u2013 prisjetila se predsjednica Varga tih te\u0161kih vremena za sve Hrvate, te dodala kako slatinski Ogranak danas broji 32 \u010dlana koji vrijedno rade i ostvaruju razli\u010dite sadr\u017eaje slijede\u0107i put koji su si zacrtali te sudbonosne 1971. godine.<\/p>\n<p><img loading=\"lazy\" decoding=\"async\" class=\"wp-image-212832 alignright\" src=\"https:\/\/www.radioslatina.hr\/wp-content\/uploads\/2021\/06\/IMG_9532_1024x683.jpg\" sizes=\"auto, (max-width: 300px) 100vw, 300px\" srcset=\"https:\/\/www.radioslatina.hr\/wp-content\/uploads\/2021\/06\/IMG_9532_1024x683.jpg 1024w, https:\/\/www.radioslatina.hr\/wp-content\/uploads\/2021\/06\/IMG_9532_1024x683-768x512.jpg 768w\" alt=\"\" width=\"300\" height=\"200\">U sam osvit vi\u0161estrana\u010dja, obnovljen je rad Ogranka MH u Slatini, 6. prosinca 1990., a 3. o\u017eujka 1991. bila je Obnoviteljska skup\u0161tina.&nbsp;<br \/>\nIzabran je upravni odbor, a prvi predsjednik slatinskog Ogranka u samostalnoj Hrvatskoj bio je dr. Petar Nedi\u0107 koji se potom kratko obratio nazo\u010dnima istaknuv\u0161i ponos \u0161to je i sam dionik ovoga vrijednog jubileja.<br \/>\nGovorio je o Matici u budu\u0107nosti jer, kako je naglasio, vrijeme u kojem \u017eivimo nosi dramati\u010dne promjene. Mijenjaju se ljudi, shva\u0107anje kulture, na\u010din komunikacije, jezik, pismo\u2026, a ako \u017eelimo opstati, i mi se moramo mijenjati, te tu promjenu nazvao 3D promjenama koje je pojasnio kroz depresiju, demografiju i digitalizaciju.<\/p>\n<p>Nakon \u0161to je prikazan dokumentarni film \u201e50 prolje\u0107a Matice hrvatske u Slatini\u201c koji je u produkciji Felbar medie i Marinianis TV-a predstavio rad ove vrijedne kulturne ustanove kroz minulih pola stolje\u0107a, \u010destitke na ovoj velikoj i iznimno va\u017enoj obljetnici Ogranku Matice hrvatske u Slatini \u010destitali su slatinski gradona\u010delnik Denis Ostro\u0161i\u0107 i do\u017eupan viroviti\u010dko-podravski Marijo Klement, a potom i svi predstavnici spomenutih mati\u010dinih ogranaka koji su svojim dolaskom uveli\u010dali sredi\u0161nju sve\u010danost obilje\u017eavanja 50 godina Matice hrvatske u Slatini, dok je \u010destitku koju je slatinskom Ogranku uputio predsjednik Matice hrvatske Stipe Botica, pro\u010ditala dopredsjednica Ogranka Ksenija Vujanovi\u0107-Juras.<\/p>\n<p><img loading=\"lazy\" decoding=\"async\" class=\"wp-image-212833 alignleft\" src=\"https:\/\/www.radioslatina.hr\/wp-content\/uploads\/2021\/06\/IMG_9592_1024x683.jpg\" sizes=\"auto, (max-width: 300px) 100vw, 300px\" srcset=\"https:\/\/www.radioslatina.hr\/wp-content\/uploads\/2021\/06\/IMG_9592_1024x683.jpg 1024w, https:\/\/www.radioslatina.hr\/wp-content\/uploads\/2021\/06\/IMG_9592_1024x683-768x512.jpg 768w\" alt=\"\" width=\"300\" height=\"200\">\u2013 S najve\u0107om \u010da\u0161\u0107u sve vas srda\u010dno pozdravljam u svoje osobno ime i u ime sredi\u0161njice Matice hrvatske. \u010cestitam na va\u0161oj odva\u017enosti, promi\u0161ljenosti, upornosti i na va\u0161em stvarala\u0161tvu. Kada smo 1971. godine sudjelovali u osnivanju Ogranka Matice hrvatske u Slatini, sudjelovali smo u izboru ne\u010dega osobito va\u017enog i potrebnog. Tada vam je bila va\u017ena i potrebna upravo Matica hrvatska, ku\u0107a hrvatske knjige, a to na koji su se na\u010din gra\u0111ani Slatine i svi oni koji su nosili kulturno, dru\u0161tveno i politi\u010dko zbivanje koje se zove Hrvatsko prolje\u0107e, to kako su oni nosili i stvarali, zna\u010dilo je da \u017eele u\u010diniti puno, va\u017eno i veliko za svoj narod unato\u010d te\u0161kim posljedicama koje su snosili. Slatina je uvije znala \u010duvati na\u0161u kulturu i knjigu \u0161to se vidi i danas kroz rad va\u0161e Male slatinske biblioteke, \u2013 istaknuo je Stjepan Su\u010di\u0107 te naglasio kako slatinski Ogranak matice hrvatske svojim marljivim radom mo\u017ee biti primjer mnogim ograncima u Hrvatskoj. Ni ovoga puta nije do\u0161ao praznih ruku te je knjigama i malom zbirkom partitura Jakova Gotovca darivao, ne samo Mati\u010dare ve\u0107 i slatinske \u0161kole kao i Sveti\u0161te Gospe Vo\u0107inske.<\/p>\n<p>Na knjigama i svemu onome \u0161to je gospodin Su\u010di\u0107 u\u010dinio za Slatinu, te slatinskim Mati\u010darima od samih po\u010detaka bio, ne samo moralna, ve\u0107 i stru\u010dna podr\u0161ka na brojnim projektima koji su postali vrlo uspje\u0161ni i traju jo\u0161 i danas, uz sada\u0161nju predsjednicu Zoricu Varga zahvalio se i biv\u0161i predsjednik slatinskog Ogranka Matice hrvatske Dragan Klement.<\/p>\n<p>Nakon \u0161to je zaslu\u017enima u promicanju i radu slatinskog Ogranka Matice hrvatske uru\u010dila povelje i zahvalnice, predsjednica Zorica Varga se osim g. Su\u010di\u0107u zahvalila svima onima koji su vrijedno radili proteklih 30 godina, kao i onima koji su dolaze\u0107i na njihove programe pru\u017eali moralnu, ali i stru\u010dnu podr\u0161ku, zatim Gradu Slatini i gradona\u010delniku Ostro\u0161i\u0107u te svima koji su se na bilo koji na\u010din dobronamjerno na\u0161li na Mati\u010dinim stazama, a potom je sve nazo\u010dne povela u obilazak izlo\u017ebe \u201e50 prolje\u0107a Matice hrvatske u Slatini\u201c postavljene u slatinskom Zavi\u010dajnom muzeju.<\/p>\n<p><img loading=\"lazy\" decoding=\"async\" class=\"alignnone size-full wp-image-212834\" src=\"https:\/\/www.radioslatina.hr\/wp-content\/uploads\/2021\/06\/IMG_9850_1024x683.jpg\" sizes=\"auto, (max-width: 1024px) 100vw, 1024px\" srcset=\"https:\/\/www.radioslatina.hr\/wp-content\/uploads\/2021\/06\/IMG_9850_1024x683.jpg 1024w, https:\/\/www.radioslatina.hr\/wp-content\/uploads\/2021\/06\/IMG_9850_1024x683-768x512.jpg 768w\" alt=\"\" width=\"1024\" height=\"683\"><\/p>\n<p>Tom je prigodom naglasila kako \u0107e slatinski Ogranak Matice hrvatske tijekom cijele godine razli\u010ditim programima obilje\u017eavati ovaj veliki jubilej.<br \/>\n(www.radioslatina.hr)<\/p>\n<p>ngg_shortcode_0_placeholder<em><strong>POVELJE<\/strong><\/em><\/p>\n<p><strong>Stjepan Kolomaz<\/strong><\/p>\n<p><strong>Beatrica \u017dilavi<\/strong><\/p>\n<p><strong>Ivo Krehula<\/strong><\/p>\n<p><strong>Tomislava Elija\u0161<\/strong><\/p>\n<p><strong>Dragutin \u017dilavi<\/strong><\/p>\n<p><strong>Danica Krehula<\/strong><\/p>\n<p><strong>Dragica \u0160uvak<\/strong><\/p>\n<p><strong>Sa\u0161a Vujanovi\u0107<\/strong><\/p>\n<p><strong>Dragan Klement<\/strong><\/p>\n<p><strong>Petar Nedi\u0107<\/strong><\/p>\n<p><strong>Stjepan Su\u010di\u0107<\/strong><\/p>\n<p><strong>Mira Oberan<\/strong><\/p>\n<p><strong><em>&nbsp;ZAHVALNICE<\/em>&nbsp;<\/strong><\/p>\n<p><strong>\u017deljko Felbar<\/strong><\/p>\n<p><strong>Pu\u010dko otvoreno u\u010dili\u0161te Slatina<\/strong><\/p>\n<p><strong>Zavi\u010dajni muzej Slatina<\/strong><\/p>\n<p><strong>Gradska knji\u017enica i \u010ditaonica Slatina<\/strong><\/p>\n<p><strong>Grad Slatina<\/strong><\/p>\n<p><strong>Hrvatski Crveni kri\u017e Slatina<\/strong><\/p>\n<p><strong>Osnovna \u0161kola Eugena Kumi\u010di\u0107a Slatina<\/strong><\/p>\n<p><strong>Osnovna \u0161kola Josipa Kozarca Slatina<\/strong><\/p>\n<p><strong>Srednja \u0161kola Marka Maruli\u0107a Slatina<\/strong><\/p>\n<p><strong>Industrijsko-obrtni\u010dka \u0161kola Slatina<\/strong><\/p>\n<p><strong>Davor Tur\u010dek<\/strong><\/p>\n<p><strong>\u017duai sv. Josipa Slatina<\/strong><\/p>\n<p><strong>\u017dupa bl. Ivana Merza<\/strong><\/p>\n<p><strong>Ogranak Matice hrvatske u Orahovici<\/strong><\/p>\n<p><strong>Ogranak Matice hrvatske u Virovitici<\/strong><\/p>\n<p><strong>Petar \u017darkovi\u0107<\/strong><\/p>\n<p><strong>Mihaela Feldi<\/strong><\/p>\n<p><strong>GPD \u201eZrinski\u201c Slatina<\/strong><\/p>\n<p><strong>Glazbena \u0161kola Milka Kelemena Slatina<\/strong><\/p>\n<p><strong>Dragutin Fi\u0161li<\/strong><\/p>\n<p><strong>Radio Slatina<\/strong><\/p>\n<p><strong>Milka Bujani\u0107<\/strong><\/p>\n<p><strong>KUD Sladojevci<\/strong><\/p>\n<p><strong>Robert Turkalj<\/strong><\/p>\n<p><strong>Udruga Li\u010dana Slatine<\/strong><\/p>\n<p><strong>Udruga klubova lije\u010denih alkoholi\u010dara Slatina<\/strong><\/p>\n<p><strong>KUD \u201eDika\u201c Slatina<\/strong><\/p>\n","protected":false},"excerpt":{"rendered":"<p>Ogranak Matice hrvatske Slatina ove godine obilje\u017eava 50. obljetnicu osnutka u sklopu koje je ju\u010der u Hrvatskom domu u Slatini uprili\u010dena sredi\u0161nja sve\u010danost pod nazivom<span class=\"excerpt-hellip\"> [\u2026]<\/span><\/p>\n","protected":false},"author":5,"featured_media":106912,"comment_status":"closed","ping_status":"closed","sticky":false,"template":"","format":"standard","meta":{"ngg_post_thumbnail":0,"footnotes":""},"categories":[136,137],"tags":[],"class_list":["post-106856","post","type-post","status-publish","format-standard","has-post-thumbnail","hentry","category-grad-slatina","category-naslovnica"],"_links":{"self":[{"href":"https:\/\/www.slatina.hr\/portal\/wp-json\/wp\/v2\/posts\/106856","targetHints":{"allow":["GET"]}}],"collection":[{"href":"https:\/\/www.slatina.hr\/portal\/wp-json\/wp\/v2\/posts"}],"about":[{"href":"https:\/\/www.slatina.hr\/portal\/wp-json\/wp\/v2\/types\/post"}],"author":[{"embeddable":true,"href":"https:\/\/www.slatina.hr\/portal\/wp-json\/wp\/v2\/users\/5"}],"replies":[{"embeddable":true,"href":"https:\/\/www.slatina.hr\/portal\/wp-json\/wp\/v2\/comments?post=106856"}],"version-history":[{"count":1,"href":"https:\/\/www.slatina.hr\/portal\/wp-json\/wp\/v2\/posts\/106856\/revisions"}],"predecessor-version":[{"id":106913,"href":"https:\/\/www.slatina.hr\/portal\/wp-json\/wp\/v2\/posts\/106856\/revisions\/106913"}],"wp:featuredmedia":[{"embeddable":true,"href":"https:\/\/www.slatina.hr\/portal\/wp-json\/wp\/v2\/media\/106912"}],"wp:attachment":[{"href":"https:\/\/www.slatina.hr\/portal\/wp-json\/wp\/v2\/media?parent=106856"}],"wp:term":[{"taxonomy":"category","embeddable":true,"href":"https:\/\/www.slatina.hr\/portal\/wp-json\/wp\/v2\/categories?post=106856"},{"taxonomy":"post_tag","embeddable":true,"href":"https:\/\/www.slatina.hr\/portal\/wp-json\/wp\/v2\/tags?post=106856"}],"curies":[{"name":"wp","href":"https:\/\/api.w.org\/{rel}","templated":true}]}}