{"id":106308,"date":"2021-05-22T07:41:13","date_gmt":"2021-05-22T05:41:13","guid":{"rendered":"https:\/\/www.slatina.hr\/portal\/?p=106308"},"modified":"2021-05-24T09:04:49","modified_gmt":"2021-05-24T07:04:49","slug":"epicentar-sequoia-od-plana-do-zavrsetka-radova-zivotni-put-sekvoje-od-gradskog-ukrasa-do-stabla-koje-se-bori-protiv-klimatskih-promjena","status":"publish","type":"post","link":"https:\/\/www.slatina.hr\/portal\/epicentar-sequoia-od-plana-do-zavrsetka-radova-zivotni-put-sekvoje-od-gradskog-ukrasa-do-stabla-koje-se-bori-protiv-klimatskih-promjena\/","title":{"rendered":"\u201eEPIcentar Sequoia \u2013 od plana do zavr\u0161etka radova\u201c \u2013 \u201e\u017divotni put Sekvoje od gradskog ukrasa do stabla koje se bori protiv klimatskih promjena\u201c"},"content":{"rendered":"<p>Projekt \u201eEPIcentar Sequoia Slatina\u201c \u010diji je nositelj Grad Slatina, a partneri na projektu Turisti\u010dka zajednica Grada Slatine i Javna ustanova za upravljanje za\u0161ti\u0107enim dijelovima prirode i ekolo\u0161kom mre\u017eom Viroviti\u010dko-podravske \u017eupanije priveden je svome kraju.<\/p>\n<p>Na nedavno odr\u017eanoj zavr\u0161noj konferenciji, jednog od najve\u0107ih projekata u povijesti Grada Slatine vrijednog preko 20 milijuna kuna prikazan je film koji je u sklopu provedbe projekta \u201eEPIcentar Sequoia Slatina\u201c pripremio Felbar media.<\/p>\n<p>Rije\u010d je o filmu koji prikazuje sve faze radova u sklopu projekta EPIcentar Sequoia \u2013 od plana do zavr\u0161etka radova, a koji i vi mo\u017eete pogledati u prilogu.<\/p>\n<p><iframe loading=\"lazy\" title=\"Projekt EPIcentar Sequoia - od plana do zavr\u0161etka radova\" width=\"1220\" height=\"686\" src=\"https:\/\/www.youtube.com\/embed\/KM-IzPsJiyo?feature=oembed\" frameborder=\"0\" allow=\"accelerometer; autoplay; clipboard-write; encrypted-media; gyroscope; picture-in-picture\" allowfullscreen><\/iframe><\/p>\n<p>Potaknuti gradskim projektom Globe ekipa Osnovne \u0161kole Eugena Kumi\u010di\u0107a iz Slatine pro\u0161le je godine uz potporu Grada Slatine pokrenula istra\u017eivanje uvjeta koji sekvoji odgovaraju za \u017eivot. Ove su godine projekt pro\u0161irili te im se pridru\u017eila Globe ekipa Osnovne \u0161kole Josipa Kozarca Slatina.<br \/>\nNa razli\u010dite na\u010dine u\u010denici su istra\u017eili koliko sekvoja mo\u017ee pomo\u0107i u borbi protiv klimatskih promjena.<\/p>\n<p>Uz zahvalu Gradu Slatini na dosada\u0161njoj suradnji i potpori oko spomenutog projekta Globe ekipa Osnovne \u0161kole Eugena Kumi\u010di\u0107a u sastavu: Tea Halu\u017ean, Karla Mak i Veronika Vilk uz mentoricu Rajku Avirovi\u0107 Ga\u0107a, poslala je gradona\u010delniku Grada Slatine Denisu Ostro\u0161i\u0107u prezentaciju istra\u017eiva\u010dkog rada imena \u201e\u017divotni put Sekvoje od gradskog ukrasa do stabla koje se bori protiv klimatskih promjena\u201c koji su pripremili za Dr\u017eavnu smotru GLOBE \u0161kola kako bi ga upoznali sa svojim radom.<\/p>\n<p>U i\u0161\u010dekivanju rezultata s Dr\u017eavne smotre GLOBE \u0161kola koja je odr\u017eana od 17.-18.5.2021.g. online, pogledajte prezentaciju Globe ekipa Osnovne \u0161kole Eugena Kumi\u010di\u0107a. (www.radioslatina.hr)<\/p>\n<p><a href=\"https:\/\/www.slatina.hr\/portal\/wp-content\/uploads\/2021\/05\/Zivotni-put-sekvoje-od-gradskog-ukrasa-do-stabla-koje-se-bori-protiv-klimatskih-promjena.pptx\">\u017divotni put sekvoje od gradskog ukrasa do stabla koje se bori protiv klimatskih promjena<\/a><\/p>\n","protected":false},"excerpt":{"rendered":"<p>Projekt \u201eEPIcentar Sequoia Slatina\u201c \u010diji je nositelj Grad Slatina, a partneri na projektu Turisti\u010dka zajednica Grada Slatine i Javna ustanova za upravljanje za\u0161ti\u0107enim dijelovima prirode<span class=\"excerpt-hellip\"> [\u2026]<\/span><\/p>\n","protected":false},"author":5,"featured_media":106310,"comment_status":"closed","ping_status":"closed","sticky":false,"template":"","format":"standard","meta":{"ngg_post_thumbnail":0,"footnotes":""},"categories":[136,137,165],"tags":[],"class_list":["post-106308","post","type-post","status-publish","format-standard","has-post-thumbnail","hentry","category-grad-slatina","category-naslovnica","category-projekt-epicentar-sequoia-slatina"],"_links":{"self":[{"href":"https:\/\/www.slatina.hr\/portal\/wp-json\/wp\/v2\/posts\/106308","targetHints":{"allow":["GET"]}}],"collection":[{"href":"https:\/\/www.slatina.hr\/portal\/wp-json\/wp\/v2\/posts"}],"about":[{"href":"https:\/\/www.slatina.hr\/portal\/wp-json\/wp\/v2\/types\/post"}],"author":[{"embeddable":true,"href":"https:\/\/www.slatina.hr\/portal\/wp-json\/wp\/v2\/users\/5"}],"replies":[{"embeddable":true,"href":"https:\/\/www.slatina.hr\/portal\/wp-json\/wp\/v2\/comments?post=106308"}],"version-history":[{"count":1,"href":"https:\/\/www.slatina.hr\/portal\/wp-json\/wp\/v2\/posts\/106308\/revisions"}],"predecessor-version":[{"id":106311,"href":"https:\/\/www.slatina.hr\/portal\/wp-json\/wp\/v2\/posts\/106308\/revisions\/106311"}],"wp:featuredmedia":[{"embeddable":true,"href":"https:\/\/www.slatina.hr\/portal\/wp-json\/wp\/v2\/media\/106310"}],"wp:attachment":[{"href":"https:\/\/www.slatina.hr\/portal\/wp-json\/wp\/v2\/media?parent=106308"}],"wp:term":[{"taxonomy":"category","embeddable":true,"href":"https:\/\/www.slatina.hr\/portal\/wp-json\/wp\/v2\/categories?post=106308"},{"taxonomy":"post_tag","embeddable":true,"href":"https:\/\/www.slatina.hr\/portal\/wp-json\/wp\/v2\/tags?post=106308"}],"curies":[{"name":"wp","href":"https:\/\/api.w.org\/{rel}","templated":true}]}}