{"id":106256,"date":"2021-05-20T08:39:00","date_gmt":"2021-05-20T06:39:00","guid":{"rendered":"https:\/\/www.slatina.hr\/portal\/?p=106256"},"modified":"2021-05-20T08:39:00","modified_gmt":"2021-05-20T06:39:00","slug":"udruga-osoba-s-invaliditetom-slatina-preuredila-uredski-prostor-u-centru-nevladinih-udruga","status":"publish","type":"post","link":"https:\/\/www.slatina.hr\/portal\/udruga-osoba-s-invaliditetom-slatina-preuredila-uredski-prostor-u-centru-nevladinih-udruga\/","title":{"rendered":"Udruga osoba s invaliditetom Slatina preuredila uredski prostor u Centru nevladinih udruga"},"content":{"rendered":"<p>Udruga osoba s invaliditetom Slatina djeluje u zgradi Centra nevladinih udruga na adresi Bra\u0107e Radi\u0107 13, gdje je smje\u0161ten i Radio Slatina, te Gradsko dru\u0161tvo Crvenog kri\u017ea Slatina.<\/p>\n<p>Na godi\u0161njoj razini Udruga kroz 6 europskih i dr\u017eavnih projekata zapo\u0161ljava oko 70 djelatnika, odnosno osobne asistente, pomo\u0107nike u nastavi i gerontodoma\u0107ice, koji kroz terenski rad djeluju na podru\u010dju gradova Slatine i Orahovice te op\u0107ina: Nova Bukovica, Mikleu\u0161, Vo\u0107in, Sopje, \u010ca\u0111avica, \u010ca\u010dinci i Pitoma\u010da.<\/p>\n<p>Udruga vodi brigu o svojih 300-tinjak \u010dlanova, osoba s invaliditetom, te starijih i nemo\u0107nih osoba, kako bi im pobolj\u0161ala kvalitetu \u017eivota kroz pru\u017eanje usluga rje\u0161avanja administrativnih poslova, organiziranog prijevoza lije\u010dniku ili na hospitalizaciju, te kroz razne radionice i zajedni\u010dka dru\u017eenja.<\/p>\n<p>U vrijeme pojave pandemije Covid-19, Udruga je imala zna\u010dajnu ulogu, kada su korisnici i \u010dlanovi morali boraviti isklju\u010divo u svojim domovima. Uz po\u0161tivanje svih epidemiolo\u0161kih mjera gerontodoma\u0107ice su im dostavljale lijekove, hranu i ostale namirnice, a tamo gdje je to bilo nu\u017eno pomagale su u odr\u017eavanju higijene korisnika i njihovih domova. Osobni asistenti tako\u0111er su se brinuli o svojim korisnicima, a pomo\u0107nici u nastavi su pru\u017eali svoju pomo\u0107 djeci s te\u0161ko\u0107ama u njihovim domovima.<\/p>\n<p>Prigodom posjete Udruzi osoba s invaliditetom Slatina njihov rad pohvalio je gradona\u010delnik Grada Slatine Denis Ostro\u0161i\u0107 koji je u nazo\u010dnosti pro\u010delnika Stru\u010dne slu\u017ebe Krunoslava \u0160araboka i predsjednice UOSI Slatina Diane Zelenka ujedno razgledao novoure\u0111eni ured kojim je Udruga pro\u0161irila svoj prostor za rad.<\/p>\n<p>Naime uz potporu Grada Slatine Udruga je preuredila svoj poslovni prostor s ciljem pobolj\u0161anja uvjeta rada.<\/p>\n<p>\u2013 Budu\u0107i da smo do sada koristili jedan administrativni ured za organizaciju posla i aktivnosti za potrebe djelatnika i brojnih \u010dlanova Udruge radi posredovanja i pomo\u0107i u ostvarivanju odre\u0111enih prava, rad nam je bio ote\u017ean uslijed velike frekvencije ljudi i malog prostora. Upravo zbog pomanjkanja radnog prostora, neiskori\u0161teni pomo\u0107ni prostor od oko 6m2 preuredili smo u dodatni ured, \u010dime je Udruga dobila dva uredska prostora, za lak\u0161e obavljanje sve potrebne administracije na veliku radost djelatnika i zadovoljstvo \u010dlanova, \u2013 rekla je predsjednica Udruge Diana Zelenka.<\/p>\n<p>Zadovoljstvo novoure\u0111enim prostorom izrazio je i gradona\u010delnik Ostro\u0161i\u0107, te istaknuo kako su ovi radovi dogovoreni u suradnji Grada Slatine i UOSI Slatina prije nekoliko mjeseci.<\/p>\n<p>\u2013 Pro\u0161irenje prostora je doista bilo neophodno kako bi ova hvalevrijedna udruga funkcionirala na pravi na\u010din. Uz malo ulaganja i puno razumijevanja svih sustanara uspjeli smo jedan prostor koji nije bio adekvatno kori\u0161ten prenamijeniti u jo\u0161 jedan ured i mislim da je to za sada dobar potez. Nakon \u0161to slatinski Radio preseli u novi prostor budu\u0107eg Slatinskog informativnog centra, Crveni kri\u017e i Udruga osoba s invaliditetom imat \u0107e vrlo korisne prostore za dodatno pro\u0161irenje i napokon \u0107e mo\u0107i raditi punim kapacitetom, \u2013 rekao je gradona\u010delnik Ostro\u0161i\u0107.<br \/>\n(www.radioslatina.hr)<\/p>\nngg_shortcode_0_placeholder\n","protected":false},"excerpt":{"rendered":"<p>Udruga osoba s invaliditetom Slatina djeluje u zgradi Centra nevladinih udruga na adresi Bra\u0107e Radi\u0107 13, gdje je smje\u0161ten i Radio Slatina, te Gradsko dru\u0161tvo<span class=\"excerpt-hellip\"> [\u2026]<\/span><\/p>\n","protected":false},"author":5,"featured_media":106266,"comment_status":"closed","ping_status":"closed","sticky":false,"template":"","format":"standard","meta":{"ngg_post_thumbnail":0,"footnotes":""},"categories":[137,139],"tags":[],"class_list":["post-106256","post","type-post","status-publish","format-standard","has-post-thumbnail","hentry","category-naslovnica","category-sport-kultura-i-udruge"],"_links":{"self":[{"href":"https:\/\/www.slatina.hr\/portal\/wp-json\/wp\/v2\/posts\/106256","targetHints":{"allow":["GET"]}}],"collection":[{"href":"https:\/\/www.slatina.hr\/portal\/wp-json\/wp\/v2\/posts"}],"about":[{"href":"https:\/\/www.slatina.hr\/portal\/wp-json\/wp\/v2\/types\/post"}],"author":[{"embeddable":true,"href":"https:\/\/www.slatina.hr\/portal\/wp-json\/wp\/v2\/users\/5"}],"replies":[{"embeddable":true,"href":"https:\/\/www.slatina.hr\/portal\/wp-json\/wp\/v2\/comments?post=106256"}],"version-history":[{"count":1,"href":"https:\/\/www.slatina.hr\/portal\/wp-json\/wp\/v2\/posts\/106256\/revisions"}],"predecessor-version":[{"id":106267,"href":"https:\/\/www.slatina.hr\/portal\/wp-json\/wp\/v2\/posts\/106256\/revisions\/106267"}],"wp:featuredmedia":[{"embeddable":true,"href":"https:\/\/www.slatina.hr\/portal\/wp-json\/wp\/v2\/media\/106266"}],"wp:attachment":[{"href":"https:\/\/www.slatina.hr\/portal\/wp-json\/wp\/v2\/media?parent=106256"}],"wp:term":[{"taxonomy":"category","embeddable":true,"href":"https:\/\/www.slatina.hr\/portal\/wp-json\/wp\/v2\/categories?post=106256"},{"taxonomy":"post_tag","embeddable":true,"href":"https:\/\/www.slatina.hr\/portal\/wp-json\/wp\/v2\/tags?post=106256"}],"curies":[{"name":"wp","href":"https:\/\/api.w.org\/{rel}","templated":true}]}}