{"id":106209,"date":"2021-05-19T08:53:05","date_gmt":"2021-05-19T06:53:05","guid":{"rendered":"https:\/\/www.slatina.hr\/portal\/?p=106209"},"modified":"2021-05-19T08:53:05","modified_gmt":"2021-05-19T06:53:05","slug":"obiljezavanje-medunarodnog-dana-muzeja-u-slatini-zapoceo-otvorenjem-izlozbe-pastelne-skitnje-autora-zelimira-siska","status":"publish","type":"post","link":"https:\/\/www.slatina.hr\/portal\/obiljezavanje-medunarodnog-dana-muzeja-u-slatini-zapoceo-otvorenjem-izlozbe-pastelne-skitnje-autora-zelimira-siska\/","title":{"rendered":"Obilje\u017eavanje Me\u0111unarodnog dana muzeja u Slatini zapo\u010deo otvorenjem izlo\u017ebe \u201ePastelne skitnje\u201c autora \u017delimira \u0160i\u0161ka"},"content":{"rendered":"<h2 class=\"entry-sub-title\" style=\"text-align: center;\">Slike nadahnute krajolicima \u2013 majstor pastela \u017delimir \u0160i\u0161ko izla\u017ee u Slatini<\/h2>\n<hr>\n<p>U prigodi obilje\u017eavanja Me\u0111unarodnog dana muzeja, 18. svibnja Zavi\u010dajni muzej Slatina, ove je godine svoje aktivnosti usmjerio prema umjetnosti i kreativnosti kao dvjema stranama iste medalje, stranama koje proizlaze jedna iz druge i jedna drugu nadopunjavaju.<\/p>\n<p><img loading=\"lazy\" decoding=\"async\" class=\"wp-image-209826 alignleft\" src=\"https:\/\/www.radioslatina.hr\/wp-content\/uploads\/2021\/05\/IMG_5995_1024x683.jpg\" sizes=\"auto, (max-width: 300px) 100vw, 300px\" srcset=\"https:\/\/www.radioslatina.hr\/wp-content\/uploads\/2021\/05\/IMG_5995_1024x683.jpg 1024w, https:\/\/www.radioslatina.hr\/wp-content\/uploads\/2021\/05\/IMG_5995_1024x683-768x512.jpg 768w\" alt=\"\" width=\"300\" height=\"200\">Program je ju\u010der zapo\u010deo otvorenjem izlo\u017ebe \u201ePastelne skitnje\u201c autora \u017delimira \u0160i\u0161ka, a na samom po\u010detku posjetitelje me\u0111u kojima su se na\u0161li i gradona\u010delnik Grada Slatine Denis Ostro\u0161i\u0107 i dogradona\u010delnica Sanja Mrzljak Jovani\u0107, pozdravio je ravnatelj Zavi\u010dajnog muzeja Slatina Vlado Majhen dok je autora predstavio kustos Sr\u0111an \u0110uri\u010di\u0107.<br \/>\nTom je prigodom istaknuo kako je Dan muzeja poseban za sve muzealce iz razloga \u0161to se kroz njega o\u010dituje sve ono \u0161to muzeji jesu; mjesto komunikacije, mjesto susretanja i dru\u017eenja, ali jednako tako i mjesto gdje lokalna zajednica komunicira sa svojom pro\u0161lo\u0161\u0107u, sada\u0161njo\u0161\u0107u i budu\u0107no\u0161\u0107u svoga grada.<\/p>\n<p><img loading=\"lazy\" decoding=\"async\" class=\"wp-image-209827 alignright\" src=\"https:\/\/www.radioslatina.hr\/wp-content\/uploads\/2021\/05\/IMG_6059_1024x683.jpg\" sizes=\"auto, (max-width: 300px) 100vw, 300px\" srcset=\"https:\/\/www.radioslatina.hr\/wp-content\/uploads\/2021\/05\/IMG_6059_1024x683.jpg 1024w, https:\/\/www.radioslatina.hr\/wp-content\/uploads\/2021\/05\/IMG_6059_1024x683-768x512.jpg 768w\" alt=\"\" width=\"300\" height=\"200\">\u2013 Ono \u0161to muzeji generiraju je znanje koje se prenosi i to je osnovni smisao Me\u0111unarodnog dana muzeja koji ove godine zapo\u010dinjemo predstavljanjem umjetnika koji nam kroz svoje radove u tehnici pastela predstavlja krajolike, okolinu, prostor, te na tragu realisti\u010dnog prikaza i svoje osobno vi\u0111enje, \u2013 istaknuo je \u0110uri\u010di\u0107.<\/p>\n<p>\u017delimir \u0160i\u0161ko, ro\u0111eni Si\u0161\u010danin, slikar iz Kutine i predsjednik Likovnog dru\u0161tva \u201eMoslava\u010dki krug\u201c iz Popova\u010de, slatinskoj likovnoj publici predstavlja se pomalo nestvarnim krajolicima kroz igru mrlje, boje i svijetla u varijacijama tonskog i koloristi\u010dkog slikarstva i ovo mu je prva samostalna izlo\u017eba u Slatini, ina\u010de njegova ukupno 86 samostalna izlo\u017eba.<\/p>\n<p><img loading=\"lazy\" decoding=\"async\" class=\"wp-image-209828 alignleft\" src=\"https:\/\/www.radioslatina.hr\/wp-content\/uploads\/2021\/05\/IMG_6037_1024x683.jpg\" sizes=\"auto, (max-width: 300px) 100vw, 300px\" srcset=\"https:\/\/www.radioslatina.hr\/wp-content\/uploads\/2021\/05\/IMG_6037_1024x683.jpg 1024w, https:\/\/www.radioslatina.hr\/wp-content\/uploads\/2021\/05\/IMG_6037_1024x683-768x512.jpg 768w\" alt=\"\" width=\"300\" height=\"200\">U svom predstavljanju \u0160i\u0161ko je istaknuo kako je u Slatini \u010dest gost gdje dolazi unazad 12 godina zahvaljuju\u0107i predsjedniku slatinskog Likovnog kluba Josipu Griblu, te je sudjelovao na 6-7 likovnih kolonija s kojih su se njegovi radovi na\u0161li u domovima pojedinih Slatin\u010dana. Ve\u0107 tada je imao \u017eelju za izlaganjem u Slatini koja se napokon ostvarila zahvaljuju\u0107i njegovom prijateljstvu sa Slatin\u010daninom Davorom Dvojakom koji je uspostavio ovu suradnju sa Zavi\u010dajnim muzejom u Slatini. Svima njima se zahvalio \u0161to su mu omogu\u0107ili predstavljanje ove pomalo i retrospektivne izlo\u017ebe slatinskoj publici koja ima prigodu vidjeti pomak u njegovom radu kroz slike s po\u010detka 90.-ih godina do sada.<\/p>\n<p>\u017delimir \u0160i\u0161ko u svijet slika ulazi rano, jo\u0161 u osnovnoj \u0161koli i kroz tri desetlje\u0107a likovnog rada zauzima visoko mjesto u suvremenom hrvatskom slikarstvu. Iako je iza njega dugo tridesetogodi\u0161nje razdoblje izlaganja te\u0161ko se na to odlu\u010dio, kako je rekao, nije imao dovoljno hrabrosti:<\/p>\n<p><img loading=\"lazy\" decoding=\"async\" class=\"wp-image-209830 alignright\" src=\"https:\/\/www.radioslatina.hr\/wp-content\/uploads\/2021\/05\/IMG_5963_1024x683.jpg\" sizes=\"auto, (max-width: 300px) 100vw, 300px\" srcset=\"https:\/\/www.radioslatina.hr\/wp-content\/uploads\/2021\/05\/IMG_5963_1024x683.jpg 1024w, https:\/\/www.radioslatina.hr\/wp-content\/uploads\/2021\/05\/IMG_5963_1024x683-768x512.jpg 768w\" alt=\"\" width=\"300\" height=\"200\">\u2013 Mora do\u0107i do jednog trenutka kada vas netko nagovori ili kad sami shvatite da je vrijeme maknuti se iz ateljea i pokazati ljudima \u0161to ja radim. Ja nisam akademski slikar i cijeli se \u017eivot u\u010dim, i imao sam tu sre\u0107u da mi je ujak bio profesor na akademiji u Zagrebu. On me usmjeravao, osobito u po\u010detku u crte\u017eu koji je po meni osnova slikarstva \u0161to mnogi zaboravljaju, tako da imam jednu dobru osnovu, slikam, izla\u017eem i u\u017eivam, \u2013 istaknuo je \u0160i\u0161ko.<\/p>\n<p>Izlazak iz ateljea pokazao se dobrim jer od tada sudjeluje na brojnim skupnim izlo\u017ebama i likovnim kolonijama, neke i sam organizira, a za likovni i dizajnerski rad \u0160i\u0161ko je primio velik broj priznanja i nagrada, izme\u0111u ostalih i Godi\u0161nju nagradu za doprinos ugleda i promid\u017ebe Sisa\u010dko-moslava\u010dke \u017eupanije.<\/p>\n<p>\u2013 Ova izlo\u017eba je realizam, ali ja sebe tra\u017eim u jednom odmaku od realizma \u0161to je nai\u0161lo na pohvalu likovnih kriti\u010dara i povjesni\u010dara umjetnosti koji me prate. \u010cak su predlo\u017eili da pojedine radove koji se mogu vidjeti i na ovoj izlo\u017ebi ne prodam ve\u0107 ih zadr\u017eim za svoje predstavljanje. Me\u0111utim ja ih prodajem, ali uvijek napravim nove slike, mo\u017eda s istim motivom ali sada ih radim na drugi na\u010din i to je taj pomak koji prati moj rad, \u2013 rekao je autor izlo\u017ebe \u017delimir \u0160i\u0161ko.<\/p>\n<p><img loading=\"lazy\" decoding=\"async\" class=\"wp-image-209831 alignleft\" src=\"https:\/\/www.radioslatina.hr\/wp-content\/uploads\/2021\/05\/IMG_6039_1024x683.jpg\" sizes=\"auto, (max-width: 300px) 100vw, 300px\" srcset=\"https:\/\/www.radioslatina.hr\/wp-content\/uploads\/2021\/05\/IMG_6039_1024x683.jpg 1024w, https:\/\/www.radioslatina.hr\/wp-content\/uploads\/2021\/05\/IMG_6039_1024x683-768x512.jpg 768w\" alt=\"\" width=\"300\" height=\"200\">U ime Grada Slatine nazo\u010dne je pozdravio gradona\u010delnik Denis Ostro\u0161i\u0107, osobito autora izlo\u017ebe \u017delimira \u0160i\u0161ka kojega je upoznao na likovnim kolonijama u Slatini.<\/p>\n<p>\u2013 Gospodina \u0160i\u0161ka kao tihog \u010dovjeka nisam na prvu mogao spojiti s onim \u0161to radi, me\u0111utim kad pogleda\u0161 potez onda shvati\u0161 da je doista majstor pastela s nama. Drago mi je da jedna va\u0161a slika s prikazom crkve sv. Josipa krasi i moj dom, i da Slatin\u010dani napokon imaju priliku vidjeti svo ovo bogatstvo va\u0161ih radova. Vjerujem da \u0107e ove \u201eskitnje\u201c tako\u0111er prona\u0107i mjesto u domovima na\u0161ih sugra\u0111ana te da \u0107emo u Slatini imati prigodu vidjeti jo\u0161 nekoliko va\u0161ih izlo\u017ebi, \u2013 rekao je gradona\u010delnik Ostro\u0161i\u0107, te proglasio izlo\u017ebu \u201ePastelne skitnje\u201c otvorenom.<\/p>\n<p>Izlo\u017ebu \u0107e posjetitelji u slatinskom Zavi\u010dajnom muzeju mo\u0107i razgledati narednih mjesec i pol dana, a nekoliko umjetni\u010dkih radova \u017delimira \u0160i\u0161ka ve\u0107 je na otvorenju prona\u0161lo nove vlasnike.<\/p>\n<p>Obilje\u017eavanje Me\u0111unarodnog dana muzeja u Slatini nastavlja se danas programom \u201eLjepota i blagodati prirode\u201c koji \u0107e se zbog lo\u0161ih vremenskih prilika umjesto, kako je najavljeno u gradskom Parku, odr\u017eati u prostoru Zavi\u010dajnog muzeja, a rije\u010d je o predstavljanju Osnovne \u0161kole Eugena Kumi\u010di\u0107a Slatina kroz dvije izlo\u017ebe i tri radionice.<\/p>\n<p>Program obuhva\u0107a:&nbsp;<\/p>\n<p>10:00 \u2013&nbsp;<em>Izlo\u017eba pre\u0161anog bilja&nbsp;<\/em>u\u010denika O\u0160 Eugena Kumi\u010di\u0107a Slatina s&nbsp; mentoricama Rajkom Avirovi\u0107 Ga\u0107a i Renatom Grahovac.<\/p>\n<p>10:00 \u2013&nbsp;<em>Izlo\u017eba fotografija Gite \u0160poljari\u0107<\/em>, u\u010denice 7. razreda pod mentorstvom Silvije Ma\u0111ari\u0107<\/p>\n<p>10:00 \u2013 12:00 \u2013 Radionica&nbsp;<em>Pre\u0161anje bilja<\/em>, voditeljica Rajka Avirovi\u0107 Ga\u0107a<\/p>\n<p>12:00 \u2013&nbsp; 14:00 \u2013 Radionica&nbsp;<em>Izrada prirodne kozmetike<\/em>, voditeljica Rajka Avirovi\u0107&nbsp;Ga\u0107a<\/p>\n<p>14:00 \u2013 16:00 \u2013&nbsp;<em>Oslikavanje prirodnih materijala<\/em>, voditeljica Renata Grahovac.<\/p>\n<p>Sukladno preporukama za sprje\u010davanje \u0161irenja infekcije koronavirusa ulasci su ograni\u010deni uz pridr\u017eavanje svih epidemiolo\u0161kih mjera.<br \/>\n(www.radioslatina.hr)<\/p>\nngg_shortcode_0_placeholder\n","protected":false},"excerpt":{"rendered":"<p>Slike nadahnute krajolicima \u2013 majstor pastela \u017delimir \u0160i\u0161ko izla\u017ee u Slatini U prigodi obilje\u017eavanja Me\u0111unarodnog dana muzeja, 18. svibnja Zavi\u010dajni muzej Slatina, ove je godine<span class=\"excerpt-hellip\"> [\u2026]<\/span><\/p>\n","protected":false},"author":5,"featured_media":106235,"comment_status":"closed","ping_status":"closed","sticky":false,"template":"","format":"standard","meta":{"ngg_post_thumbnail":0,"footnotes":""},"categories":[137,139],"tags":[],"class_list":["post-106209","post","type-post","status-publish","format-standard","has-post-thumbnail","hentry","category-naslovnica","category-sport-kultura-i-udruge"],"_links":{"self":[{"href":"https:\/\/www.slatina.hr\/portal\/wp-json\/wp\/v2\/posts\/106209","targetHints":{"allow":["GET"]}}],"collection":[{"href":"https:\/\/www.slatina.hr\/portal\/wp-json\/wp\/v2\/posts"}],"about":[{"href":"https:\/\/www.slatina.hr\/portal\/wp-json\/wp\/v2\/types\/post"}],"author":[{"embeddable":true,"href":"https:\/\/www.slatina.hr\/portal\/wp-json\/wp\/v2\/users\/5"}],"replies":[{"embeddable":true,"href":"https:\/\/www.slatina.hr\/portal\/wp-json\/wp\/v2\/comments?post=106209"}],"version-history":[{"count":2,"href":"https:\/\/www.slatina.hr\/portal\/wp-json\/wp\/v2\/posts\/106209\/revisions"}],"predecessor-version":[{"id":106237,"href":"https:\/\/www.slatina.hr\/portal\/wp-json\/wp\/v2\/posts\/106209\/revisions\/106237"}],"wp:featuredmedia":[{"embeddable":true,"href":"https:\/\/www.slatina.hr\/portal\/wp-json\/wp\/v2\/media\/106235"}],"wp:attachment":[{"href":"https:\/\/www.slatina.hr\/portal\/wp-json\/wp\/v2\/media?parent=106209"}],"wp:term":[{"taxonomy":"category","embeddable":true,"href":"https:\/\/www.slatina.hr\/portal\/wp-json\/wp\/v2\/categories?post=106209"},{"taxonomy":"post_tag","embeddable":true,"href":"https:\/\/www.slatina.hr\/portal\/wp-json\/wp\/v2\/tags?post=106209"}],"curies":[{"name":"wp","href":"https:\/\/api.w.org\/{rel}","templated":true}]}}