{"id":106130,"date":"2021-05-14T15:03:31","date_gmt":"2021-05-14T13:03:31","guid":{"rendered":"https:\/\/www.slatina.hr\/portal\/?p=106130"},"modified":"2021-05-14T15:03:31","modified_gmt":"2021-05-14T13:03:31","slug":"odrzana-zavrsna-konferencija-projekta-epicentar-sequoia-slatina","status":"publish","type":"post","link":"https:\/\/www.slatina.hr\/portal\/odrzana-zavrsna-konferencija-projekta-epicentar-sequoia-slatina\/","title":{"rendered":"Odr\u017eana zavr\u0161na konferencija projekta \u201eEPIcentar Sequoia Slatina\u201c"},"content":{"rendered":"<p>U skladu s epidemiolo\u0161kim mjerama danas je u konferencijskoj dvorani EPIcentra Sequoia odr\u017eana zavr\u0161na konferencija projekta \u201eEPIcentar Sequoia Slatina\u201c koji je jedan od najve\u0107ih projekata u povijesti Grada Slatine vrijedan preko 20 milijuna kuna.<\/p>\n<p>Projekt koji je Grad Slatina u suradnji s Gradskom razvojnom agencijom Slatine prijavio na Javni poziv Ministarstva regionalnog razvoja i fondova Europske unije sufinancirala je Europska unija iz Europskog fonda za regionalni razvoj, Operativnog programa Konkurentnost i kohezija 2014. \u2013 2020., u sklopu poziva za dostavu projektnih prijedloga \u201ePromicanje odr\u017eivog razvoja prirodne ba\u0161tine\u201c. Tako\u0111er vlastito u\u010de\u0161\u0107e grada Slatine sufinancirano je od strane Ministarstva regionalnog razvoja i europske unije u iznosu od 3.256.673,62 kune.<\/p>\n<p>Projekt su proveli Grad Slatina kao korisnik te partneri na projektu: Turisti\u010dka zajednica Grada Slatine i Javna ustanova za upravljanje za\u0161ti\u0107enim dijelovima prirode i ekolo\u0161kom mre\u017eom Viroviti\u010dko-podravske \u017eupanije.\u201c<\/p>\n<p><img loading=\"lazy\" decoding=\"async\" class=\"wp-image-209473 alignleft\" src=\"https:\/\/www.radioslatina.hr\/wp-content\/uploads\/2021\/05\/20210514_091657_1024x577.jpg\" sizes=\"auto, (max-width: 300px) 100vw, 300px\" srcset=\"https:\/\/www.radioslatina.hr\/wp-content\/uploads\/2021\/05\/20210514_091657_1024x577.jpg 1024w, https:\/\/www.radioslatina.hr\/wp-content\/uploads\/2021\/05\/20210514_091657_1024x577-768x433.jpg 768w, https:\/\/www.radioslatina.hr\/wp-content\/uploads\/2021\/05\/20210514_091657_1024x577-390x220.jpg 390w\" alt=\"\" width=\"300\" height=\"169\">Na samom po\u010detku sve nazo\u010dne pozdravio je gradona\u010delnik Grada Slatine Denis Ostro\u0161i\u0107 koji je tom prigodom istaknuo zna\u010daj ovog projekta za Slatinu koji \u0107e kada za\u017eivi punim kapacitetom predstavljati konkretan okvir za Strategiju razvoja turizma u Slatini.<\/p>\n<p>\u2013 Vjerujem da \u0107e brojni Slatin\u010dani i gosti Slatine mo\u0107i provoditi vrijeme i u\u017eivati u ovom prekrasnom prostoru koji sada doista zajedno s centrom Slatine \u010dini jednu cjelinu.<br \/>\n\u010cinjenica je da smo kroz ovih nekoliko godina od projektne ideje do dana\u0161njeg dana u\u010dinili sve da napravimo onako kako treba, onako kako se planiralo, a \u010dini mi se da smo u tome uspjeli, barem po reakcijama gra\u0111ana kojima je ovaj prostor otvoren sa svih strana i ve\u0107 je postao novo sredi\u0161te Slatine koja je dobila jedan novi identitet, \u2013 rekao je gradona\u010delnik Ostro\u0161i\u0107 zahvaliv\u0161i se svima koji su participirali u realizaciji ovoga projekta.&nbsp;<\/p>\n<p><img loading=\"lazy\" decoding=\"async\" class=\"wp-image-209474 alignright\" src=\"https:\/\/www.radioslatina.hr\/wp-content\/uploads\/2021\/05\/20210514_091857_1024x577.jpg\" sizes=\"auto, (max-width: 300px) 100vw, 300px\" srcset=\"https:\/\/www.radioslatina.hr\/wp-content\/uploads\/2021\/05\/20210514_091857_1024x577.jpg 1024w, https:\/\/www.radioslatina.hr\/wp-content\/uploads\/2021\/05\/20210514_091857_1024x577-768x433.jpg 768w, https:\/\/www.radioslatina.hr\/wp-content\/uploads\/2021\/05\/20210514_091857_1024x577-390x220.jpg 390w\" alt=\"\" width=\"300\" height=\"169\">Projektne aktivnosti predstavili su: u ime Grada Slatine pro\u010delnik Upravnog odjela za razvoj grada Marin Kokori\u0107, te u ime partnera, pomo\u0107nik direktora Turisti\u010dke zajednice Grada Slatine Hrvoje Valpovac i ravnateljica Javne ustanove za upravljanje za\u0161ti\u0107enim dijelovima prirode i ekolo\u0161kom mre\u017eom VP\u017d Tatjana Arnold Sabo, a sudionici zavr\u0161ne konferencije imali su priliku pogledati i kratki film koji su u produkciji Felbar medije pripremili Tomislav, Hrvoje i \u017deljko Felbar te Zoran Tkalec. Nakon prezentacija u pratnji pro\u010delnika Marina Kokori\u0107a i vi\u0161eg stru\u010dnog suradnika za gospodarstvo i projekte Jurice Culeja kratkim obilaskom prezentirani su prostori posjetiteljskog centra.<\/p>\n<p><img loading=\"lazy\" decoding=\"async\" class=\"wp-image-209475 alignleft\" src=\"https:\/\/www.radioslatina.hr\/wp-content\/uploads\/2021\/05\/20210514_092507_1024x577.jpg\" sizes=\"auto, (max-width: 300px) 100vw, 300px\" srcset=\"https:\/\/www.radioslatina.hr\/wp-content\/uploads\/2021\/05\/20210514_092507_1024x577.jpg 1024w, https:\/\/www.radioslatina.hr\/wp-content\/uploads\/2021\/05\/20210514_092507_1024x577-768x433.jpg 768w, https:\/\/www.radioslatina.hr\/wp-content\/uploads\/2021\/05\/20210514_092507_1024x577-390x220.jpg 390w\" alt=\"\" width=\"300\" height=\"169\">Potom su sudionici zavr\u0161ne konferencije na \u010delu s gradona\u010delnikom Denisom Ostro\u0161i\u0107em i njegovim zamjenicima Sanjom Mrzljak Jovani\u0107 i Bojanom Plantakom pro\u0161etali pou\u010dnom stazom EPIcentra i nazo\u010dili prezentaciji stalnog postava u dvorani interpretacijskog centra gdje ih je ravnateljica Javne ustanove za upravljanje za\u0161ti\u0107enim dijelovima prirode i ekolo\u0161kom mre\u017eom VP\u017d Tatjana Arnold Sabo upoznala s prirodnim znamenitostima i zna\u010dajkama samog podru\u010dja EPIcentra.<\/p>\n<p><img loading=\"lazy\" decoding=\"async\" class=\"wp-image-209476 alignright\" src=\"https:\/\/www.radioslatina.hr\/wp-content\/uploads\/2021\/05\/20210514_093844_1024x577.jpg\" sizes=\"auto, (max-width: 300px) 100vw, 300px\" srcset=\"https:\/\/www.radioslatina.hr\/wp-content\/uploads\/2021\/05\/20210514_093844_1024x577.jpg 1024w, https:\/\/www.radioslatina.hr\/wp-content\/uploads\/2021\/05\/20210514_093844_1024x577-768x433.jpg 768w, https:\/\/www.radioslatina.hr\/wp-content\/uploads\/2021\/05\/20210514_093844_1024x577-390x220.jpg 390w\" alt=\"\" width=\"300\" height=\"169\">U sklopu EPIcentra ure\u0111ene su dvije zgrade od kojih jedna predstavlja posjetiteljski centar s hostelom kapaciteta 32 le\u017eaja, konferencijskim dvoranama, suvenirnicom, restoranom s terasom i modernom kuhinjom, dok je u drugoj smje\u0161ten interpretacijski centar u kojemu se nalazi stalni postav s promatra\u010dnicom, te dvije dvorane za edukacije i prezentacije.<\/p>\n<p>Sredi\u0161te samog EPIcentra je mamutovac, jedini za\u0161ti\u0107eni primjerak ove vrste u Hrvatskoj te je me\u0111u najstarijima u Europi, a za\u0161ti\u0107en je kao spomenik prirode jo\u0161 od 1967. godine. Oko njega su ure\u0111ene pou\u010dne staze koje se granaju diljem za\u0161ti\u0107enog parka u kojemu su smje\u0161teni razni zanimljivi sadr\u017eaji kao \u0161to su dje\u010dje igrali\u0161te, sjenice i pergole, te pametne klupe kao i klupe za odmor, a cijeli je okoli\u0161 dodatno uljep\u0161an cvjetnjacima i raznolikim biljem.<br \/>\n(www.radioslatina.hr)<\/p>\n<p><img loading=\"lazy\" decoding=\"async\" class=\"alignnone size-full wp-image-106161\" src=\"https:\/\/www.slatina.hr\/portal\/wp-content\/uploads\/2021\/05\/Slika1-768x112-1.png\" alt=\"\" width=\"768\" height=\"112\" srcset=\"https:\/\/www.slatina.hr\/portal\/wp-content\/uploads\/2021\/05\/Slika1-768x112-1.png 768w, https:\/\/www.slatina.hr\/portal\/wp-content\/uploads\/2021\/05\/Slika1-768x112-1-260x38.png 260w, https:\/\/www.slatina.hr\/portal\/wp-content\/uploads\/2021\/05\/Slika1-768x112-1-50x7.png 50w, https:\/\/www.slatina.hr\/portal\/wp-content\/uploads\/2021\/05\/Slika1-768x112-1-150x22.png 150w, https:\/\/www.slatina.hr\/portal\/wp-content\/uploads\/2021\/05\/Slika1-768x112-1-620x90.png 620w\" sizes=\"auto, (max-width:767px) 480px, (max-width:768px) 100vw, 768px\" \/><\/p>\nngg_shortcode_0_placeholder\n","protected":false},"excerpt":{"rendered":"<p>U skladu s epidemiolo\u0161kim mjerama danas je u konferencijskoj dvorani EPIcentra Sequoia odr\u017eana zavr\u0161na konferencija projekta \u201eEPIcentar Sequoia Slatina\u201c koji je jedan od najve\u0107ih projekata<span class=\"excerpt-hellip\"> [\u2026]<\/span><\/p>\n","protected":false},"author":5,"featured_media":106159,"comment_status":"closed","ping_status":"closed","sticky":false,"template":"","format":"standard","meta":{"ngg_post_thumbnail":0,"footnotes":""},"categories":[136,137,165],"tags":[],"class_list":["post-106130","post","type-post","status-publish","format-standard","has-post-thumbnail","hentry","category-grad-slatina","category-naslovnica","category-projekt-epicentar-sequoia-slatina"],"_links":{"self":[{"href":"https:\/\/www.slatina.hr\/portal\/wp-json\/wp\/v2\/posts\/106130","targetHints":{"allow":["GET"]}}],"collection":[{"href":"https:\/\/www.slatina.hr\/portal\/wp-json\/wp\/v2\/posts"}],"about":[{"href":"https:\/\/www.slatina.hr\/portal\/wp-json\/wp\/v2\/types\/post"}],"author":[{"embeddable":true,"href":"https:\/\/www.slatina.hr\/portal\/wp-json\/wp\/v2\/users\/5"}],"replies":[{"embeddable":true,"href":"https:\/\/www.slatina.hr\/portal\/wp-json\/wp\/v2\/comments?post=106130"}],"version-history":[{"count":2,"href":"https:\/\/www.slatina.hr\/portal\/wp-json\/wp\/v2\/posts\/106130\/revisions"}],"predecessor-version":[{"id":106162,"href":"https:\/\/www.slatina.hr\/portal\/wp-json\/wp\/v2\/posts\/106130\/revisions\/106162"}],"wp:featuredmedia":[{"embeddable":true,"href":"https:\/\/www.slatina.hr\/portal\/wp-json\/wp\/v2\/media\/106159"}],"wp:attachment":[{"href":"https:\/\/www.slatina.hr\/portal\/wp-json\/wp\/v2\/media?parent=106130"}],"wp:term":[{"taxonomy":"category","embeddable":true,"href":"https:\/\/www.slatina.hr\/portal\/wp-json\/wp\/v2\/categories?post=106130"},{"taxonomy":"post_tag","embeddable":true,"href":"https:\/\/www.slatina.hr\/portal\/wp-json\/wp\/v2\/tags?post=106130"}],"curies":[{"name":"wp","href":"https:\/\/api.w.org\/{rel}","templated":true}]}}