{"id":106080,"date":"2021-05-14T08:35:29","date_gmt":"2021-05-14T06:35:29","guid":{"rendered":"https:\/\/www.slatina.hr\/portal\/?p=106080"},"modified":"2021-05-14T08:35:29","modified_gmt":"2021-05-14T06:35:29","slug":"u-slatini-predstavljen-projekt-revitalizacija-parka-136-slatinske-brigade","status":"publish","type":"post","link":"https:\/\/www.slatina.hr\/portal\/u-slatini-predstavljen-projekt-revitalizacija-parka-136-slatinske-brigade\/","title":{"rendered":"U Slatini predstavljen projekt \u201eRevitalizacija Parka 136. slatinske brigade\u201c"},"content":{"rendered":"<p>U organizaciji Grada Slatine, Turisti\u010dke zajednice Grada Slatine, Zavi\u010dajnog muzeja Slatina, Radio Slatine i tvrtke Helion Group iz Osijeka ju\u010der je u velikoj dvorani Hrvatskog doma u Slatini odr\u017eana prezentacija projekta \u201eRevitalizacija Parka 136. slatinske brigade\u201c.<\/p>\n<p><img loading=\"lazy\" decoding=\"async\" class=\"wp-image-209362 alignleft\" src=\"https:\/\/www.radioslatina.hr\/wp-content\/uploads\/2021\/05\/IMG_5742_1024x683.jpg\" sizes=\"auto, (max-width: 300px) 100vw, 300px\" srcset=\"https:\/\/www.radioslatina.hr\/wp-content\/uploads\/2021\/05\/IMG_5742_1024x683.jpg 1024w, https:\/\/www.radioslatina.hr\/wp-content\/uploads\/2021\/05\/IMG_5742_1024x683-768x512.jpg 768w\" alt=\"\" width=\"300\" height=\"200\">Na samom po\u010detku nazo\u010dne je pozdravio gradona\u010delnik Grada Slatine Denis Ostro\u0161i\u0107 koji je tom prigodom istaknuo kako Grad Slatina me\u0111u brojnim projektima planira i projekt Revitalizacije Parka 136. slatinske brigade \u010diju su vizualizaciju pripremili Zavi\u010dajni muzej Slatina i tvrtka Helion Group, a projekt \u0107e se u idu\u0107ih nekoliko godina kandidirati kako se natje\u010daji budu otvarali.<\/p>\n<p>\u2013 Ono \u0161to je bitno naglasiti je \u010dinjenica da je Park 136. slatinske brigade u proteklih 70 godina dao svoje i moramo razmi\u0161ljati o idu\u0107ih 70 godina. Bit \u0107e to jedna velika prilika za grad Slatinu da spoji Trg sv. Josipa, odnosno ure\u0111enost centra grada doslovno s ostalim segmentima koji su ve\u0107 ure\u0111eni poput kompleksa Sequoie, energetskim obnovama POU Slatina i Gradske uprave, zatim kandidiranjem energetske obnove zgrade Hrvatskog doma i Zavi\u010dajnog muzeja, u jedan prekrasni kompleks, \u2013 rekao je gradona\u010delnik Ostro\u0161i\u0107 naglasiv\u0161i kako ovim projektom idemo iz povijesti prema budu\u0107nosti. &nbsp;&nbsp;<\/p>\n<p><img loading=\"lazy\" decoding=\"async\" class=\"wp-image-209363 alignright\" src=\"https:\/\/www.radioslatina.hr\/wp-content\/uploads\/2021\/05\/IMG_5769_1024x683.jpg\" sizes=\"auto, (max-width: 300px) 100vw, 300px\" srcset=\"https:\/\/www.radioslatina.hr\/wp-content\/uploads\/2021\/05\/IMG_5769_1024x683.jpg 1024w, https:\/\/www.radioslatina.hr\/wp-content\/uploads\/2021\/05\/IMG_5769_1024x683-768x512.jpg 768w\" alt=\"\" width=\"300\" height=\"200\">Kustos Zavi\u010dajnog muzeja Slatina Sr\u0111an \u0110uri\u010di\u0107 u prvom dijelu predstavljanja prikazao je povijesne okolnosti i razvojne faze kroz koje je pro\u0161ao sredi\u0161nji dio Slatine, od 18. stolje\u0107a do trenutnog stanja, s posebnim fokusom na prostor dana\u0161njeg Parka 136. slatinske brigade. Prezentacija \u0107e bila popra\u0107ena povijesnim fotografijama i kartama iz fundusa Zavi\u010dajnog muzeja Slatina, koje su ujedno i glavni izvor o nastanku i razvoju sredi\u0161njeg gradskog parka.<\/p>\n<p>Nakon vizualne \u0161etnje kroz pro\u0161lost posjetitelji su imali prigodu vidjeti kako \u0107e samo sredi\u0161te Slatine izgledati u budu\u0107nosti.<br \/>\nKonkretan prikaz projekta Revitalizacije Parka 136. slatinske brigade iznijela je krajobrazna arhitektica tvrtke Helion Group Andrea Knez, autorica prezentacije kojom je predstavljeno novo arhitektonsko-krajobrazno rje\u0161enje Parka.<\/p>\n<p>Revitalizacijom Parka 136. slatinske brigade planirano je uvo\u0111enje novih prostora, sadr\u017eaja i opreme, pri tome po\u0161tuju\u0107i dana\u0161nji koncept.<\/p>\n<p>U parku je trenuta\u010dno 80-ak stabala od kojih \u0107e se 15-ak ukloniti te zasaditi novih 99 stabala, kao i preko 500 grmova, te oko 1000 cvjetnica, odnosno ru\u017ea i ostaloga cvije\u0107a.<\/p>\n<p><img loading=\"lazy\" decoding=\"async\" class=\"wp-image-209364 alignleft\" src=\"https:\/\/www.radioslatina.hr\/wp-content\/uploads\/2021\/05\/IMG_5793_1024x683.jpg\" sizes=\"auto, (max-width: 300px) 100vw, 300px\" srcset=\"https:\/\/www.radioslatina.hr\/wp-content\/uploads\/2021\/05\/IMG_5793_1024x683.jpg 1024w, https:\/\/www.radioslatina.hr\/wp-content\/uploads\/2021\/05\/IMG_5793_1024x683-768x512.jpg 768w\" alt=\"\" width=\"300\" height=\"200\">\u2013 Park se pro\u0161iruje novim sadr\u017eajima, tako da se parkirali\u0161te na jugozapadu uklanja te \u0107e se na tom prostoru urediti trg sa stolovima i klupama za djecu ispred Zavi\u010dajnog muzeja, odnosno budu\u0107e Glazbene \u0161kole, gdje se planira postaviti i bista ili spomenik Milku Kelemenu.<\/p>\n<p>U parku \u0107emo prije svega otvoriti novu centralnu aleju koja \u0107e gledati prema zgradi Gradske uprave i centralnom paviljonu. Neke postoje\u0107e staze \u0107emo ostaviti, ali \u0107emo sve skupa pro\u0161iriti da bi aleje mogle dobiti na va\u017enosti i osnovnoj funkciji, a to je okupljanje gra\u0111ana u raznim prigodama za \u0161to \u0107e staze \u0161iroke 6 metara biti daleko prikladnije kako se za vrijeme manifestacija vi\u0161e ne\u0107e gaziti zelene povr\u0161ine.<br \/>\nCentralni dio oko paviljona \u0107emo bogato urediti sadnjom ru\u017ea i drugog bilja, i taj \u0107e se dio zvati Rondo umjetnika jer su predvi\u0111ene klupe od kojih \u0107e svaka nositi ime jednog od slatinskih umjetnika s njihovim osnovnim podatcima na tri jezika i Brajevom pismu. Trg ispred Upravne zgrade \u0107emo pro\u0161iriti i urediti granitnim oplo\u010denjem i kamenim rubnjacima jer sada\u0161nje asfaltno stanje ne prili\u010di jednom gradskom parku. Otvaramo jo\u0161 dva manja prostora, organiziramo trg ispred crkve budu\u0107i da sada nema ure\u0111enog prostora za okupljanje poput vjen\u010danja gdje \u0107e se urediti prostor za fotografiranje mladenaca. Isto tako otvara se jedan manji trg kod spomenika poginulim hrvatskim braniteljima koji \u0107e biti prikladniji za odr\u017eavanje komemoracija.<br \/>\nPark \u0107e isto tako dobiti multifunkcionalno dje\u010dje igrali\u0161te gdje \u0107e sve sprave biti namijenjene i djeci s pote\u0161ko\u0107ama u razvoju. Osim toga park \u0107e dobiti i jednu zanimljivu atrakciju, odnosno glazbeni stup gdje \u0107e posjetitelji mo\u0107i poslu\u0161ati recital ili poeziju Mirka Jirsaka ili skladbe Milka Kelemena, \u2013 pojasnila je krajobrazna arhitektica Andrea Knez predstavljaju\u0107i nove sadr\u017eaje obuhva\u0107ene planiranom Revitalizacijom Parka 136. slatinske brigade. Tom je prigodom istaknula kako \u0107e se projekt prvom prilikom prijaviti na EU fondove jer fondova ima budu\u0107i da Europa puno ula\u017ee u revitalizacije gradskih jezgri, parkova, perivoja, i sl.<\/p>\n<p>Nakon prezentacije posjetitelji, me\u0111u kojima su se na\u0161li i direktor Turisti\u010dke Zajednice Grada Slatine Jurica Bosak, ravnatelj Zavi\u010dajnog muzeja Slatina Vlado Majhen i direktor Slatinskog informativnog centra Robert Turkalj, mogli su postavljati pitanja te na taj na\u010din doznati detalje ovoga projekta.<br \/>\n(www.radioslatina.hr)<\/p>\n<p>ngg_shortcode_0_placeholderngg_shortcode_1_placeholder<\/p>\n","protected":false},"excerpt":{"rendered":"<p>U organizaciji Grada Slatine, Turisti\u010dke zajednice Grada Slatine, Zavi\u010dajnog muzeja Slatina, Radio Slatine i tvrtke Helion Group iz Osijeka ju\u010der je u velikoj dvorani Hrvatskog<span class=\"excerpt-hellip\"> [\u2026]<\/span><\/p>\n","protected":false},"author":5,"featured_media":106106,"comment_status":"closed","ping_status":"closed","sticky":false,"template":"","format":"standard","meta":{"ngg_post_thumbnail":0,"footnotes":""},"categories":[136,137],"tags":[],"class_list":["post-106080","post","type-post","status-publish","format-standard","has-post-thumbnail","hentry","category-grad-slatina","category-naslovnica"],"_links":{"self":[{"href":"https:\/\/www.slatina.hr\/portal\/wp-json\/wp\/v2\/posts\/106080","targetHints":{"allow":["GET"]}}],"collection":[{"href":"https:\/\/www.slatina.hr\/portal\/wp-json\/wp\/v2\/posts"}],"about":[{"href":"https:\/\/www.slatina.hr\/portal\/wp-json\/wp\/v2\/types\/post"}],"author":[{"embeddable":true,"href":"https:\/\/www.slatina.hr\/portal\/wp-json\/wp\/v2\/users\/5"}],"replies":[{"embeddable":true,"href":"https:\/\/www.slatina.hr\/portal\/wp-json\/wp\/v2\/comments?post=106080"}],"version-history":[{"count":1,"href":"https:\/\/www.slatina.hr\/portal\/wp-json\/wp\/v2\/posts\/106080\/revisions"}],"predecessor-version":[{"id":106107,"href":"https:\/\/www.slatina.hr\/portal\/wp-json\/wp\/v2\/posts\/106080\/revisions\/106107"}],"wp:featuredmedia":[{"embeddable":true,"href":"https:\/\/www.slatina.hr\/portal\/wp-json\/wp\/v2\/media\/106106"}],"wp:attachment":[{"href":"https:\/\/www.slatina.hr\/portal\/wp-json\/wp\/v2\/media?parent=106080"}],"wp:term":[{"taxonomy":"category","embeddable":true,"href":"https:\/\/www.slatina.hr\/portal\/wp-json\/wp\/v2\/categories?post=106080"},{"taxonomy":"post_tag","embeddable":true,"href":"https:\/\/www.slatina.hr\/portal\/wp-json\/wp\/v2\/tags?post=106080"}],"curies":[{"name":"wp","href":"https:\/\/api.w.org\/{rel}","templated":true}]}}