{"id":106041,"date":"2021-05-13T14:21:13","date_gmt":"2021-05-13T12:21:13","guid":{"rendered":"https:\/\/www.slatina.hr\/portal\/?p=106041"},"modified":"2021-05-13T14:21:13","modified_gmt":"2021-05-13T12:21:13","slug":"gradonacelnik-uprilicio-jos-jedan-susret-s-poduzetnicima-grada-slatine","status":"publish","type":"post","link":"https:\/\/www.slatina.hr\/portal\/gradonacelnik-uprilicio-jos-jedan-susret-s-poduzetnicima-grada-slatine\/","title":{"rendered":"Gradona\u010delnik uprili\u010dio jo\u0161 jedan susret s poduzetnicima grada Slatine"},"content":{"rendered":"<p>U Gradskoj upravi Grada Slatine u skladu s epidemiolo\u0161kim mjerama uprili\u010den je drugi susret sa slatinskim poduzetnicima na kojemu su razmijenjena iskustva i informacije o budu\u0107im poslovnim aktivnostima koje se \u017eele subvencionirati iz Programa mjera.<\/p>\n<p>U nazo\u010dnosti vi\u0161eg stru\u010dnog suradnika za gospodarstvo i projekte Jurice Culeja i stru\u010dnog suradnika za projekte Branimira Kalanja, poduzetnike je pozdravio slatinski gradona\u010delnik Denis Ostro\u0161i\u0107 te im uru\u010dio Rje\u0161enja o odobrenju sredstava iz Programa mjera poticanja razvoja malog i srednjeg poduzetni\u0161tva na podru\u010dju Grada Slatine.<\/p>\n<p>I ovim sastankom s poduzetnicima stvoreni su preduvjeti i dobivene povratne informacije kojima \u0107e se unaprijediti suradnja izme\u0111u Grada Slatine i poduzetnika koji razvijaju svoju poslovnu aktivnost na podru\u010dju Grada Slatine.&nbsp; &nbsp;<\/p>\n<p>\u2013 Drago mi je \u0161to su se danas poduzetnici odazvali i simboli\u010dno do\u0161li preuzeti potporu Grada Slatine. Mi smo tu da vam pomognemo kako bi ovim sredstvima, ali i iz nekih drugih programa uspjeli realizirati svoje ideje i potrebe kojima \u0107ete unaprijediti svoje poslovanje, \u2013 rekao je gradona\u010delnik Ostro\u0161i\u0107.<\/p>\n<p>U ime svih poduzetnika Gradu Slatini i gradona\u010delniku Ostro\u0161i\u0107u na potpori se zahvalio Krunoslav Cukor, direktor tvrtke Cukor d.o.o. Slatina koja ima 40 godina iskustva ste\u010denog radom u Slatini.<\/p>\n<p>\u2013 Ova \u0107e nam potpora pru\u017eiti mogu\u0107nost za nabavu nove opreme, odnosno nove tehnologije koja \u0107e unaprijediti na\u0161e poslovanje. Konkretno na\u0161a \u0107e tvrtka ovim sredstvima nabaviti novi GPS i laptop kako bi na terenu lak\u0161e obavljali poslove i to nam puno zna\u010di. Nadam se da \u0107e u ovoj i idu\u0107oj godini biti jo\u0161 takvih potpora od strane Grada, pa i \u017eupanije i drugih institucija koje \u0107e malim poduzetnicima pomo\u0107i da ostvare svoje te\u017enje ka boljitku, a ujedno \u0107emo i puniti prora\u010dun Grada Slatine svojim radom, \u2013 rekao je Cukor.<\/p>\n<p>Svoje zadovoljstvo ovim gradskim mjerama nije krio ni slatinski obrtnik Ivo Bili\u0107, koji je za svoj Gra\u0111evni obrt uspio kao i u protekle dvije godine aplicirati i dobiti sredstva Grada Slatine.<\/p>\n<p>\u2013 To je poticaj koji je nama poduzetnicima jako vrijedan jer poti\u010de i nas na nova ulaganja koja si uz sufinanciranje Grada Slatine i do 50% mo\u017eemo priu\u0161titi. Na taj na\u010din stvaramo uvjete za nova zapo\u0161ljavanja i ja se nadam da \u0107e i u budu\u0107nosti ovakvih mjera biti, \u2013 rekao je Bili\u0107.<\/p>\n<p>Gradona\u010delnik Ostro\u0161i\u0107 je izrazio zadovoljstvo \u0161to su gradske mjere slatinskim poduzetnicima od velikog zna\u010daja te naglasio kako \u0107e Grad definitivno nastaviti s ovim programom.<\/p>\n<p>\u2013 Ovo je samo prvi dio, drugi dio ide na jesen, a sljede\u0107i paket mjera naravno i\u0107i \u0107e idu\u0107e godine tako da i vi, ali i svi oni ostali poduzetnici koji budu, potaknuti va\u0161im primjerom ali i svojom potrebom, \u017eeljom, nekakvom idejom ili ciljem, osjetili mogu\u0107nost prona\u0107i sredstva za svoj rad u Gradu Slatini, bit \u0107e nam drago da nam se jave u sklopu budu\u0107ih natje\u010daja i javnih poziva, \u2013 zaklju\u010dio je gradona\u010delnik.<br \/>\n(www.radioslatina.hr)<\/p>\n<p>ngg_shortcode_0_placeholder<img loading=\"lazy\" decoding=\"async\" class=\"alignnone size-full wp-image-106058\" src=\"https:\/\/www.slatina.hr\/portal\/wp-content\/uploads\/2021\/05\/20210512_100940_1024x768.jpg\" alt=\"\" width=\"1024\" height=\"768\" srcset=\"https:\/\/www.slatina.hr\/portal\/wp-content\/uploads\/2021\/05\/20210512_100940_1024x768.jpg 1024w, https:\/\/www.slatina.hr\/portal\/wp-content\/uploads\/2021\/05\/20210512_100940_1024x768-768x576.jpg 768w, https:\/\/www.slatina.hr\/portal\/wp-content\/uploads\/2021\/05\/20210512_100940_1024x768-195x146.jpg 195w, https:\/\/www.slatina.hr\/portal\/wp-content\/uploads\/2021\/05\/20210512_100940_1024x768-50x38.jpg 50w, https:\/\/www.slatina.hr\/portal\/wp-content\/uploads\/2021\/05\/20210512_100940_1024x768-100x75.jpg 100w, https:\/\/www.slatina.hr\/portal\/wp-content\/uploads\/2021\/05\/20210512_100940_1024x768-620x465.jpg 620w\" sizes=\"auto, (max-width:767px) 480px, (max-width:1024px) 100vw, 1024px\" \/><\/p>\n<p><img loading=\"lazy\" decoding=\"async\" class=\"alignnone size-full wp-image-106059\" src=\"https:\/\/www.slatina.hr\/portal\/wp-content\/uploads\/2021\/05\/20210512_102108_1024x768.jpg\" alt=\"\" width=\"1024\" height=\"768\" srcset=\"https:\/\/www.slatina.hr\/portal\/wp-content\/uploads\/2021\/05\/20210512_102108_1024x768.jpg 1024w, https:\/\/www.slatina.hr\/portal\/wp-content\/uploads\/2021\/05\/20210512_102108_1024x768-768x576.jpg 768w, https:\/\/www.slatina.hr\/portal\/wp-content\/uploads\/2021\/05\/20210512_102108_1024x768-195x146.jpg 195w, https:\/\/www.slatina.hr\/portal\/wp-content\/uploads\/2021\/05\/20210512_102108_1024x768-50x38.jpg 50w, https:\/\/www.slatina.hr\/portal\/wp-content\/uploads\/2021\/05\/20210512_102108_1024x768-100x75.jpg 100w, https:\/\/www.slatina.hr\/portal\/wp-content\/uploads\/2021\/05\/20210512_102108_1024x768-620x465.jpg 620w\" sizes=\"auto, (max-width:767px) 480px, (max-width:1024px) 100vw, 1024px\" \/><\/p>\n","protected":false},"excerpt":{"rendered":"<p>U Gradskoj upravi Grada Slatine u skladu s epidemiolo\u0161kim mjerama uprili\u010den je drugi susret sa slatinskim poduzetnicima na kojemu su razmijenjena iskustva i informacije o<span class=\"excerpt-hellip\"> [\u2026]<\/span><\/p>\n","protected":false},"author":5,"featured_media":106060,"comment_status":"closed","ping_status":"closed","sticky":false,"template":"","format":"standard","meta":{"ngg_post_thumbnail":0,"footnotes":""},"categories":[136,137],"tags":[],"class_list":["post-106041","post","type-post","status-publish","format-standard","has-post-thumbnail","hentry","category-grad-slatina","category-naslovnica"],"_links":{"self":[{"href":"https:\/\/www.slatina.hr\/portal\/wp-json\/wp\/v2\/posts\/106041","targetHints":{"allow":["GET"]}}],"collection":[{"href":"https:\/\/www.slatina.hr\/portal\/wp-json\/wp\/v2\/posts"}],"about":[{"href":"https:\/\/www.slatina.hr\/portal\/wp-json\/wp\/v2\/types\/post"}],"author":[{"embeddable":true,"href":"https:\/\/www.slatina.hr\/portal\/wp-json\/wp\/v2\/users\/5"}],"replies":[{"embeddable":true,"href":"https:\/\/www.slatina.hr\/portal\/wp-json\/wp\/v2\/comments?post=106041"}],"version-history":[{"count":1,"href":"https:\/\/www.slatina.hr\/portal\/wp-json\/wp\/v2\/posts\/106041\/revisions"}],"predecessor-version":[{"id":106061,"href":"https:\/\/www.slatina.hr\/portal\/wp-json\/wp\/v2\/posts\/106041\/revisions\/106061"}],"wp:featuredmedia":[{"embeddable":true,"href":"https:\/\/www.slatina.hr\/portal\/wp-json\/wp\/v2\/media\/106060"}],"wp:attachment":[{"href":"https:\/\/www.slatina.hr\/portal\/wp-json\/wp\/v2\/media?parent=106041"}],"wp:term":[{"taxonomy":"category","embeddable":true,"href":"https:\/\/www.slatina.hr\/portal\/wp-json\/wp\/v2\/categories?post=106041"},{"taxonomy":"post_tag","embeddable":true,"href":"https:\/\/www.slatina.hr\/portal\/wp-json\/wp\/v2\/tags?post=106041"}],"curies":[{"name":"wp","href":"https:\/\/api.w.org\/{rel}","templated":true}]}}