{"id":105975,"date":"2021-05-12T08:34:05","date_gmt":"2021-05-12T06:34:05","guid":{"rendered":"https:\/\/www.slatina.hr\/portal\/?p=105975"},"modified":"2021-05-12T08:34:05","modified_gmt":"2021-05-12T06:34:05","slug":"zapoceli-radovi-na-izgradnji-pristupne-ceste-i-uredaja-za-prociscavanje-otpadnih-voda-u-sklopu-projekta-aglomeracija-slatina","status":"publish","type":"post","link":"https:\/\/www.slatina.hr\/portal\/zapoceli-radovi-na-izgradnji-pristupne-ceste-i-uredaja-za-prociscavanje-otpadnih-voda-u-sklopu-projekta-aglomeracija-slatina\/","title":{"rendered":"Zapo\u010deli radovi na izgradnji pristupne ceste i ure\u0111aja za pro\u010di\u0161\u0107avanje otpadnih voda u sklopu projekta aglomeracija Slatina"},"content":{"rendered":"<p>U sklopu projekta \u201ePobolj\u0161anje vodno-komunalne infrastrukture aglomeracije Slatina\u201c ju\u010der su kod Turskog grada u Slatini otvoreni radovi na pristupnoj cesti u okviru Ugovora za izgradnju ure\u0111aja za pro\u010di\u0161\u0107avanje otpadnih voda Slatina.<\/p>\n<p><img loading=\"lazy\" decoding=\"async\" class=\"wp-image-209191 alignleft\" src=\"https:\/\/www.radioslatina.hr\/wp-content\/uploads\/2021\/05\/IMG_4967_1024x683.jpg\" sizes=\"auto, (max-width: 300px) 100vw, 300px\" srcset=\"https:\/\/www.radioslatina.hr\/wp-content\/uploads\/2021\/05\/IMG_4967_1024x683.jpg 1024w, https:\/\/www.radioslatina.hr\/wp-content\/uploads\/2021\/05\/IMG_4967_1024x683-768x512.jpg 768w\" alt=\"\" width=\"300\" height=\"200\">Pomo\u0107nik direktora za provedbu i financijsko pra\u0107enje projekata i informiranje Dario Vrbaslija kratko je predstavio projekt te istaknuo kako je gradnja UPOV-a kapaciteta 16000 ES (ekvivalent stanovnika) i pristupne ceste jedna od prvih aktivnosti u okviru Ugovora za projektiranje, izgradnju i probni rad UPOV-a Slatina, vrijednog 39.662.345,63 kn koji obuhva\u0107a projektiranje, istra\u017ene radove i isho\u0111enje dozvola, gra\u0111evinske radove, dobavu i monta\u017eu strojarske i elektrotehni\u010dke opreme UPOV-a, radove na infrastrukturi, internim prometnicama i krajobraznom ure\u0111enju, probni rad UPOV-a te obuku zaposlenika.<\/p>\n<p>Vrbaslija je tom prigodom izrazio zadovoljstvo po\u010detkom radova na gradnji UPOV-a i pristupne ceste te naglasio kako je to prvi veliki korak u provedbi cjelokupnog projekta, osobito \u0161to je ure\u0111aj za pro\u010di\u0161\u0107avanje otpadnih voda&nbsp;<img loading=\"lazy\" decoding=\"async\" class=\"wp-image-209192 alignright\" src=\"https:\/\/www.radioslatina.hr\/wp-content\/uploads\/2021\/05\/IMG_4985_1024x683.jpg\" sizes=\"auto, (max-width: 300px) 100vw, 300px\" srcset=\"https:\/\/www.radioslatina.hr\/wp-content\/uploads\/2021\/05\/IMG_4985_1024x683.jpg 1024w, https:\/\/www.radioslatina.hr\/wp-content\/uploads\/2021\/05\/IMG_4985_1024x683-768x512.jpg 768w\" alt=\"\" width=\"300\" height=\"200\">od iznimnog zna\u010daja za za\u0161titu okoli\u0161a i rijeke Drave, a unaprje\u0111ena kanalizacijska mre\u017ea za kvalitetu \u017eivota svih gra\u0111ana Slatine i prigradskih naselja Kozice, Markovo, Medinci, Novi Senkovac, Baki\u0107, Sladojevci i Lukavac.<\/p>\n<p>Privremeni voditelj projekta Dubravko Ple\u0161a tako\u0111er je izrazio zadovoljstvo \u0161to se napokon otvara gradili\u0161te i kre\u0107e s prvim konkretnim radovima, odnosno na izgradnji 672 m duge pristupne ceste od glavne prometnice do UPOV-a \u010dija izgradnja tek slijedi.<\/p>\n<p><img loading=\"lazy\" decoding=\"async\" class=\"wp-image-209193 alignleft\" src=\"https:\/\/www.radioslatina.hr\/wp-content\/uploads\/2021\/05\/IMG_5004_1024x683.jpg\" sizes=\"auto, (max-width: 300px) 100vw, 300px\" srcset=\"https:\/\/www.radioslatina.hr\/wp-content\/uploads\/2021\/05\/IMG_5004_1024x683.jpg 1024w, https:\/\/www.radioslatina.hr\/wp-content\/uploads\/2021\/05\/IMG_5004_1024x683-768x512.jpg 768w\" alt=\"\" width=\"300\" height=\"200\">Predstavnik izvo\u0111a\u010da radova Petar Pihler pozdravljaju\u0107i sve nazo\u010dne, naglasio je kako \u0107e tvrtka Esotech iz Slovenije na ovoj lokaciji izgraditi ure\u0111aj za pro\u010di\u0161\u0107avanje otpadnih voda velike kvalitete sa SBR tehnikom kroz tri faze izgradnje.<\/p>\n<p>Po\u010detak radova pozdravio je i gradona\u010delnik Grada Slatine Denis Ostro\u0161i\u0107, te se prije svega zahvalio, kako je rekao, maloj ali vrlo vrijednoj ekipi tvrtke Komrad koja je u posljednje \u010detiri godine uspjela \u201eizgurati\u201c i definirati gotovo sve korake projekta.<\/p>\n<p><img loading=\"lazy\" decoding=\"async\" class=\"wp-image-209194 alignright\" src=\"https:\/\/www.radioslatina.hr\/wp-content\/uploads\/2021\/05\/IMG_4955_1024x683.jpg\" sizes=\"auto, (max-width: 300px) 100vw, 300px\" srcset=\"https:\/\/www.radioslatina.hr\/wp-content\/uploads\/2021\/05\/IMG_4955_1024x683.jpg 1024w, https:\/\/www.radioslatina.hr\/wp-content\/uploads\/2021\/05\/IMG_4955_1024x683-768x512.jpg 768w\" alt=\"\" width=\"300\" height=\"200\">\u2013 Ostaje jo\u0161 samo jedan korak, odnosno posljednji natje\u010daj, ali poanta je da su radovi danas zapo\u010deli i doista mi je zadovoljstvo biti ovdje, te u nazo\u010dnosti izvo\u0111a\u010da radova i svih ostalih dionika, re\u0107i da je projekt otvoren, da je aglomeracija ovdje u Slatini, i da napokon \u017eivimo aglomeraciju.<\/p>\n<p>Da \u0107e biti te\u0161ko zbog prometa i radova koji \u0107e remetiti onaj redoviti \u017eivot u Slatini, ho\u0107e, ali u svakom slu\u010daju imamo ne\u0161to \u010dime \u0107emo se ponositi i napokon ljudima osigurati kvalitetu \u017eivota na onom nivou kako to Europa, a prije svega mi ovdje u Hrvatskoj \u017eelimo.<br \/>\nNadam se da \u0107e ovaj projekt i\u0107i planiranom dinamikom, te da \u0107emo se u kolovozu 2023. godine ponovno sastati ovdje kako bismo aglomeraciju zaklju\u010dili i rekli \u201eDobro obavljen posao\u201c, a na zadovoljstvo svih na\u0161ih gra\u0111ana, \u2013 rekao je gradona\u010delnik Ostro\u0161i\u0107, te se jo\u0161 jednom zahvalio svim dionicima koji su pripremali projekt.<\/p>\n<p><img loading=\"lazy\" decoding=\"async\" class=\"wp-image-209195 alignleft\" src=\"https:\/\/www.radioslatina.hr\/wp-content\/uploads\/2021\/05\/IMG_4975_1024x683.jpg\" sizes=\"auto, (max-width: 300px) 100vw, 300px\" srcset=\"https:\/\/www.radioslatina.hr\/wp-content\/uploads\/2021\/05\/IMG_4975_1024x683.jpg 1024w, https:\/\/www.radioslatina.hr\/wp-content\/uploads\/2021\/05\/IMG_4975_1024x683-768x512.jpg 768w\" alt=\"\" width=\"300\" height=\"200\">Direktor tvrtke Komrad d.o.o. Slatina Mato Mili\u010di\u0107 podsjetio je kako je rije\u010d o do sada najsveobuhvatnijem i najvrjednijem projektu na podru\u010dju grada Slatine. Projekt Izgradnje i rekonstrukcije vodno-komunalne infrastrukture aglomeracije Slatina vrijedan je 266,5 milijuna kuna. Prihvatljivi tro\u0161kovi iznose 213,4 milijuna kuna od \u010dega 152,5 milijuna kuna \u010dine bespovratna EU sredstva iz Operativnog programa \u201eKonkurentnost i kohezija\u201c 2014.-2020. Preostalih 60,8 milijuna kuna u projektu osigurat \u0107e Ministarstvo za\u0161tite okoli\u0161a i energetike te Hrvatske vode u ravnomjernom iznosu od po 26,3 milijuna kuna, dok \u0107e Grad Slatina ovaj projekt financirati s 8,1 milijun kuna.<\/p>\n<p>\u2013 U okviru projekta u sustavu odvodnje bit \u0107e obuhva\u0107ena izgradnja ure\u0111aja za pro\u010di\u0161\u0107avanje otpadnih voda, 62 km kanalizacije, 33 crpne stanice, te preko 2.000 priprema za ku\u0107ne priklju\u010dke.<br \/>\nU sustavu vodoopskrbe bit \u0107e obuhva\u0107ena izgradnja 6 km vodovoda kojim \u0107e se na vodovodnu mre\u017eu spojiti naselje Lukavac, te sanacija isto toliko kilometara postoje\u0107eg cjevovoda, zatim izgradnja vodospreme i gotovo 1000 priprema za ku\u0107ne priklju\u010dke. Sve \u0107e to utjecati na pobolj\u0161anje vodno-komunalne infrastrukture u Slatini i spomenutim prigradskim naseljima, a koje \u0107e biti ogromno i zasigurno \u0107e utjecati na cjelokupan \u017eivot u Slatini.<br \/>\nOsim \u0161to \u0107e se realizacijom ovoga projekta omogu\u0107iti priklju\u010denje novih korisnika na sustav vodoopskrbe i odvodnje, smanjit \u0107e se i gubitci u vodoopskrbnom sustavu, \u2013 zaklju\u010dio je Mili\u010di\u0107, te se zahvalio svim dionicima projekta, a osobito Gradu Slatini na potpori i suradnji za vrijeme cjelokupne pripreme.&nbsp;<br \/>\n(www.radioslatina.hr)<\/p>\nngg_shortcode_0_placeholder\n","protected":false},"excerpt":{"rendered":"<p>U sklopu projekta \u201ePobolj\u0161anje vodno-komunalne infrastrukture aglomeracije Slatina\u201c ju\u010der su kod Turskog grada u Slatini otvoreni radovi na pristupnoj cesti u okviru Ugovora za izgradnju<span class=\"excerpt-hellip\"> [\u2026]<\/span><\/p>\n","protected":false},"author":5,"featured_media":105992,"comment_status":"closed","ping_status":"closed","sticky":false,"template":"","format":"standard","meta":{"ngg_post_thumbnail":0,"footnotes":""},"categories":[136,137],"tags":[],"class_list":["post-105975","post","type-post","status-publish","format-standard","has-post-thumbnail","hentry","category-grad-slatina","category-naslovnica"],"_links":{"self":[{"href":"https:\/\/www.slatina.hr\/portal\/wp-json\/wp\/v2\/posts\/105975","targetHints":{"allow":["GET"]}}],"collection":[{"href":"https:\/\/www.slatina.hr\/portal\/wp-json\/wp\/v2\/posts"}],"about":[{"href":"https:\/\/www.slatina.hr\/portal\/wp-json\/wp\/v2\/types\/post"}],"author":[{"embeddable":true,"href":"https:\/\/www.slatina.hr\/portal\/wp-json\/wp\/v2\/users\/5"}],"replies":[{"embeddable":true,"href":"https:\/\/www.slatina.hr\/portal\/wp-json\/wp\/v2\/comments?post=105975"}],"version-history":[{"count":1,"href":"https:\/\/www.slatina.hr\/portal\/wp-json\/wp\/v2\/posts\/105975\/revisions"}],"predecessor-version":[{"id":105993,"href":"https:\/\/www.slatina.hr\/portal\/wp-json\/wp\/v2\/posts\/105975\/revisions\/105993"}],"wp:featuredmedia":[{"embeddable":true,"href":"https:\/\/www.slatina.hr\/portal\/wp-json\/wp\/v2\/media\/105992"}],"wp:attachment":[{"href":"https:\/\/www.slatina.hr\/portal\/wp-json\/wp\/v2\/media?parent=105975"}],"wp:term":[{"taxonomy":"category","embeddable":true,"href":"https:\/\/www.slatina.hr\/portal\/wp-json\/wp\/v2\/categories?post=105975"},{"taxonomy":"post_tag","embeddable":true,"href":"https:\/\/www.slatina.hr\/portal\/wp-json\/wp\/v2\/tags?post=105975"}],"curies":[{"name":"wp","href":"https:\/\/api.w.org\/{rel}","templated":true}]}}