{"id":105905,"date":"2021-05-11T08:36:07","date_gmt":"2021-05-11T06:36:07","guid":{"rendered":"https:\/\/www.slatina.hr\/portal\/?p=105905"},"modified":"2021-05-11T08:36:07","modified_gmt":"2021-05-11T06:36:07","slug":"uredenje-okolisa-u-slatinskom-prigradskom-naselju-bistrica-u-sklopu-javnih-radova-uskoro-slijedi-i-uredenje-djecjih-igralista-u-bistrici-i-donjim-meljanima","status":"publish","type":"post","link":"https:\/\/www.slatina.hr\/portal\/uredenje-okolisa-u-slatinskom-prigradskom-naselju-bistrica-u-sklopu-javnih-radova-uskoro-slijedi-i-uredenje-djecjih-igralista-u-bistrici-i-donjim-meljanima\/","title":{"rendered":"Ure\u0111enje okoli\u0161a u slatinskom prigradskom naselju Bistrica u sklopu javnih radova: Uskoro slijedi i ure\u0111enje dje\u010djih igrali\u0161ta u Bistrici i Donjim Meljanima"},"content":{"rendered":"<p>Djelatnici koji su zaposleni u javnim radovima krajem travnja ove godine intenzivno rade na ko\u0161nji zelenih javnih povr\u0161ina i ure\u0111enju ostale infrastrukture na podru\u010dju grada Slatine i prigradskih naselja, a jedna od prvih akcija bila im je ure\u0111enje okoli\u0161a na prostoru biv\u0161e trgovine u Bistrici koji tamo\u0161nji mjesni odbor koristi za svoje potrebe.<\/p>\n<p>Tako je o\u010di\u0161\u0107en sam interijer zgrade, orezano je stablo pored dje\u010djeg igrali\u0161ta kako ne bi bilo opasno za djecu zbog suhih i napuklih grana, obavljena je ko\u0161nja oko zgrade sve do kanala, te je popravljena staza koja je propala s obje strane pje\u0161a\u010dkog mosta. Isto tako poko\u0161ena je trava du\u017e cijelog nogostupa koji vodi prema groblju, a isti je cijelom \u0161irinom i o\u010di\u0161\u0107en od vi\u0161egodi\u0161njih naslaga zemlje i raznog raslinja.<\/p>\n<p>Gradona\u010delnik Grada Slatine Denis Ostro\u0161i\u0107 i voditelj Odsjeka za komunalni sustav pri Upravnom odjelu za razvoj grada Vjekoslav Hess obi\u0161li su spomenuti prostor nakon zavr\u0161enih radova kako bi se uvjerili da je sve spremno za provo\u0111enje predstoje\u0107ih lokalnih izbora jer \u0107e u tom prostoru biti otvoreno bira\u010dko mjesto.<\/p>\n<p>Budu\u0107i da Grad Slatina planira otkupiti ovaj prostor koji sada ima u najmu, u narednom periodu uredit \u0107e se i dje\u010dje igrali\u0161te tako \u0161to \u0107e se popraviti postoje\u0107a igrala koja su djelomi\u010dno devastirana, kako bi djeca u Bistrici ponovno imala adekvatan prostor za igru.<\/p>\n<p>Obilaskom terena gradona\u010delnik je razgledao i dje\u010dje igrali\u0161te smje\u0161teno gotovo na samom ulazu u slatinsko prigradsko naselje Donji Meljani, u prvom odvojku iza ciglane, koje je inicijativom mje\u0161tana postavljeno prije desetak godina na prostor iza raspela.<\/p>\n<p>Budu\u0107i da se u to vrijeme ure\u0111ivalo dje\u010dje igrali\u0161te kod osnovne \u0161kole koje je dobilo nova igrala, dio starih igrala je osvje\u017eeno i preba\u010deno na novu lokaciju, gdje su pojedina igrala izgradili i sami mje\u0161tani te na taj na\u010din osigurali mjesto za igru djeci i u tom dijelu Donjih Meljana.<\/p>\n<p>\u2013 Drago mi je da kroz proteklih deset godina mje\u0161tani ovog dijela Meljana odr\u017eavaju dje\u010dje igrali\u0161te koje su samoinicijativno izgradili. Kako je rije\u010d o dje\u010djem igrali\u0161tu koje djeca zaista koriste i na njemu provode korisno vrijeme, a smje\u0161teno je uz poljski put koji je u vlasni\u0161tvu Grada Slatine dat \u0107emo sve od sebe da ovim igralima jednim osvje\u017eenjem \u201eudahnemo\u201c novi \u017eivot, vjerujem na veselje djece koja gravitiraju ovom dje\u010djem igrali\u0161tu, \u2013 rekao je gradona\u010delnik Ostro\u0161i\u0107.<br \/>\n(www.radioslatina.hr)<\/p>\nngg_shortcode_0_placeholder\n","protected":false},"excerpt":{"rendered":"<p>Djelatnici koji su zaposleni u javnim radovima krajem travnja ove godine intenzivno rade na ko\u0161nji zelenih javnih povr\u0161ina i ure\u0111enju ostale infrastrukture na podru\u010dju grada<span class=\"excerpt-hellip\"> [\u2026]<\/span><\/p>\n","protected":false},"author":5,"featured_media":105923,"comment_status":"closed","ping_status":"closed","sticky":false,"template":"","format":"standard","meta":{"ngg_post_thumbnail":0,"footnotes":""},"categories":[136,137],"tags":[],"class_list":["post-105905","post","type-post","status-publish","format-standard","has-post-thumbnail","hentry","category-grad-slatina","category-naslovnica"],"_links":{"self":[{"href":"https:\/\/www.slatina.hr\/portal\/wp-json\/wp\/v2\/posts\/105905","targetHints":{"allow":["GET"]}}],"collection":[{"href":"https:\/\/www.slatina.hr\/portal\/wp-json\/wp\/v2\/posts"}],"about":[{"href":"https:\/\/www.slatina.hr\/portal\/wp-json\/wp\/v2\/types\/post"}],"author":[{"embeddable":true,"href":"https:\/\/www.slatina.hr\/portal\/wp-json\/wp\/v2\/users\/5"}],"replies":[{"embeddable":true,"href":"https:\/\/www.slatina.hr\/portal\/wp-json\/wp\/v2\/comments?post=105905"}],"version-history":[{"count":1,"href":"https:\/\/www.slatina.hr\/portal\/wp-json\/wp\/v2\/posts\/105905\/revisions"}],"predecessor-version":[{"id":105924,"href":"https:\/\/www.slatina.hr\/portal\/wp-json\/wp\/v2\/posts\/105905\/revisions\/105924"}],"wp:featuredmedia":[{"embeddable":true,"href":"https:\/\/www.slatina.hr\/portal\/wp-json\/wp\/v2\/media\/105923"}],"wp:attachment":[{"href":"https:\/\/www.slatina.hr\/portal\/wp-json\/wp\/v2\/media?parent=105905"}],"wp:term":[{"taxonomy":"category","embeddable":true,"href":"https:\/\/www.slatina.hr\/portal\/wp-json\/wp\/v2\/categories?post=105905"},{"taxonomy":"post_tag","embeddable":true,"href":"https:\/\/www.slatina.hr\/portal\/wp-json\/wp\/v2\/tags?post=105905"}],"curies":[{"name":"wp","href":"https:\/\/api.w.org\/{rel}","templated":true}]}}