{"id":105836,"date":"2021-05-10T17:53:02","date_gmt":"2021-05-10T15:53:02","guid":{"rendered":"https:\/\/www.slatina.hr\/portal\/?p=105836"},"modified":"2021-05-10T17:53:02","modified_gmt":"2021-05-10T15:53:02","slug":"u-prigodi-svjetskog-dana-hodanja-u-slatini-svecano-otvoren-novouredeni-park-i-hodacka-staza-s-vjezbalistima","status":"publish","type":"post","link":"https:\/\/www.slatina.hr\/portal\/u-prigodi-svjetskog-dana-hodanja-u-slatini-svecano-otvoren-novouredeni-park-i-hodacka-staza-s-vjezbalistima\/","title":{"rendered":"U prigodi Svjetskog dana hodanja u Slatini sve\u010dano otvoren novoure\u0111eni park i hoda\u010dka staza s vje\u017ebali\u0161tima"},"content":{"rendered":"<p>U sklopu provedbe Nacionalnog programa \u201e\u017divjeti zdravo\u201c danas je u Slatini sve\u010dano obilje\u017een Svjetski dan hodanja, 10. svibnja.<\/p>\n<p><img loading=\"lazy\" decoding=\"async\" class=\"wp-image-208986 alignleft\" src=\"https:\/\/www.radioslatina.hr\/wp-content\/uploads\/2021\/05\/IMG_3988_1024x683-1.jpg\" sizes=\"auto, (max-width: 300px) 100vw, 300px\" srcset=\"https:\/\/www.radioslatina.hr\/wp-content\/uploads\/2021\/05\/IMG_3988_1024x683-1.jpg 1024w, https:\/\/www.radioslatina.hr\/wp-content\/uploads\/2021\/05\/IMG_3988_1024x683-1-768x512.jpg 768w\" alt=\"\" width=\"300\" height=\"200\">Tom je prigodom zajedni\u010dkom inicijativom Hrvatskog zavoda za javno zdravstvo i Zavoda za javno zdravstvo \u201eSv. Rok\u201c Viroviti\u010dko-podravske \u017eupanije predstavljena suradnja s Gradom Slatinom kao primjer dobre prakse u promicanju zdravlja kroz aktivnost \u201eHodanjem do zdravlja\u201c na novoure\u0111enoj hoda\u010dkoj stazi s ure\u0111enim vje\u017ebali\u0161tima kod slatinskih osnovnih \u0161kola Josipa Kozarca i Eugena Kumi\u010di\u0107a, te je u okviru aktivnosti \u201eVolonteri u parku\u201c otvoreno novoure\u0111eni park s ugra\u0111enim dje\u010djim igralima u Ulici Ljudevita Jonkea u Slatini.<br \/>\nTom je prigodom ravnatelj Zavoda za javno zdravstvo \u201eSv. Rok\u201c Viroviti\u010dko-podravske \u017eupanije Miroslav Venus istaknuo kako projekt \u201e\u017divjeti zdravo\u201c sadr\u017ei nekoliko komponenti, a me\u0111u kojima su i dvije vrlo bitne koje se u Slatini provode ve\u0107 nekoliko godina.<\/p>\n<p>&nbsp;<\/p>\n<p><img loading=\"lazy\" decoding=\"async\" class=\"wp-image-208988 alignright\" src=\"https:\/\/www.radioslatina.hr\/wp-content\/uploads\/2021\/05\/IMG_4012_1024x683.jpg\" sizes=\"auto, (max-width: 300px) 100vw, 300px\" srcset=\"https:\/\/www.radioslatina.hr\/wp-content\/uploads\/2021\/05\/IMG_4012_1024x683.jpg 1024w, https:\/\/www.radioslatina.hr\/wp-content\/uploads\/2021\/05\/IMG_4012_1024x683-768x512.jpg 768w\" alt=\"\" width=\"300\" height=\"200\">\u2013 Jedna od njih je \u201eVolonteri u parku\u201c u sklopu koje je i otvoreno ovo dje\u010dje igrali\u0161te u Slatini jer je taj projekt zamislio da se u svakoj \u017eupaniji u jednom mjestu odredi lokacija jednog \u201ezgodnog\u201c parka kao \u0161to je ovaj na\u0161 ovdje gdje \u0107e biti postavljena igrala za djecu koja \u0107e se u dogovoreno vrijeme s volonterima dru\u017eiti i na taj na\u010din promovirati zdrave stilove \u017eivota.<\/p>\n<p>Druga komponenta je \u201eHodanjem do zdravlja\u201c jer se pokazalo da je hodanje, odnosno \u0161etnja najzdravija i ujedno najekonomi\u010dnija aktivnost jer za hodanje vam ne treba ni\u0161ta osim dobre volje i slobodnog vremena. U okviru ove komponente obilje\u017eena je pje\u0161a\u010dka staza vizualom \u017divjeti zdravo gdje opet na\u0161i volonteri, profesorice tjelesne kulture Tomislava Medvedovi\u0107 i Mirta Drokan u dogovoreno vrijeme sa svima onima koji \u017eele hodati i na taj na\u010din promovirati zdravi stil \u017eivota hodaju po tim hoda\u010dkim pje\u0161a\u010dkim stazama, \u2013 rekao je dr. Venus te naglasio.<\/p>\n<p>\u2013 Ovo je nadam se dobar po\u010detak ne\u010dega \u0161to mo\u017ee prerasti u veliku turisti\u010dku atrakciju kao u nekim drugim zemljama poput Nizozemske, a ja mislim da mi kao grad Slatina imamo lijepu prirodu, staze, vje\u017ebali\u0161ta i sada ova nova igrala za djecu koja \u0107e vjerujem ispuniti svoju svrhu.<br \/>\nDakle poruka je da, kao \u0161to i sam logo ka\u017ee, svojim stilovima pona\u0161anja \u017eivimo zdravo. To su preventivne mjere koje u najranijoj \u017eivotnoj dobi rezultiraju smanjenom incidencijom, odnosno pojavno\u0161\u0107u onih kroni\u010dnih oboljenja koja nam se javljaju u kasnijoj \u017eivotnoj dobi, a od kojih naj\u010de\u0161\u0107e obolijevamo i umiremo. To su bolesti krvo\u017eilnog sustava s vode\u0107im dijagnozama sr\u010danog i mo\u017edanog udara te na drugom mjestu maligni procesi od kojih jedna velika ve\u0107ina ima povezanost sa zdravim stilovima \u017eivota u sklopu kojih je svakako i zdrava prehrana, \u2013 zaklju\u010dio je ravnatelj Venus.<\/p>\n<p><img loading=\"lazy\" decoding=\"async\" class=\"wp-image-208989 alignleft\" src=\"https:\/\/www.radioslatina.hr\/wp-content\/uploads\/2021\/05\/IMG_4032_1024x683.jpg\" sizes=\"auto, (max-width: 300px) 100vw, 300px\" srcset=\"https:\/\/www.radioslatina.hr\/wp-content\/uploads\/2021\/05\/IMG_4032_1024x683.jpg 1024w, https:\/\/www.radioslatina.hr\/wp-content\/uploads\/2021\/05\/IMG_4032_1024x683-768x512.jpg 768w\" alt=\"\" width=\"300\" height=\"200\">\u2013 Nacionalni program \u201e\u017divjeti zdravo\u201c u Slatini je zapo\u010deo \u0161etnjama koje su se unazad tri godine intenzivirale i danas se nalazimo, zapravo u sredi\u0161tu projekta koji se nalazi unutar obuhvata hoda\u010dke staze u sklopu akcije \u201eHodanjem do zdravlja\u201c.<br \/>\nOno \u0161to je bitno je da je i Slatina u\u0161la u obuhvat ovoga programa u sklopu kojega se danas otvaraju ovakva igrali\u0161ta i staze na vi\u0161e mjesta u Hrvatskoj.<br \/>\nMi smo me\u0111utim za ovaj park napravili cijeli projekt tako da \u0107e osim ovih igrala i ostalih sadr\u017eaja, u dogledno vrijeme biti ure\u0111ene i staze koje \u0107e povezivati sve ove elemente kako bi ih djeca, ali i odrasli mogli koristiti na jedan pravi na\u010din, a opet \u0107e se sve to uklopiti ne naru\u0161avaju\u0107i sklad zelenog okoli\u0161a u okru\u017eenju, \u2013 rekao je gradona\u010delnik Ostro\u0161i\u0107 te se dotaknuo teme novoopremljenih vje\u017ebali\u0161ta koja su postavljena kod slatinskih osnovnih \u0161kola Josipa Kozarca i Eugena Kumi\u010di\u0107a.<\/p>\n<p>\u2013 Uz sprave za vje\u017ebanje postavljeno je i solarno osvjetljenje te ovim putem apeliram na gra\u0111ane kojima se ve\u0107 nekoliko puta na \u201emeti\u201c na\u0161la upravo ova rasvjeta na kojoj su zamije\u0107ena znatna o\u0161te\u0107enja, a osim toga neki su ih vandali poku\u0161ali i odnijeti. \u010cuvajte i cijenite ulaganja i napore Grada i ostalih institucija da svima nama u\u010dinimo \u017eivot zdravijim i ljep\u0161im. I igrala treba \u010duvati, kao \u0161to treba \u010duvati Sequoiu i sva ostala dje\u010dja igrali\u0161ta na podru\u010dju grada Slatine, ali i sve objekte, bili oni javni ili privatni, \u2013 rekao je gradona\u010delnik Ostro\u0161i\u0107 te se zahvalio Hrvatskom zavodu za javno zdravstvo i Zavodu za javno zdravstvo \u201eSv. Rok\u201c Viroviti\u010dko-podravske \u017eupanije kao i svima ostalima koji su kroz ovaj projekt doprinijeli da i grad Slatina dobije jedno ovakvo igrali\u0161te s kojim se mo\u017eemo ponositi.<\/p>\n<p><img loading=\"lazy\" decoding=\"async\" class=\"wp-image-208990 alignright\" src=\"https:\/\/www.radioslatina.hr\/wp-content\/uploads\/2021\/05\/IMG_4014_1024x683.jpg\" sizes=\"auto, (max-width: 300px) 100vw, 300px\" srcset=\"https:\/\/www.radioslatina.hr\/wp-content\/uploads\/2021\/05\/IMG_4014_1024x683.jpg 1024w, https:\/\/www.radioslatina.hr\/wp-content\/uploads\/2021\/05\/IMG_4014_1024x683-768x512.jpg 768w\" alt=\"\" width=\"300\" height=\"200\">Nakon \u0161to je iznimno zadovoljstvo provedbom ovoga projekta u Slatini iskazao i do\u017eupan Viroviti\u010dko-podravske \u017eupanije Marijo Klement koji se tom prigodom zahvalio Zavodu za javno zdravstvo \u201eSv. Rok\u201c Viroviti\u010dko-podravske \u017eupanije i dr. Venusu na ideji, Gradu Slatini na ustupanju ovoga parka da se on obnovi, kao i svim volonterima koji sudjeluju u provedbi akcija \u201eHodanjem do zdravlja\u201c i \u201eVolonteri u parku\u201c, profesorice Tomislava Medvedovi\u0107 i Mirta Drokan povele su okupljene u\u010denike i ostale gra\u0111ane u \u0161etnju slatinskom hoda\u010dkom stazom.<\/p>\n<p>(www.radioslatina.hr)<\/p>\nngg_shortcode_0_placeholder\n","protected":false},"excerpt":{"rendered":"<p>U sklopu provedbe Nacionalnog programa \u201e\u017divjeti zdravo\u201c danas je u Slatini sve\u010dano obilje\u017een Svjetski dan hodanja, 10. svibnja. Tom je prigodom zajedni\u010dkom inicijativom Hrvatskog zavoda<span class=\"excerpt-hellip\"> [\u2026]<\/span><\/p>\n","protected":false},"author":5,"featured_media":105878,"comment_status":"closed","ping_status":"closed","sticky":false,"template":"","format":"standard","meta":{"ngg_post_thumbnail":0,"footnotes":""},"categories":[136,137],"tags":[],"class_list":["post-105836","post","type-post","status-publish","format-standard","has-post-thumbnail","hentry","category-grad-slatina","category-naslovnica"],"_links":{"self":[{"href":"https:\/\/www.slatina.hr\/portal\/wp-json\/wp\/v2\/posts\/105836","targetHints":{"allow":["GET"]}}],"collection":[{"href":"https:\/\/www.slatina.hr\/portal\/wp-json\/wp\/v2\/posts"}],"about":[{"href":"https:\/\/www.slatina.hr\/portal\/wp-json\/wp\/v2\/types\/post"}],"author":[{"embeddable":true,"href":"https:\/\/www.slatina.hr\/portal\/wp-json\/wp\/v2\/users\/5"}],"replies":[{"embeddable":true,"href":"https:\/\/www.slatina.hr\/portal\/wp-json\/wp\/v2\/comments?post=105836"}],"version-history":[{"count":1,"href":"https:\/\/www.slatina.hr\/portal\/wp-json\/wp\/v2\/posts\/105836\/revisions"}],"predecessor-version":[{"id":105879,"href":"https:\/\/www.slatina.hr\/portal\/wp-json\/wp\/v2\/posts\/105836\/revisions\/105879"}],"wp:featuredmedia":[{"embeddable":true,"href":"https:\/\/www.slatina.hr\/portal\/wp-json\/wp\/v2\/media\/105878"}],"wp:attachment":[{"href":"https:\/\/www.slatina.hr\/portal\/wp-json\/wp\/v2\/media?parent=105836"}],"wp:term":[{"taxonomy":"category","embeddable":true,"href":"https:\/\/www.slatina.hr\/portal\/wp-json\/wp\/v2\/categories?post=105836"},{"taxonomy":"post_tag","embeddable":true,"href":"https:\/\/www.slatina.hr\/portal\/wp-json\/wp\/v2\/tags?post=105836"}],"curies":[{"name":"wp","href":"https:\/\/api.w.org\/{rel}","templated":true}]}}