{"id":10581,"date":"2014-06-11T12:45:08","date_gmt":"2014-06-11T11:45:08","guid":{"rendered":"http:\/\/www.slatina.hr\/?p=10581"},"modified":"2014-06-11T12:45:08","modified_gmt":"2014-06-11T11:45:08","slug":"zlatni-grb-vpz-dobit-ce-milko-kelemen-a-zlatnu-plaketu-gradsko-drustvo-crvenog-kriza-slatina","status":"publish","type":"post","link":"https:\/\/www.slatina.hr\/portal\/zlatni-grb-vpz-dobit-ce-milko-kelemen-a-zlatnu-plaketu-gradsko-drustvo-crvenog-kriza-slatina\/","title":{"rendered":"Zlatni grb VP\u017d dobit \u0107e Milko Kelemen, a Zlatnu plaketu Gradsko dru\u0161tvo Crvenog kri\u017ea Slatina"},"content":{"rendered":"<p>Na sjednici \u017dupanijske skup\u0161tine vije\u0107nici su donijeli odluku o dodjeli javnih priznanja. Zlatni grb Viroviti\u010dko-podravske \u017eupanije kao nagrada za \u017eivotno djelo za sveukupni stvarala\u010dki rad bit \u0107e dodijeljena maestru Milku Kelemenu, Zlatna plaketa kao najvi\u0161i izraz priznanja za promicanje vrijednosti, polo\u017eaja i ugleda \u017eupanije te razvoj gospodarstva posthumno Nikoli Nem\u010devi\u0107u, a Zlatna plaketa kao najvi\u0161i izraz priznanja za humanitarni rad u prigodi 100. obljetnice postojanja Gradskom dru\u0161tvu Crvenog kri\u017ea Slatina. Godi\u0161nje nagrade bit \u0107e dodijeljene Grafoprojektu iz Virovitice i OPG-u \u017deljka Kokora iz Rogovca. Priznanja \u0107e se uru\u010diti prigodom obilje\u017eavanja Dana Viroviti\u010dko-podravske \u017eupanije. Op\u0161irnije poslu\u0161ajte u programu \u017dupanijskog radija Virovitice. (icv.hr)<\/p>\n","protected":false},"excerpt":{"rendered":"<p>Na sjednici \u017dupanijske skup\u0161tine vije\u0107nici su donijeli odluku o dodjeli javnih priznanja. Zlatni grb Viroviti\u010dko-podravske \u017eupanije kao nagrada za \u017eivotno djelo za sveukupni stvarala\u010dki rad<span class=\"excerpt-hellip\"> [\u2026]<\/span><\/p>\n","protected":false},"author":1,"featured_media":10583,"comment_status":"closed","ping_status":"closed","sticky":false,"template":"","format":"standard","meta":{"ngg_post_thumbnail":0,"footnotes":""},"categories":[138],"tags":[],"class_list":["post-10581","post","type-post","status-publish","format-standard","has-post-thumbnail","hentry","category-zupanija-i-opcine"],"_links":{"self":[{"href":"https:\/\/www.slatina.hr\/portal\/wp-json\/wp\/v2\/posts\/10581","targetHints":{"allow":["GET"]}}],"collection":[{"href":"https:\/\/www.slatina.hr\/portal\/wp-json\/wp\/v2\/posts"}],"about":[{"href":"https:\/\/www.slatina.hr\/portal\/wp-json\/wp\/v2\/types\/post"}],"author":[{"embeddable":true,"href":"https:\/\/www.slatina.hr\/portal\/wp-json\/wp\/v2\/users\/1"}],"replies":[{"embeddable":true,"href":"https:\/\/www.slatina.hr\/portal\/wp-json\/wp\/v2\/comments?post=10581"}],"version-history":[{"count":0,"href":"https:\/\/www.slatina.hr\/portal\/wp-json\/wp\/v2\/posts\/10581\/revisions"}],"wp:featuredmedia":[{"embeddable":true,"href":"https:\/\/www.slatina.hr\/portal\/wp-json\/wp\/v2\/media\/10583"}],"wp:attachment":[{"href":"https:\/\/www.slatina.hr\/portal\/wp-json\/wp\/v2\/media?parent=10581"}],"wp:term":[{"taxonomy":"category","embeddable":true,"href":"https:\/\/www.slatina.hr\/portal\/wp-json\/wp\/v2\/categories?post=10581"},{"taxonomy":"post_tag","embeddable":true,"href":"https:\/\/www.slatina.hr\/portal\/wp-json\/wp\/v2\/tags?post=10581"}],"curies":[{"name":"wp","href":"https:\/\/api.w.org\/{rel}","templated":true}]}}