{"id":105807,"date":"2021-05-10T13:35:15","date_gmt":"2021-05-10T11:35:15","guid":{"rendered":"https:\/\/www.slatina.hr\/portal\/?p=105807"},"modified":"2021-05-10T13:35:50","modified_gmt":"2021-05-10T11:35:50","slug":"gradonacelnik-posjetio-djelatnice-gras-a-u-njihovim-novim-prostorima","status":"publish","type":"post","link":"https:\/\/www.slatina.hr\/portal\/gradonacelnik-posjetio-djelatnice-gras-a-u-njihovim-novim-prostorima\/","title":{"rendered":"Gradona\u010delnik posjetio djelatnice GRAS-a u njihovim novim prostorima"},"content":{"rendered":"<p>Povodom nedavnog preseljenja Gradske razvojne agencije Slatine u nove prostore ure\u0111ene u zgradi Gradske uprave Grada Slatine radi lak\u0161e komunikacije s gra\u0111anima, i izme\u0111u GRAS-a i Gradske uprave, osobito Upravnog odjela za razvoj grada, slatinski gradona\u010delnik Denis Ostro\u0161i\u0107 posjetio je i pozdravio djelatnice GRAS-a te obi\u0161ao njihove novoure\u0111ene prostorije.<\/p>\n<p>Naime, Gradska razvojna agencija Slatine preselila je u nove prostore 6. travnja ove godine, a na kori\u0161tenje je dobila tri obnovljena ureda koja su namijenjena ravnateljici i djelatnicama kojih je trenuta\u010dno zaposleno \u010detiri. Dvije su zaposlene na radnom mjestu vi\u0161i stru\u010dni suradnik za pripremu i provedbu projekata i po jedna na radnom mjestu vi\u0161i stru\u010dni suradnik za gospodarstvo, pripremu i provedbu projekata (voditelj Job cluba) te vi\u0161i stru\u010dni suradnik za gospodarstvo, financijsko poslovanje i administraciju.<\/p>\n<p>Bila je to ujedno prigoda za razgovor o mjerama koje je Grad Slatina osigurao za pomo\u0107 gospodarstvenicima na slatinskom podru\u010dju budu\u0107i da i GRAS od po\u010detka pandemije COVID-19 konstantno poma\u017ee poduzetnicima i poljoprivrednicima u pripremi projektnih prijedloga za mjere koje su objavljene od strane ministarstava, Viroviti\u010dko-podravske \u017eupanije te Grada Slatine.<\/p>\n<p>\u2013 Me\u0111u zna\u010dajnije prijave istaknula bih 15 prijava na Javni poziv za Projekt \u201eNaukovanje za obrtni\u010dka zanimanja\u201c za 2020. godinu, 70-ak prijava za Projekt \u201eStipendiranje u\u010denika u obrtni\u010dkim zanimanjima\u201c za 2020. godinu, prijave za Potpore za samozapo\u0161ljavanje, Mjeru 21 \u2013 Izvanredna privremena potpora poljoprivrednicima i MSP-ovima koji su posebno pogo\u0111eni krizom uzrokovanom koronavirusom te prijave za financijske instrumente koje dodjeljuje HAMAG-BICRO putem Malih zajmova za ruralni razvoj, \u2013 rekla je vi\u0161a stru\u010dna suradnica za gospodarstvo, financijsko poslovanje i administraciju Mirela Prli\u0107 te dodala kako su u suradnji s Gradom Slatinom i gradskim ustanovama prijavljeni projekti na Poziv Sredi\u0161njeg dr\u017eavnog ureda za demografiju i mlade za prijavu projekata usmjerenih na pobolj\u0161anje materijalnih uvjeta u dje\u010djim vrti\u0107ima u 2021. godini, prijava na poziv Unaprje\u0111enje usluga za djecu u sustavu ranog i pred\u0161kolskog odgoja i obrazovanja.<br \/>\nIsto tako u suradnji s udrugama prijavljeni su projekti za natje\u010daj za sufinanciranje sportskih programa poticanja lokalnog sporta i sportskih natjecanja u 2021. godini.<\/p>\n<p>Pored pomaganja oko prijava na natje\u010daje za pomo\u0107 uslijed pandemije COVID-19, GRAS provodi i projekte koje je prijavio u suradnji s poduzetnicima, poljoprivrednicima i udrugama.<br \/>\nZajedno s poduzetnicima i poljoprivrednicima provode se projekti koji su prijavljeni za tip operacije 6.3.1. \u201ePotpora razvoju malih poljoprivrednih gospodarstava\u201c, 6.1.1. \u201ePotpora mladim poljoprivrednicima\u201c, 4.1.1. Restrukturiranje, modernizacija i pove\u0107anje konkurentnosti, te poslovni planovi koji su prijavljeni na financijske instrumente koje dodjeljuje HAMAG-BICRO putem Malih zajmova za ruralni razvoj, kao i projekti koji su prijavljeni na Javni poziv za Program \u201eRazvoj zadru\u017enog poduzetni\u0161tva\u201c za 2020. godinu i Javni poziv za dodjelu potpora za pro\u0161irenje postoje\u0107e djelatnosti.<br \/>\nU suradnji s tvrtkom Slatina kom provodi se projekt nabava komunalnih vozila za odvojeno prikupljanje otpada, te Udrugom umirovljenika Slatina projekt \u201eZlatne sedamdesete 2021.\/2022.\u201c.<\/p>\n<p>Nakon \u0161to je djelatnicama GRAS-a za\u017eelio puno uspjeha u daljnjem radu, gradona\u010delnik je obi\u0161ao i sve prostore u zgradi Gradske uprave koji su u proteklom razdoblju od tri i pol godine ure\u0111ivani sredstvima Grada Slatine.<\/p>\n<p>Tom je prigodom istaknuo kako je jedan od ureda preure\u0111en u malu salu za sastanke koja je, uz dosada\u0161nju vije\u0107nicu koju tek \u010deka preure\u0111enje tijekom idu\u0107e godine, na raspolaganju, kako djelatnicima Gradske uprave, tako i djelatnicama GRAS-a.<\/p>\n<p>\u2013 S ciljem jo\u0161 kvalitetnijeg rada oba su prostora na raspolaganju djelatnicima prema potrebi, a za ve\u0107e sastanke imamo prostore Gradske knji\u017enice i \u010ditaonice, Pu\u010dkog otvorenog u\u010dili\u0161ta i Hrvatskoga doma u Slatini, \u2013 zaklju\u010dio je gradona\u010delnik Ostro\u0161i\u0107.<br \/>\n(www.radioslatina.hr)<\/p>\nngg_shortcode_0_placeholder\n","protected":false},"excerpt":{"rendered":"<p>Povodom nedavnog preseljenja Gradske razvojne agencije Slatine u nove prostore ure\u0111ene u zgradi Gradske uprave Grada Slatine radi lak\u0161e komunikacije s gra\u0111anima, i izme\u0111u GRAS-a<span class=\"excerpt-hellip\"> [\u2026]<\/span><\/p>\n","protected":false},"author":5,"featured_media":105835,"comment_status":"closed","ping_status":"closed","sticky":false,"template":"","format":"standard","meta":{"ngg_post_thumbnail":0,"footnotes":""},"categories":[136,137],"tags":[],"class_list":["post-105807","post","type-post","status-publish","format-standard","has-post-thumbnail","hentry","category-grad-slatina","category-naslovnica"],"_links":{"self":[{"href":"https:\/\/www.slatina.hr\/portal\/wp-json\/wp\/v2\/posts\/105807","targetHints":{"allow":["GET"]}}],"collection":[{"href":"https:\/\/www.slatina.hr\/portal\/wp-json\/wp\/v2\/posts"}],"about":[{"href":"https:\/\/www.slatina.hr\/portal\/wp-json\/wp\/v2\/types\/post"}],"author":[{"embeddable":true,"href":"https:\/\/www.slatina.hr\/portal\/wp-json\/wp\/v2\/users\/5"}],"replies":[{"embeddable":true,"href":"https:\/\/www.slatina.hr\/portal\/wp-json\/wp\/v2\/comments?post=105807"}],"version-history":[{"count":1,"href":"https:\/\/www.slatina.hr\/portal\/wp-json\/wp\/v2\/posts\/105807\/revisions"}],"predecessor-version":[{"id":105834,"href":"https:\/\/www.slatina.hr\/portal\/wp-json\/wp\/v2\/posts\/105807\/revisions\/105834"}],"wp:featuredmedia":[{"embeddable":true,"href":"https:\/\/www.slatina.hr\/portal\/wp-json\/wp\/v2\/media\/105835"}],"wp:attachment":[{"href":"https:\/\/www.slatina.hr\/portal\/wp-json\/wp\/v2\/media?parent=105807"}],"wp:term":[{"taxonomy":"category","embeddable":true,"href":"https:\/\/www.slatina.hr\/portal\/wp-json\/wp\/v2\/categories?post=105807"},{"taxonomy":"post_tag","embeddable":true,"href":"https:\/\/www.slatina.hr\/portal\/wp-json\/wp\/v2\/tags?post=105807"}],"curies":[{"name":"wp","href":"https:\/\/api.w.org\/{rel}","templated":true}]}}