{"id":105792,"date":"2021-05-09T11:22:19","date_gmt":"2021-05-09T09:22:19","guid":{"rendered":"https:\/\/www.slatina.hr\/portal\/?p=105792"},"modified":"2021-05-09T11:22:19","modified_gmt":"2021-05-09T09:22:19","slug":"od-sutra-10-svibnja-u-slatini-pocinje-organizirano-cijepljenje-protiv-korona-virusa","status":"publish","type":"post","link":"https:\/\/www.slatina.hr\/portal\/od-sutra-10-svibnja-u-slatini-pocinje-organizirano-cijepljenje-protiv-korona-virusa\/","title":{"rendered":"Od sutra, 10. svibnja u Slatini po\u010dinje organizirano cijepljenje protiv korona virusa"},"content":{"rendered":"<p>U organizaciji Zavoda za javno zdravstvo Sveti Rok Viroviti\u010dko-podravske \u017eupanije i Sto\u017eera civilne Za\u0161tite Viroviti\u010dko-podravske \u017eupanije, od sutra, 10. svibnja u Slatini po\u010dinje organizirano cijepljenje protiv korona virusa.<br \/>\nCijepljenje \u0107e se u suradnji s Gradom Slatinom provoditi na prostoru biv\u0161eg trgova\u010dkog centra Billa u Industrijskoj ulici u vremenu od 9 do 14 sati.&nbsp;<br \/>\nBit \u0107e osigurana tri punkta, od kojih je jedan \u201edrive in\u201c, a u organizaciji masovnog cijepljenja protiv korona virusa pomagat \u0107e covid-redari Udruge HVIDR-a Slatina, volonteri Gradskog dru\u0161tva Crvenog kri\u017ea Slatina i u\u010denici Srednje medicinske \u0161kole u Virovitici.<\/p>\n<p>Sutra, 10. svibnja cijepljenje \u0107e se obaviti za unaprijed predbilje\u017eene gospodarstvenike, obrtnike i djelatnike u turizmu, dok \u0107e se u narednim danima mo\u0107i cijepiti ostali gra\u0111ani koji su se predbilje\u017eili svojim obiteljskim lije\u010dnicima prema to\u010dno predvi\u0111enom rasporedu koji im je nazna\u010den u pozivu.<\/p>\n<p>\u2013 Zainteresirani za cijepljenje se moraju javiti svojim obiteljskim lije\u010dnicima, a cijepiti \u0107e se mo\u0107i osim gra\u0111ana s podru\u010dja grada Slatine i oni iz okolnih op\u0107ina.<br \/>\nCijepljenju \u0107e mo\u0107i pristupiti oni gra\u0111ani koji su se predbilje\u017eili kod svojih lije\u010dnika obiteljske medicine koji \u0107e im, ukoliko to ve\u0107 nisu u\u010dinili, uputiti poziv s to\u010dnim terminom cijepljenja. Stoga molim gra\u0111ane da do\u0111u u to\u010dno zakazano vrijeme kako se ne bi stvarale nepotrebne gu\u017eve i da se pridr\u017eavaju svih epidemiolo\u0161kih i drugih mjera, \u2013 rekao je na\u010delnik Sto\u017eera civilne za\u0161tite Grada Slatine Bojan Plantak.<br \/>\n(www.radioslatina.hr)<\/p>\n","protected":false},"excerpt":{"rendered":"<p>U organizaciji Zavoda za javno zdravstvo Sveti Rok Viroviti\u010dko-podravske \u017eupanije i Sto\u017eera civilne Za\u0161tite Viroviti\u010dko-podravske \u017eupanije, od sutra, 10. svibnja u Slatini po\u010dinje organizirano cijepljenje<span class=\"excerpt-hellip\"> [\u2026]<\/span><\/p>\n","protected":false},"author":5,"featured_media":105793,"comment_status":"closed","ping_status":"closed","sticky":false,"template":"","format":"standard","meta":{"ngg_post_thumbnail":0,"footnotes":""},"categories":[136,137],"tags":[],"class_list":["post-105792","post","type-post","status-publish","format-standard","has-post-thumbnail","hentry","category-grad-slatina","category-naslovnica"],"_links":{"self":[{"href":"https:\/\/www.slatina.hr\/portal\/wp-json\/wp\/v2\/posts\/105792","targetHints":{"allow":["GET"]}}],"collection":[{"href":"https:\/\/www.slatina.hr\/portal\/wp-json\/wp\/v2\/posts"}],"about":[{"href":"https:\/\/www.slatina.hr\/portal\/wp-json\/wp\/v2\/types\/post"}],"author":[{"embeddable":true,"href":"https:\/\/www.slatina.hr\/portal\/wp-json\/wp\/v2\/users\/5"}],"replies":[{"embeddable":true,"href":"https:\/\/www.slatina.hr\/portal\/wp-json\/wp\/v2\/comments?post=105792"}],"version-history":[{"count":1,"href":"https:\/\/www.slatina.hr\/portal\/wp-json\/wp\/v2\/posts\/105792\/revisions"}],"predecessor-version":[{"id":105794,"href":"https:\/\/www.slatina.hr\/portal\/wp-json\/wp\/v2\/posts\/105792\/revisions\/105794"}],"wp:featuredmedia":[{"embeddable":true,"href":"https:\/\/www.slatina.hr\/portal\/wp-json\/wp\/v2\/media\/105793"}],"wp:attachment":[{"href":"https:\/\/www.slatina.hr\/portal\/wp-json\/wp\/v2\/media?parent=105792"}],"wp:term":[{"taxonomy":"category","embeddable":true,"href":"https:\/\/www.slatina.hr\/portal\/wp-json\/wp\/v2\/categories?post=105792"},{"taxonomy":"post_tag","embeddable":true,"href":"https:\/\/www.slatina.hr\/portal\/wp-json\/wp\/v2\/tags?post=105792"}],"curies":[{"name":"wp","href":"https:\/\/api.w.org\/{rel}","templated":true}]}}