{"id":105789,"date":"2021-05-09T10:32:54","date_gmt":"2021-05-09T08:32:54","guid":{"rendered":"https:\/\/www.slatina.hr\/portal\/?p=105789"},"modified":"2021-05-09T10:32:54","modified_gmt":"2021-05-09T08:32:54","slug":"cestitka-gradonacelnika-u-prigodi-blagdana-bl-ivana-merza","status":"publish","type":"post","link":"https:\/\/www.slatina.hr\/portal\/cestitka-gradonacelnika-u-prigodi-blagdana-bl-ivana-merza\/","title":{"rendered":"\u010cestitka gradona\u010delnika u prigodi blagdana bl. Ivana Merza"},"content":{"rendered":"<p>Povodom proslave blagdana bl. Ivana Merza za\u0161titnika slatinske \u017dupe bl. Ivana Merza koji se obilje\u017eava 10. svibnja, gradona\u010delnik Grada Slatine Denis Ostro\u0161i\u0107 uputio je sljede\u0107u \u010destitku:<\/p>\n<p>Drage Slatin\u010danke i Slatin\u010dani, mje\u0161tani prigradskih naselja, \u017eupljani \u017dupe bl. Ivana Merza!<\/p>\n<p>Iza nas je te\u0161ka godina obilje\u017eena svjetskom pandemijom koronavirusa koja je ograni\u010dila normalan \u017eivot svim gra\u0111anima i jo\u0161 uvijek prijeti na\u0161em zdravlju. Unato\u010d tome mo\u017eemo zahvaliti bl. Ivanu Merzu, \u0161to \u010duva sve nas kako bi prebrodili ovu krizu bez ve\u0107ih posljedica.<\/p>\n<p>Slatinska je \u017eupa prva koja je stavljena pod za\u0161titu bla\u017eenog Ivana Merza, i to upravo na dan njegove beatifikacije, njegova progla\u0161enja bla\u017eenim i neka nam to bude nit vodilja da svi zajedno ustrajemo u ovim te\u0161kim vremenima, a njegova la\u0111a uplovi sa svima nama u bolje sutra.<\/p>\n<p>Uz zagovor bl. Ivana Merza s osobitim veseljem i rado\u0161\u0107u upu\u0107ujem vam najtoplije \u010destitke u prigodi blagdana bl. Ivana Merza.&nbsp;<\/p>\n<p>Proslavite ovogodi\u0161nju svetkovinu u krugu naju\u017ee obitelji i prijatelja, i neka nas bl. Ivan Merz za\u0161titi od svakoga zla.<\/p>\n<p>Uz \u017eelje za dobrim zdravljem, rado\u0161\u0107u i uspjehom u \u017eivotu, jo\u0161 jednom vam u ime Grada Slatine, svojih zamjenika, suradnika i u svoje osobno ime \u010destitam blagdan bl. Ivana Merza.<\/p>\n<p>Va\u0161 gradona\u010delnik&nbsp; &nbsp; &nbsp;<br \/>\n&nbsp; Denis Ostro\u0161i\u0107<\/p>\n","protected":false},"excerpt":{"rendered":"<p>Povodom proslave blagdana bl. Ivana Merza za\u0161titnika slatinske \u017dupe bl. Ivana Merza koji se obilje\u017eava 10. svibnja, gradona\u010delnik Grada Slatine Denis Ostro\u0161i\u0107 uputio je sljede\u0107u<span class=\"excerpt-hellip\"> [\u2026]<\/span><\/p>\n","protected":false},"author":5,"featured_media":105790,"comment_status":"closed","ping_status":"closed","sticky":false,"template":"","format":"standard","meta":{"ngg_post_thumbnail":0,"footnotes":""},"categories":[136,137],"tags":[],"class_list":["post-105789","post","type-post","status-publish","format-standard","has-post-thumbnail","hentry","category-grad-slatina","category-naslovnica"],"_links":{"self":[{"href":"https:\/\/www.slatina.hr\/portal\/wp-json\/wp\/v2\/posts\/105789","targetHints":{"allow":["GET"]}}],"collection":[{"href":"https:\/\/www.slatina.hr\/portal\/wp-json\/wp\/v2\/posts"}],"about":[{"href":"https:\/\/www.slatina.hr\/portal\/wp-json\/wp\/v2\/types\/post"}],"author":[{"embeddable":true,"href":"https:\/\/www.slatina.hr\/portal\/wp-json\/wp\/v2\/users\/5"}],"replies":[{"embeddable":true,"href":"https:\/\/www.slatina.hr\/portal\/wp-json\/wp\/v2\/comments?post=105789"}],"version-history":[{"count":1,"href":"https:\/\/www.slatina.hr\/portal\/wp-json\/wp\/v2\/posts\/105789\/revisions"}],"predecessor-version":[{"id":105791,"href":"https:\/\/www.slatina.hr\/portal\/wp-json\/wp\/v2\/posts\/105789\/revisions\/105791"}],"wp:featuredmedia":[{"embeddable":true,"href":"https:\/\/www.slatina.hr\/portal\/wp-json\/wp\/v2\/media\/105790"}],"wp:attachment":[{"href":"https:\/\/www.slatina.hr\/portal\/wp-json\/wp\/v2\/media?parent=105789"}],"wp:term":[{"taxonomy":"category","embeddable":true,"href":"https:\/\/www.slatina.hr\/portal\/wp-json\/wp\/v2\/categories?post=105789"},{"taxonomy":"post_tag","embeddable":true,"href":"https:\/\/www.slatina.hr\/portal\/wp-json\/wp\/v2\/tags?post=105789"}],"curies":[{"name":"wp","href":"https:\/\/api.w.org\/{rel}","templated":true}]}}