{"id":105747,"date":"2021-05-08T09:17:09","date_gmt":"2021-05-08T07:17:09","guid":{"rendered":"https:\/\/www.slatina.hr\/portal\/?p=105747"},"modified":"2021-05-08T09:17:09","modified_gmt":"2021-05-08T07:17:09","slug":"dan-skole-2021-u-osnovnoj-skoli-eugena-kumicica-slatina-gradonacelnik-ostrosic-otvorio-djecje-igraliste-u-dvoristu-skole","status":"publish","type":"post","link":"https:\/\/www.slatina.hr\/portal\/dan-skole-2021-u-osnovnoj-skoli-eugena-kumicica-slatina-gradonacelnik-ostrosic-otvorio-djecje-igraliste-u-dvoristu-skole\/","title":{"rendered":"Dan \u0161kole 2021. u Osnovnoj \u0161koli Eugena Kumi\u010di\u0107a Slatina: Gradona\u010delnik Ostro\u0161i\u0107 otvorio dje\u010dje igrali\u0161te u dvori\u0161tu \u0161kole"},"content":{"rendered":"<p>Osnovna \u0161kola Eugena Kumi\u010di\u0107a Slatina vi\u0161ednevnim programom i ove godine proslavlja Dan \u0161kole koji je prilagodila Danu \u017eupe bl. Ivana Merza tako da umjesto 30. svibnja svoj Dan, od prije 5-6 godina obilje\u017eava 10. svibnja.<br \/>\nToga dana u \u0161koli ne\u0107e biti nastave budu\u0107i da je \u0160kola u suradnji sa \u017eupnikom Nikolom Ju\u0161i\u0107em odlu\u010dila omogu\u0107iti djeci da svoj Dan \u017eupe proslave sa svojim obiteljima na misnim slavljima i obiteljskim okupljanjima.<\/p>\n<p>Obilje\u017eavanje Dana \u0161kole po\u010delo je 29. travnja na Me\u0111unarodni dan plesa prigodnim programom pod nazivom \u201ePlesna pri\u010da \u2013 Zaledi se\u201c u sklopu kojega su svi razredni odjel u mati\u010dnoj i podru\u010dnim \u0161kolama zaledili svoj plesni korak koji su snimili, a svi zajedno \u010dinili su jednu virtualnu plesnu razglednicu.<\/p>\n<p>Sljede\u0107eg dana kroz aktivnost \u201eHodanjem da zdravlja\u201c provedena je humanitarna kampanja Saveza dru\u0161tava \u201eNa\u0161a djeca\u201c Hrvatske imena \u201eNeka rane postanu samo o\u017eiljci\u201e za djecu Banovine. &nbsp;<br \/>\nU okviru projekta \u201e\u017divjeti zdravo\u201c kojemu je \u0161kola partner Zavodu za javno zdravstvo ve\u0107 nekoliko godina, svi u\u010denici, u\u010ditelji i ostali djelatnici \u0161kole pro\u0161li su rutu od 5 kilometra u aktivnoj \u0161etnji, te pritom simboli\u010dnom donacijom svakoga od njih prikupili ukupno 2.160,00 kn za djecu Banovine.<\/p>\n<p>Centralno doga\u0111anje u \u0161koli posve\u0107eno je Godini \u010ditanja, budu\u0107i da je Vlada RH na prijedlog Ministarstva kulture i medija, 2021. godinu proglasila godinom \u010ditanja. Tako su svi u\u010denici sudjelovali u zajedni\u010dkoj aktivnosti&nbsp; pod nazivom \u201eKnjiga je san koji dr\u017eite u ruci\u201c. Svaki je razred od 3. do 5. svibnja istra\u017eivao \u017eivot i djelo hrvatskog knji\u017eevnika koji se obra\u0111uje u njihovoj generaciji i to kroz me\u0111u predmetnu povezanost, koriste\u0107i razli\u010dite digitalne alate, a sve \u0161to se radilo mo\u017ee se vidjeti na dru\u0161tvenim mre\u017eama \u0161kole.<\/p>\n<p>Ju\u010der, 7. svibnja obilje\u017eavanje Dana \u0161kole zavr\u0161eno je slu\u017ebenim otvorenjem novog dje\u010djeg igrali\u0161ta koje je Grad Slatina postavio u dvori\u0161tu \u0161kole za sve u\u010denike ni\u017eih razreda i pred\u0161kolce, kao i za svu djecu grada Slatine koji se \u017eele igrati na ovom igrali\u0161tu.<\/p>\n<p>Igrali\u0161te je otvorio gradona\u010delnik Grada Slatine Denis Ostro\u0161i\u0107 u nazo\u010dnosti ravnateljice \u0161kole Bo\u017eice Majhen, tajnice Ane Podnar i voditeljice ra\u010dunovodstva Jasne Toma\u0161evi\u0107, a sve\u010danosti su nazo\u010dili i pro\u010delnik Stru\u010dne slu\u017ebe Krunoslav \u0160arabok, voditelj Odsjeka za komunalni sustav Vjekoslav Hess i direktor tvrtke Slatina kom Sanjin Hmelik.<\/p>\n<p>To\u010dka na \u201ei\u201c bila je ju\u010dera\u0161nja priredba koju su pripremili u\u010denici i u\u010ditelji, \u0160koli za ro\u0111endan pod nazivom \u201eZnanje je mo\u0107\u201c, a odr\u017eana je u virtualnom okru\u017eenju.<br \/>\nU ponedjeljak, 10. svibnja tako\u0111er \u0107e virtualno biti \u201eOtvorena vrata \u0161kole\u201e te \u0107e svi sugra\u0111ani i roditelji imati priliku vidjeti kako izgledaju sve \u0161kolske zgrade u interijeru i eksterijeru te zaklju\u010diti kakve uvjete za u\u010denje i pou\u010davanje imaju u\u010denici i u\u010ditelji \u0161kole, a mo\u0107i \u0107e vidjeti i online Izvje\u0161\u0107e ravnateljice o radu \u0161kole u teku\u0107oj godini.<\/p>\n<p><img loading=\"lazy\" decoding=\"async\" class=\"alignnone size-full wp-image-208774\" src=\"https:\/\/www.radioslatina.hr\/wp-content\/uploads\/2021\/05\/IMG_3877_1024x683.jpg\" sizes=\"auto, (max-width: 1024px) 100vw, 1024px\" srcset=\"https:\/\/www.radioslatina.hr\/wp-content\/uploads\/2021\/05\/IMG_3877_1024x683.jpg 1024w, https:\/\/www.radioslatina.hr\/wp-content\/uploads\/2021\/05\/IMG_3877_1024x683-768x512.jpg 768w\" alt=\"\" width=\"1024\" height=\"683\"><\/p>\n<p>U prigodi otvorenja dje\u010djeg igrali\u0161ta gradona\u010delnik Ostro\u0161i\u0107 je u\u010denicima i svim djelatnicima \u0161kole \u010destitao njihov Dan, osobito u\u010denicima i njihovim mentorima koji su u ovoj \u0161kolskoj godini ostvarili izuzetne rezultate na natjecanjima, te \u0160koli za\u017eelio uspje\u0161no poslovanje u ovim ne tipi\u010dnim i ote\u017eanim uvjetima rada.<\/p>\n<p>\u2013 Drago mi je da ste uspjeli adaptirati prostor va\u0161e \u0161kole, a osim toga imate puno uspjeha \u0161to je rezultat marljivog rada, te se vidi da tu ve\u0107ih problema zapravo nema, i to je ono najva\u017enije. Iako nije osniva\u010d Grad Slatina je otvoren za suradnju sa \u0161kolom, osobito kao partner na projektima.<br \/>\nIzuzetno cijenim ovaj kolektiv koji vodi djecu na jedan pravi put u suradnji s roditeljima i cijelom zajednicom, stoga se i mi nastojimo uklju\u010diti koliko god je to mogu\u0107e, a \u010demu svjedo\u010di i ovo dje\u010dje igrali\u0161te koje \u0107emo, nadam se, zajedno odr\u017eavati i \u010duvati, \u2013 rekao je gradona\u010delnik istaknuv\u0161i kako su im vrata Grada Slatine uvijek otvorena.<\/p>\n<p>Ravnateljica \u0161kole Bo\u017eica Majhen zahvalila se Gradu Slatini na potpori i dosada\u0161njoj suradnji u nadi da \u0107e tako biti i ubudu\u0107e, te tom prigodom istaknula kako je ove godine obilje\u017eavanje Dana \u0161kole specifi\u010dno zbog koronavirusa.<\/p>\n<p>\u2013 Osim toga, pojedina dr\u017eavna natjecanja \u201epala\u201c su ba\u0161 u ovom tjednu obilje\u017eavanja, no mi smo jako ponosni jer su ove godine na\u0161i u\u010denici iz lidrana, hrvatskog jezika, tehni\u010dke kulture i globe grupe bili pozvani na dr\u017eavno natjecanje i to je za nas jako veliki uspjeh.<br \/>\nNe sje\u0107am se kada smo posljednji put imali toliko u\u010denika da su oti\u0161li na dr\u017eavno natjecanje, a da nije bio uklju\u010den sport u kojemu smo isto tako izvrsni no zbog epidemije ovoga puta nije zastupljen. \u017dao mi je \u0161to u\u010denici i njihovi mentori nisu imali mogu\u0107nost oti\u0107i na more kao \u0161to je to uobi\u010dajeno i bila bi im to velika nagrada za sav trud, ve\u0107 su na dr\u017eavnim natjecanjima sudjelovali online iz svojih u\u010dionica. Kakve \u0107e rezultate posti\u0107i ne znam, ali to nije ni va\u017eno jer oni tamo predstavljaju na\u0161u \u0161kolu, grad i \u017eupaniju \u0161to je jako zna\u010dajno, \u2013 rekla je ravnateljica Majhen, te \u010destitala svim u\u010denicima, u\u010diteljima i ostalim djelatnicima, kao i roditeljima u\u010denika i svim sugra\u0111anima Dan \u0161kole jer svi oni, kako je rekla, na neki na\u010din participiraju razvoju O\u0160 Eugena Kumi\u010di\u0107a.<\/p>\n<p>\u2013 Svi smo mi jedna mala zajednica kojoj je mjesto okupljanja prostor na\u0161e \u0161kole, a od sada \u0107e biti i vi\u0161e jer na\u0161i najmla\u0111i u\u010denici ve\u0107 naveliko koriste dje\u010dje igrali\u0161te koje nam je darovao Grad. Tu su i mame sa svojom dje\u010dicom, na\u0161im budu\u0107im u\u010denicima tako da smo dobili jedno lijepo mjesto za okupljanje i zajedni\u010dko dru\u017eenje \u0161to u ovo te\u0161ko vrijeme svima nedostaje, \u2013 zaklju\u010dila je ravnateljica.<br \/>\n(www.radioslatina.hr)<\/p>\nngg_shortcode_0_placeholder\n","protected":false},"excerpt":{"rendered":"<p>Osnovna \u0161kola Eugena Kumi\u010di\u0107a Slatina vi\u0161ednevnim programom i ove godine proslavlja Dan \u0161kole koji je prilagodila Danu \u017eupe bl. Ivana Merza tako da umjesto 30.<span class=\"excerpt-hellip\"> [\u2026]<\/span><\/p>\n","protected":false},"author":5,"featured_media":105768,"comment_status":"closed","ping_status":"closed","sticky":false,"template":"","format":"standard","meta":{"ngg_post_thumbnail":0,"footnotes":""},"categories":[136,137],"tags":[],"class_list":["post-105747","post","type-post","status-publish","format-standard","has-post-thumbnail","hentry","category-grad-slatina","category-naslovnica"],"_links":{"self":[{"href":"https:\/\/www.slatina.hr\/portal\/wp-json\/wp\/v2\/posts\/105747","targetHints":{"allow":["GET"]}}],"collection":[{"href":"https:\/\/www.slatina.hr\/portal\/wp-json\/wp\/v2\/posts"}],"about":[{"href":"https:\/\/www.slatina.hr\/portal\/wp-json\/wp\/v2\/types\/post"}],"author":[{"embeddable":true,"href":"https:\/\/www.slatina.hr\/portal\/wp-json\/wp\/v2\/users\/5"}],"replies":[{"embeddable":true,"href":"https:\/\/www.slatina.hr\/portal\/wp-json\/wp\/v2\/comments?post=105747"}],"version-history":[{"count":1,"href":"https:\/\/www.slatina.hr\/portal\/wp-json\/wp\/v2\/posts\/105747\/revisions"}],"predecessor-version":[{"id":105769,"href":"https:\/\/www.slatina.hr\/portal\/wp-json\/wp\/v2\/posts\/105747\/revisions\/105769"}],"wp:featuredmedia":[{"embeddable":true,"href":"https:\/\/www.slatina.hr\/portal\/wp-json\/wp\/v2\/media\/105768"}],"wp:attachment":[{"href":"https:\/\/www.slatina.hr\/portal\/wp-json\/wp\/v2\/media?parent=105747"}],"wp:term":[{"taxonomy":"category","embeddable":true,"href":"https:\/\/www.slatina.hr\/portal\/wp-json\/wp\/v2\/categories?post=105747"},{"taxonomy":"post_tag","embeddable":true,"href":"https:\/\/www.slatina.hr\/portal\/wp-json\/wp\/v2\/tags?post=105747"}],"curies":[{"name":"wp","href":"https:\/\/api.w.org\/{rel}","templated":true}]}}