{"id":105619,"date":"2021-05-05T09:22:25","date_gmt":"2021-05-05T07:22:25","guid":{"rendered":"https:\/\/www.slatina.hr\/portal\/?p=105619"},"modified":"2021-05-05T09:22:25","modified_gmt":"2021-05-05T07:22:25","slug":"gradu-slatini-odobrena-bespovratna-potpora-od-436-76900-kn-za-projekt-dogradnje-jaslica-dv-zeko-u-slatini","status":"publish","type":"post","link":"https:\/\/www.slatina.hr\/portal\/gradu-slatini-odobrena-bespovratna-potpora-od-436-76900-kn-za-projekt-dogradnje-jaslica-dv-zeko-u-slatini\/","title":{"rendered":"Gradu Slatini odobrena bespovratna potpora od 436.769,00 kn za projekt dogradnje jaslica DV Zeko u Slatini"},"content":{"rendered":"<p>Sredi\u0161nji dr\u017eavni ured za demografiju i mlade donio je odluku o dodjeli financijskih sredstava za projekte jedinica lokalne samouprave i Grada Zagreba u okviru raspolo\u017eivih sredstava iz Dr\u017eavnog prora\u010duna Republike Hrvatske za 2021.g.<\/p>\n<p>Navedenom odlukom je Gradu Slatini dodijeljena bespovratna potpora u iznosu od 436.769,00 kn za projekt dogradnje jaslica Dje\u010djeg vrti\u0107a Zeko u Slatini.<\/p>\n<p>Projektom je planirana dogradnja zgrade jaslica \u010dime \u0107e se postoje\u0107a zgrada pro\u0161iriti na jo\u0161 dvije skupine djece jasli\u010dke dobi kako bi se istoj osigurali adekvatni uvjeti, a u Dje\u010djem vrti\u0107u Zeko \u0107e se osloboditi prostorije za rad sa starijim skupinama djece koja su trenutno na listi \u010dekanja.<\/p>\n<p>Procjena vrijednosti projekta dogradnje po tro\u0161kovniku iznosi 3.178.000,00 kn.<\/p>\n<p>Gradona\u010delnik Grada Slatine Denis Ostro\u0161i\u0107 izrazio je zadovoljstvo \u0161to \u0107e jo\u0161 jedan vrijedan projekt za\u017eivjeti u gradu Slatini, a radovi \u0107e zapo\u010deti ve\u0107 ove godine.<br \/>\n(www.radioslatina.hr)<\/p>\n<p>Foto: Dvori\u0161ni prostor na kojemu \u0107e se obaviti dogradnja, odnosno pro\u0161irenje postoje\u0107e zgrade jaslica<\/p>\n<p>ngg_shortcode_0_placeholderFoto: Projekcija dogradnje zgrade jaslica&nbsp;<\/p>\nngg_shortcode_1_placeholder\n","protected":false},"excerpt":{"rendered":"<p>Sredi\u0161nji dr\u017eavni ured za demografiju i mlade donio je odluku o dodjeli financijskih sredstava za projekte jedinica lokalne samouprave i Grada Zagreba u okviru raspolo\u017eivih<span class=\"excerpt-hellip\"> [\u2026]<\/span><\/p>\n","protected":false},"author":5,"featured_media":105632,"comment_status":"closed","ping_status":"closed","sticky":false,"template":"","format":"standard","meta":{"ngg_post_thumbnail":0,"footnotes":""},"categories":[31,136,137],"tags":[],"class_list":["post-105619","post","type-post","status-publish","format-standard","has-post-thumbnail","hentry","category-djecjivrticzeko","category-grad-slatina","category-naslovnica"],"_links":{"self":[{"href":"https:\/\/www.slatina.hr\/portal\/wp-json\/wp\/v2\/posts\/105619","targetHints":{"allow":["GET"]}}],"collection":[{"href":"https:\/\/www.slatina.hr\/portal\/wp-json\/wp\/v2\/posts"}],"about":[{"href":"https:\/\/www.slatina.hr\/portal\/wp-json\/wp\/v2\/types\/post"}],"author":[{"embeddable":true,"href":"https:\/\/www.slatina.hr\/portal\/wp-json\/wp\/v2\/users\/5"}],"replies":[{"embeddable":true,"href":"https:\/\/www.slatina.hr\/portal\/wp-json\/wp\/v2\/comments?post=105619"}],"version-history":[{"count":1,"href":"https:\/\/www.slatina.hr\/portal\/wp-json\/wp\/v2\/posts\/105619\/revisions"}],"predecessor-version":[{"id":105631,"href":"https:\/\/www.slatina.hr\/portal\/wp-json\/wp\/v2\/posts\/105619\/revisions\/105631"}],"wp:featuredmedia":[{"embeddable":true,"href":"https:\/\/www.slatina.hr\/portal\/wp-json\/wp\/v2\/media\/105632"}],"wp:attachment":[{"href":"https:\/\/www.slatina.hr\/portal\/wp-json\/wp\/v2\/media?parent=105619"}],"wp:term":[{"taxonomy":"category","embeddable":true,"href":"https:\/\/www.slatina.hr\/portal\/wp-json\/wp\/v2\/categories?post=105619"},{"taxonomy":"post_tag","embeddable":true,"href":"https:\/\/www.slatina.hr\/portal\/wp-json\/wp\/v2\/tags?post=105619"}],"curies":[{"name":"wp","href":"https:\/\/api.w.org\/{rel}","templated":true}]}}