{"id":105591,"date":"2021-05-04T09:08:27","date_gmt":"2021-05-04T07:08:27","guid":{"rendered":"https:\/\/www.slatina.hr\/portal\/?p=105591"},"modified":"2021-05-04T09:08:27","modified_gmt":"2021-05-04T07:08:27","slug":"cestitka-slatinskog-gradonacelnika-povodom-svjetskog-dana-vatrogasaca-i-blagdana-sv-florijana","status":"publish","type":"post","link":"https:\/\/www.slatina.hr\/portal\/cestitka-slatinskog-gradonacelnika-povodom-svjetskog-dana-vatrogasaca-i-blagdana-sv-florijana\/","title":{"rendered":"\u010cestitka slatinskog gradona\u010delnika povodom Svjetskog dana vatrogasaca i blagdana sv. Florijana"},"content":{"rendered":"<p>Svim pripadnicima vatrogasnih postrojbi i dobrovoljnih vatrogasnih dru\u0161tava upu\u0107ujem iskrene \u010destitke u prigodi Dana svetog Florijana \u2013 Dana hrvatskih vatrogasaca koji se obilje\u017eava 4. svibnja!<\/p>\n<p>Hvala vam na iznimnom zalaganju, trudu i radu koji svakodnevno ula\u017eete u spa\u0161avanje ljudi i njihove imovine.<\/p>\n<p>Zahvaljujem vam na iznimnoj profesionalnosti i po\u017ertvovnosti pokazanu kroz predano obavljanje ove nadasve humane profesije, osobito sada kada svaki dan iziskuje borbu za o\u010duvanje onog najva\u017enijeg a to je zdravlje cijele na\u0161e zajednice.<\/p>\n<p>Neka vas \u010duva i uvijek prati blagoslov sv. Florijana!<\/p>\n<p>U ime Grada Slatine, svojih zamjenika, suradnika i u svoje osobno ime, \u010destitam vam Svjetski dan vatrogasaca i blagdan sv. Florijana!<\/p>\n<p>Gradona\u010delnik Grada Slatine Denis Ostro\u0161i\u0107<\/p>\n","protected":false},"excerpt":{"rendered":"<p>Svim pripadnicima vatrogasnih postrojbi i dobrovoljnih vatrogasnih dru\u0161tava upu\u0107ujem iskrene \u010destitke u prigodi Dana svetog Florijana \u2013 Dana hrvatskih vatrogasaca koji se obilje\u017eava 4. svibnja!<span class=\"excerpt-hellip\"> [\u2026]<\/span><\/p>\n","protected":false},"author":5,"featured_media":105592,"comment_status":"closed","ping_status":"closed","sticky":false,"template":"","format":"standard","meta":{"ngg_post_thumbnail":0,"footnotes":""},"categories":[136,137],"tags":[],"class_list":["post-105591","post","type-post","status-publish","format-standard","has-post-thumbnail","hentry","category-grad-slatina","category-naslovnica"],"_links":{"self":[{"href":"https:\/\/www.slatina.hr\/portal\/wp-json\/wp\/v2\/posts\/105591","targetHints":{"allow":["GET"]}}],"collection":[{"href":"https:\/\/www.slatina.hr\/portal\/wp-json\/wp\/v2\/posts"}],"about":[{"href":"https:\/\/www.slatina.hr\/portal\/wp-json\/wp\/v2\/types\/post"}],"author":[{"embeddable":true,"href":"https:\/\/www.slatina.hr\/portal\/wp-json\/wp\/v2\/users\/5"}],"replies":[{"embeddable":true,"href":"https:\/\/www.slatina.hr\/portal\/wp-json\/wp\/v2\/comments?post=105591"}],"version-history":[{"count":1,"href":"https:\/\/www.slatina.hr\/portal\/wp-json\/wp\/v2\/posts\/105591\/revisions"}],"predecessor-version":[{"id":105593,"href":"https:\/\/www.slatina.hr\/portal\/wp-json\/wp\/v2\/posts\/105591\/revisions\/105593"}],"wp:featuredmedia":[{"embeddable":true,"href":"https:\/\/www.slatina.hr\/portal\/wp-json\/wp\/v2\/media\/105592"}],"wp:attachment":[{"href":"https:\/\/www.slatina.hr\/portal\/wp-json\/wp\/v2\/media?parent=105591"}],"wp:term":[{"taxonomy":"category","embeddable":true,"href":"https:\/\/www.slatina.hr\/portal\/wp-json\/wp\/v2\/categories?post=105591"},{"taxonomy":"post_tag","embeddable":true,"href":"https:\/\/www.slatina.hr\/portal\/wp-json\/wp\/v2\/tags?post=105591"}],"curies":[{"name":"wp","href":"https:\/\/api.w.org\/{rel}","templated":true}]}}