{"id":105502,"date":"2021-05-01T21:18:02","date_gmt":"2021-05-01T19:18:02","guid":{"rendered":"https:\/\/www.slatina.hr\/portal\/?p=105502"},"modified":"2021-05-01T21:18:02","modified_gmt":"2021-05-01T19:18:02","slug":"to-uhddr-sladojevci-organizirao-1-natjecanje-u-kuhanju-fisa","status":"publish","type":"post","link":"https:\/\/www.slatina.hr\/portal\/to-uhddr-sladojevci-organizirao-1-natjecanje-u-kuhanju-fisa\/","title":{"rendered":"TO UHDDR Sladojevci organizirao 1. natjecanje u kuhanju fi\u0161a"},"content":{"rendered":"<p>\u010clanovi Temeljnog ogranaka Udruge hrvatskih dragovoljaca Domovinskog rata Sladojevci, na \u010delu s predsjednikom istog Petrom Derdi\u0107em u prigodi Me\u0111unarodnog praznika rada, 1. svibnja organizirala je danas po prvi puta Fi\u0161ijadu.<\/p>\n<p>1. natjecanje u kuhanju fi\u0161a odr\u017eano je na novoure\u0111enom dvori\u0161nom prostoru iza Vatrogasnog doma u Sladojevcima gdje su \u010dlanovi ove udruge sredstvima koja su dobili od Grada Slatine kroz Program malih komunalnih akcija izgradili nadstre\u0161nicu s pe\u010denjarom koja je ovom prigodom ujedno i slu\u017ebeno otvorena.<\/p>\n<p>Ovom sve\u010danom \u010dinu uz \u010dlanove spomenute udruge nazo\u010dili su i gradona\u010delnik Grada Slatine Denis Ostro\u0161i\u0107 i pro\u010delnik Krunoslav \u0160arabok koji su pohvalili realizaciju ovoga projekta, ali i op\u0107enito rad ove udruge te najavili daljnju zajedni\u010dku suradnju i potporu njihovim projektima.<\/p>\n<p>Na Fi\u0161ijadi su sudjelovale \u010detiri ekipe, a prosudbena komisija u sastavu: Dragutin Prer\u010di\u0107, Vladimir Buba\u0161 i Robert Turkalj, nakon ku\u0161anja jednoglasno je odlu\u010dila da je najbolji fi\u0161 skukala ekipa imena Ciglin koja je uz 1. mjesto osvojila i kotli\u0107 od 20 litara.<\/p>\n<p>Organizator je pripremio nagrade i za drugo i tre\u0107e mjesto, kotli\u0107 od 16, odnosno 6 litara, dok je \u010detvrtoplasirana ekipa dobila zahvalnicu.<\/p>\n<p>Nagrade su uru\u010dili gradona\u010delnik Denis Ostro\u0161i\u0107 koji je uz \u010destitke najboljima za\u017eelio da ova Fi\u0161ijada postane tradicionalna, i predsjednik TO UHDDR Sladojevci Petar Derdi\u0107 koji se tom prigodom zahvalio gradona\u010delniku i Gradu Slatini na pomo\u0107i pri izgradnji nadstre\u0161nice ali i na svoj dosada\u0161njoj potpori.<br \/>\n(www.radioslatina.hr)<\/p>\nngg_shortcode_0_placeholder\n","protected":false},"excerpt":{"rendered":"<p>\u010clanovi Temeljnog ogranaka Udruge hrvatskih dragovoljaca Domovinskog rata Sladojevci, na \u010delu s predsjednikom istog Petrom Derdi\u0107em u prigodi Me\u0111unarodnog praznika rada, 1. svibnja organizirala je<span class=\"excerpt-hellip\"> [\u2026]<\/span><\/p>\n","protected":false},"author":5,"featured_media":105520,"comment_status":"closed","ping_status":"closed","sticky":false,"template":"","format":"standard","meta":{"ngg_post_thumbnail":0,"footnotes":""},"categories":[137,139],"tags":[],"class_list":["post-105502","post","type-post","status-publish","format-standard","has-post-thumbnail","hentry","category-naslovnica","category-sport-kultura-i-udruge"],"_links":{"self":[{"href":"https:\/\/www.slatina.hr\/portal\/wp-json\/wp\/v2\/posts\/105502","targetHints":{"allow":["GET"]}}],"collection":[{"href":"https:\/\/www.slatina.hr\/portal\/wp-json\/wp\/v2\/posts"}],"about":[{"href":"https:\/\/www.slatina.hr\/portal\/wp-json\/wp\/v2\/types\/post"}],"author":[{"embeddable":true,"href":"https:\/\/www.slatina.hr\/portal\/wp-json\/wp\/v2\/users\/5"}],"replies":[{"embeddable":true,"href":"https:\/\/www.slatina.hr\/portal\/wp-json\/wp\/v2\/comments?post=105502"}],"version-history":[{"count":1,"href":"https:\/\/www.slatina.hr\/portal\/wp-json\/wp\/v2\/posts\/105502\/revisions"}],"predecessor-version":[{"id":105519,"href":"https:\/\/www.slatina.hr\/portal\/wp-json\/wp\/v2\/posts\/105502\/revisions\/105519"}],"wp:featuredmedia":[{"embeddable":true,"href":"https:\/\/www.slatina.hr\/portal\/wp-json\/wp\/v2\/media\/105520"}],"wp:attachment":[{"href":"https:\/\/www.slatina.hr\/portal\/wp-json\/wp\/v2\/media?parent=105502"}],"wp:term":[{"taxonomy":"category","embeddable":true,"href":"https:\/\/www.slatina.hr\/portal\/wp-json\/wp\/v2\/categories?post=105502"},{"taxonomy":"post_tag","embeddable":true,"href":"https:\/\/www.slatina.hr\/portal\/wp-json\/wp\/v2\/tags?post=105502"}],"curies":[{"name":"wp","href":"https:\/\/api.w.org\/{rel}","templated":true}]}}