{"id":10531,"date":"2014-06-10T13:21:42","date_gmt":"2014-06-10T12:21:42","guid":{"rendered":"http:\/\/www.slatina.hr\/?p=10531"},"modified":"2014-06-10T13:21:42","modified_gmt":"2014-06-10T12:21:42","slug":"odrzana-je-5-sjednica-zupanijske-skupstine-vpz","status":"publish","type":"post","link":"https:\/\/www.slatina.hr\/portal\/odrzana-je-5-sjednica-zupanijske-skupstine-vpz\/","title":{"rendered":"Odr\u017eana je 5. sjednica \u017dupanijske skup\u0161tine VP\u017d"},"content":{"rendered":"<p>U utorak 10. lipnja pod predsjedanjem Ana-Marije Petin u Virovitici odr\u017eana je 5. sjednica \u017dupanijske skup\u0161tine Viroviti\u010dko-podravske \u017eupanije. U prvom dijelu sjednice, tijekom Aktualnog sata, \u017eupan i \u017eupanijske stru\u010dne slu\u017ebe odgovarali su na pitanja klubova vije\u0107nika koja su bila vezana uz Masterplan bolnica, Zakon o socijalnoj skrbi, legalizaciju, novo zadu\u017eenje \u017dupanije, smjene ravnateljica Zavoda za hitnu medicinu VP\u017d i Doma zdravlja VP\u017d\u2026<\/p>\n<p>Nakon aktualnog sata, sjednica je nastavljena sa sljede\u0107im dnevnim redom:<br \/>\n1. Ovjera zapisnika sa 4. sjednice \u017dupanijske skup\u0161tine,<br \/>\n2. Razmatranje Godi\u0161njeg izvje\u0161taja o izvr\u0161enju Prora\u010duna Viroviti\u010dko-podravske \u017eupanije za 2013. godinu,<br \/>\n3. Razmatranje prijedloga Odluke o raspodjeli rezultata poslovanja Prora\u010duna Viroviti\u010dko-podravske \u017eupanije za 2013. godinu,<br \/>\n4. Razmatranje prijedloga I. Izmjena i dopuna Prora\u010duna Viroviti\u010dko-podravske \u017eupanije za 2014. godinu,<br \/>\n5. Razmatranje prijedloga Odluke o dozvoljenom prekora\u010denju na poslovnom ra\u010dunu Prora\u010duna Viroviti\u010dko-podravske \u017eupanije,<br \/>\n6. Razmatranje prijedloga Odluke o utvr\u0111ivanju popisa pravnih osoba od interesa za Viroviti\u010dko- podravsku \u017eupaniju<br \/>\n7. Razmatranje Izvje\u0161\u0107a o radu Zavoda za javno zdravstvo \u201eSveti Rok\u201c Viroviti\u010dko-podravske \u017eupanije za 2013. godini sa Izvje\u0161\u0107em o Provo\u0111enju programa suzbijanja bolesti ovisnosti u 2013. godini sa Planom rada za 2014. godinu,<br \/>\n8. Razmatranje Izvje\u0161\u0107a o radu i financijskom poslovanju Doma zdravlja Viroviti\u010dko-podravske \u017eupanije za 2013. godinu,<br \/>\n9. Razmatranje Izvje\u0161\u0107a o radu Zavoda za hitnu medicinu Viroviti\u010dko-podravske \u017eupanije u 2013.godini sa Financijskim izvje\u0161\u0107em<br \/>\n10. Razmatranje Izvje\u0161taja o radu Centra za socijalnu skrb Virovitica za 2013. godinu,<br \/>\n11. Razmatranje Izvje\u0161taja o radu Centra za socijalnu skrb Slatina za 2013. godinu,<br \/>\n12. Razmatranje Izvje\u0161\u0107a o radu Kazali\u0161ta Virovitica za 2013.godinu (programsko i financijsko izvje\u0161\u0107e),<br \/>\n13. Razmatranje Izvje\u0161\u0107a o djelovanju \u0160portske zajednice Viroviti\u010dko-podravske \u017eupanije u 2013. godini<br \/>\n14. Razmatranje Informacije o nezaposlenosti i zapo\u0161ljavanju na podru\u010dju Viroviti\u010dko-podravske \u017eupanije u 2013. godini,<br \/>\n15. Razmatranje Izvje\u0161\u0107a o radu Turisti\u010dke zajednice Viroviti\u010dko-podravske \u017eupanije za 2013. godinu sa Financijskim izvje\u0161\u0107em,<br \/>\n16. Razmatranje Izvje\u0161\u0107a o radu Vatrogasne zajednice Viroviti\u010dko-podravske \u017eupanije u 2013. godini,<br \/>\n17. Razmatranje Izvje\u0161\u0107a o stanju sigurnosti na podru\u010dju Policijske uprave Viroviti\u010dko-podravske \u017eupanije za 2013. godinu,<br \/>\n18. Razmatranje Izvje\u0161\u0107a o provedbi Plana gospodarenja otpadom za podru\u010dje Viroviti\u010dko-podravske \u017eupanije za 2013. godinu<br \/>\n19. Razmatranje Analize sustava za\u0161tite i spa\u0161avanja na podru\u010dju Viroviti\u010dko-podravske \u017eupanije u 2013. godini,<br \/>\n20. Razmatranje Smjernica za organizaciju i razvoj sustava za\u0161tite i spa\u0161avanja na podru\u010dju Viroviti\u010dko- podravske \u017eupanije u 2014. godini,<br \/>\n21. Razmatranje prijedloga Rje\u0161enja o razrje\u0161enju doktora medicine odnosno drugih zdravstvenih radnika koji utvr\u0111uju nastup smrti i uzrok smrti osoba umrlih izvan<br \/>\nzdravstvene ustanove<br \/>\na) Dra\u017een Ciglar, dr.med.,<br \/>\nb) Matija Bartolovi\u0107,dr.med.<br \/>\n22. Razmatranje prijedloga Rje\u0161enja o imenovanju doktora medicine odnosno drugih zdravstvenih radnika koji utvr\u0111uju nastup smrti i uzrok smrti osoba umrlih izvan zdravstvene ustanove (Nino Hodak),<br \/>\n23. Razmatranje prijedloga Zaklju\u010dka o davanju prethodne suglasnosti na Statut Osnovne \u0161kole Petra Preradovi\u0107a Pitoma\u010da<br \/>\n24. Razmatranje prijedloga Zaklju\u010dka o davanju prethodne suglasnosti na imenovanje ravnateljem Kazali\u0161ta Virovitica,<br \/>\n25. Razmatranje prijedloga Odluke o promjeni sjedi\u0161ta Javne ustanove za upravljanje za\u0161ti\u0107enim dijelovima prirode i ekolo\u0161kom mre\u017eom Viroviti\u010dko-podravske \u017eupanije,<br \/>\n26. Razmatranje prijedloga Odluke o dodjeli javnih priznanja Viroviti\u010dko-podravske \u017eupanije.<br \/>\nSve to\u010dke dnevnog reda 5. sjednice \u017dupanijske skup\u0161tine Viroviti\u010dko-podravske \u017eupanije su usvojene. (vpz.hr)<\/p>\n<p><!-- default-view.php -->\n<div\n\tclass=\"ngg-galleryoverview default-view\n\t ngg-ajax-pagination-none\t\"\n\tid=\"ngg-gallery-820fe098a523dfa65d1435825b14cb7a-1\"\n\tdata-nextgen-gallery-id=\"553\"\n\tdata-gallery-id=\"553\"\n\t\tdata-gallery-name=\"28-6-2023 mo baki\u0107 prije\"\n\t>\n\n\t\t<!-- Thumbnails -->\n\t\t\t\t<div id=\"ngg-image-0\" class=\"ngg-gallery-thumbnail-box\n\t\t\t\t\t\t\t\t\t\t\t\"\n\t\t\t>\n\t\t\t\t\t\t<div class=\"ngg-gallery-thumbnail\">\n\t\t<a href=\"https:\/\/www.slatina.hr\/portal\/wp-content\/gallery\/28-6-2023-mo-bakic-prije\/IMG-2b8ec86bbee734e8e7f9ae1dca82a284-V_576x768.jpg?t=1687949426\"\n\t\t\ttitle=\"\"\n\t\t\tdata-src=\"https:\/\/www.slatina.hr\/portal\/wp-content\/gallery\/28-6-2023-mo-bakic-prije\/IMG-2b8ec86bbee734e8e7f9ae1dca82a284-V_576x768.jpg?t=1687949426\"\n\t\t\tdata-thumbnail=\"https:\/\/www.slatina.hr\/portal\/wp-content\/gallery\/28-6-2023-mo-bakic-prije\/thumbs\/thumbs_IMG-2b8ec86bbee734e8e7f9ae1dca82a284-V_576x768.jpg?t=1687949426\"\n\t\t\tdata-image-id=\"8880\"\n\t\t\tdata-image-name=\"IMG-2b8ec86bbee734e8e7f9ae1dca82a284-V_576x768.jpg\"\n\t\t\tdata-title=\"IMG-2b8ec86bbee734e8e7f9ae1dca82a284-V_576x768\"\n\t\t\tdata-description=\"\"\n\t\t\tdata-image-slug=\"img-2b8ec86bbee734e8e7f9ae1dca82a284-v_576x768\"\n\t\t\t\t\t\t\t\t\t\t\t\t\t\t\t\t\t\t\t\tclass=\"ngg-fancybox\" rel=\"820fe098a523dfa65d1435825b14cb7a\">\n\t\t\t\t\t\t\t\t<img\n\t\t\t\t\ttitle=\"IMG-2b8ec86bbee734e8e7f9ae1dca82a284-V_576x768\"\n\t\t\t\t\talt=\"IMG-2b8ec86bbee734e8e7f9ae1dca82a284-V_576x768\"\n\t\t\t\t\tsrc=\"https:\/\/www.slatina.hr\/portal\/wp-content\/gallery\/28-6-2023-mo-bakic-prije\/thumbs\/thumbs_IMG-2b8ec86bbee734e8e7f9ae1dca82a284-V_576x768.jpg?t=1687949426\"\n\t\t\t\t\twidth=\"240\"\n\t\t\t\t\theight=\"160\"\n\t\t\t\t\tstyle=\"max-width:100%;\"\n\t\t\t\t\/>\n\t\t\t<\/a>\n\t\t<\/div>\n\t\t\t\t\t\t\t<\/div>\n\t\t\t\n\t\t\t\t<div id=\"ngg-image-1\" class=\"ngg-gallery-thumbnail-box\n\t\t\t\t\t\t\t\t\t\t\t\"\n\t\t\t>\n\t\t\t\t\t\t<div class=\"ngg-gallery-thumbnail\">\n\t\t<a href=\"https:\/\/www.slatina.hr\/portal\/wp-content\/gallery\/28-6-2023-mo-bakic-prije\/IMG-5ca5d7d1e642d43e45f35269802da03e-V_576x768.jpg?t=1687949426\"\n\t\t\ttitle=\"\"\n\t\t\tdata-src=\"https:\/\/www.slatina.hr\/portal\/wp-content\/gallery\/28-6-2023-mo-bakic-prije\/IMG-5ca5d7d1e642d43e45f35269802da03e-V_576x768.jpg?t=1687949426\"\n\t\t\tdata-thumbnail=\"https:\/\/www.slatina.hr\/portal\/wp-content\/gallery\/28-6-2023-mo-bakic-prije\/thumbs\/thumbs_IMG-5ca5d7d1e642d43e45f35269802da03e-V_576x768.jpg?t=1687949426\"\n\t\t\tdata-image-id=\"8881\"\n\t\t\tdata-image-name=\"IMG-5ca5d7d1e642d43e45f35269802da03e-V_576x768.jpg\"\n\t\t\tdata-title=\"IMG-5ca5d7d1e642d43e45f35269802da03e-V_576x768\"\n\t\t\tdata-description=\"\"\n\t\t\tdata-image-slug=\"img-5ca5d7d1e642d43e45f35269802da03e-v_576x768\"\n\t\t\t\t\t\t\t\t\t\t\t\t\t\t\t\t\t\t\t\tclass=\"ngg-fancybox\" rel=\"820fe098a523dfa65d1435825b14cb7a\">\n\t\t\t\t\t\t\t\t<img\n\t\t\t\t\ttitle=\"IMG-5ca5d7d1e642d43e45f35269802da03e-V_576x768\"\n\t\t\t\t\talt=\"IMG-5ca5d7d1e642d43e45f35269802da03e-V_576x768\"\n\t\t\t\t\tsrc=\"https:\/\/www.slatina.hr\/portal\/wp-content\/gallery\/28-6-2023-mo-bakic-prije\/thumbs\/thumbs_IMG-5ca5d7d1e642d43e45f35269802da03e-V_576x768.jpg?t=1687949426\"\n\t\t\t\t\twidth=\"240\"\n\t\t\t\t\theight=\"160\"\n\t\t\t\t\tstyle=\"max-width:100%;\"\n\t\t\t\t\/>\n\t\t\t<\/a>\n\t\t<\/div>\n\t\t\t\t\t\t\t<\/div>\n\t\t\t\n\t\t\t\t<div id=\"ngg-image-2\" class=\"ngg-gallery-thumbnail-box\n\t\t\t\t\t\t\t\t\t\t\t\"\n\t\t\t>\n\t\t\t\t\t\t<div class=\"ngg-gallery-thumbnail\">\n\t\t<a href=\"https:\/\/www.slatina.hr\/portal\/wp-content\/gallery\/28-6-2023-mo-bakic-prije\/IMG-e7b2d5f46558cff2700a2fe799d720d1-V_1024x768.jpg?t=1687949426\"\n\t\t\ttitle=\"\"\n\t\t\tdata-src=\"https:\/\/www.slatina.hr\/portal\/wp-content\/gallery\/28-6-2023-mo-bakic-prije\/IMG-e7b2d5f46558cff2700a2fe799d720d1-V_1024x768.jpg?t=1687949426\"\n\t\t\tdata-thumbnail=\"https:\/\/www.slatina.hr\/portal\/wp-content\/gallery\/28-6-2023-mo-bakic-prije\/thumbs\/thumbs_IMG-e7b2d5f46558cff2700a2fe799d720d1-V_1024x768.jpg?t=1687949426\"\n\t\t\tdata-image-id=\"8882\"\n\t\t\tdata-image-name=\"IMG-e7b2d5f46558cff2700a2fe799d720d1-V_1024x768.jpg\"\n\t\t\tdata-title=\"IMG-e7b2d5f46558cff2700a2fe799d720d1-V_1024x768\"\n\t\t\tdata-description=\"\"\n\t\t\tdata-image-slug=\"img-e7b2d5f46558cff2700a2fe799d720d1-v_1024x768\"\n\t\t\t\t\t\t\t\t\t\t\t\t\t\t\t\t\t\t\t\tclass=\"ngg-fancybox\" rel=\"820fe098a523dfa65d1435825b14cb7a\">\n\t\t\t\t\t\t\t\t<img\n\t\t\t\t\ttitle=\"IMG-e7b2d5f46558cff2700a2fe799d720d1-V_1024x768\"\n\t\t\t\t\talt=\"IMG-e7b2d5f46558cff2700a2fe799d720d1-V_1024x768\"\n\t\t\t\t\tsrc=\"https:\/\/www.slatina.hr\/portal\/wp-content\/gallery\/28-6-2023-mo-bakic-prije\/thumbs\/thumbs_IMG-e7b2d5f46558cff2700a2fe799d720d1-V_1024x768.jpg?t=1687949426\"\n\t\t\t\t\twidth=\"240\"\n\t\t\t\t\theight=\"160\"\n\t\t\t\t\tstyle=\"max-width:100%;\"\n\t\t\t\t\/>\n\t\t\t<\/a>\n\t\t<\/div>\n\t\t\t\t\t\t\t<\/div>\n\t\t\t\n\t\t\t\t<div id=\"ngg-image-3\" class=\"ngg-gallery-thumbnail-box\n\t\t\t\t\t\t\t\t\t\t\t\"\n\t\t\t>\n\t\t\t\t\t\t<div class=\"ngg-gallery-thumbnail\">\n\t\t<a href=\"https:\/\/www.slatina.hr\/portal\/wp-content\/gallery\/28-6-2023-mo-bakic-prije\/IMG-18cdb2434c7733129e9268ee886656ea-V_576x768.jpg?t=1687949426\"\n\t\t\ttitle=\"\"\n\t\t\tdata-src=\"https:\/\/www.slatina.hr\/portal\/wp-content\/gallery\/28-6-2023-mo-bakic-prije\/IMG-18cdb2434c7733129e9268ee886656ea-V_576x768.jpg?t=1687949426\"\n\t\t\tdata-thumbnail=\"https:\/\/www.slatina.hr\/portal\/wp-content\/gallery\/28-6-2023-mo-bakic-prije\/thumbs\/thumbs_IMG-18cdb2434c7733129e9268ee886656ea-V_576x768.jpg?t=1687949426\"\n\t\t\tdata-image-id=\"8883\"\n\t\t\tdata-image-name=\"IMG-18cdb2434c7733129e9268ee886656ea-V_576x768.jpg\"\n\t\t\tdata-title=\"IMG-18cdb2434c7733129e9268ee886656ea-V_576x768\"\n\t\t\tdata-description=\"\"\n\t\t\tdata-image-slug=\"img-18cdb2434c7733129e9268ee886656ea-v_576x768\"\n\t\t\t\t\t\t\t\t\t\t\t\t\t\t\t\t\t\t\t\tclass=\"ngg-fancybox\" rel=\"820fe098a523dfa65d1435825b14cb7a\">\n\t\t\t\t\t\t\t\t<img\n\t\t\t\t\ttitle=\"IMG-18cdb2434c7733129e9268ee886656ea-V_576x768\"\n\t\t\t\t\talt=\"IMG-18cdb2434c7733129e9268ee886656ea-V_576x768\"\n\t\t\t\t\tsrc=\"https:\/\/www.slatina.hr\/portal\/wp-content\/gallery\/28-6-2023-mo-bakic-prije\/thumbs\/thumbs_IMG-18cdb2434c7733129e9268ee886656ea-V_576x768.jpg?t=1687949426\"\n\t\t\t\t\twidth=\"240\"\n\t\t\t\t\theight=\"160\"\n\t\t\t\t\tstyle=\"max-width:100%;\"\n\t\t\t\t\/>\n\t\t\t<\/a>\n\t\t<\/div>\n\t\t\t\t\t\t\t<\/div>\n\t\t\t\n\t\t\t\t<div id=\"ngg-image-4\" class=\"ngg-gallery-thumbnail-box\n\t\t\t\t\t\t\t\t\t\t\t\"\n\t\t\t>\n\t\t\t\t\t\t<div class=\"ngg-gallery-thumbnail\">\n\t\t<a href=\"https:\/\/www.slatina.hr\/portal\/wp-content\/gallery\/28-6-2023-mo-bakic-prije\/IMG-120945cecf259af304af352445e0c04b-V_1024x768.jpg?t=1687949427\"\n\t\t\ttitle=\"\"\n\t\t\tdata-src=\"https:\/\/www.slatina.hr\/portal\/wp-content\/gallery\/28-6-2023-mo-bakic-prije\/IMG-120945cecf259af304af352445e0c04b-V_1024x768.jpg?t=1687949427\"\n\t\t\tdata-thumbnail=\"https:\/\/www.slatina.hr\/portal\/wp-content\/gallery\/28-6-2023-mo-bakic-prije\/thumbs\/thumbs_IMG-120945cecf259af304af352445e0c04b-V_1024x768.jpg?t=1687949427\"\n\t\t\tdata-image-id=\"8884\"\n\t\t\tdata-image-name=\"IMG-120945cecf259af304af352445e0c04b-V_1024x768.jpg\"\n\t\t\tdata-title=\"IMG-120945cecf259af304af352445e0c04b-V_1024x768\"\n\t\t\tdata-description=\"\"\n\t\t\tdata-image-slug=\"img-120945cecf259af304af352445e0c04b-v_1024x768\"\n\t\t\t\t\t\t\t\t\t\t\t\t\t\t\t\t\t\t\t\tclass=\"ngg-fancybox\" rel=\"820fe098a523dfa65d1435825b14cb7a\">\n\t\t\t\t\t\t\t\t<img\n\t\t\t\t\ttitle=\"IMG-120945cecf259af304af352445e0c04b-V_1024x768\"\n\t\t\t\t\talt=\"IMG-120945cecf259af304af352445e0c04b-V_1024x768\"\n\t\t\t\t\tsrc=\"https:\/\/www.slatina.hr\/portal\/wp-content\/gallery\/28-6-2023-mo-bakic-prije\/thumbs\/thumbs_IMG-120945cecf259af304af352445e0c04b-V_1024x768.jpg?t=1687949427\"\n\t\t\t\t\twidth=\"240\"\n\t\t\t\t\theight=\"160\"\n\t\t\t\t\tstyle=\"max-width:100%;\"\n\t\t\t\t\/>\n\t\t\t<\/a>\n\t\t<\/div>\n\t\t\t\t\t\t\t<\/div>\n\t\t\t\n\t\t\t\t<div id=\"ngg-image-5\" class=\"ngg-gallery-thumbnail-box\n\t\t\t\t\t\t\t\t\t\t\t\"\n\t\t\t>\n\t\t\t\t\t\t<div class=\"ngg-gallery-thumbnail\">\n\t\t<a href=\"https:\/\/www.slatina.hr\/portal\/wp-content\/gallery\/28-6-2023-mo-bakic-prije\/IMG-713e463b64a7292acefc74fe108fd433-V_1024x768.jpg?t=1687949427\"\n\t\t\ttitle=\"\"\n\t\t\tdata-src=\"https:\/\/www.slatina.hr\/portal\/wp-content\/gallery\/28-6-2023-mo-bakic-prije\/IMG-713e463b64a7292acefc74fe108fd433-V_1024x768.jpg?t=1687949427\"\n\t\t\tdata-thumbnail=\"https:\/\/www.slatina.hr\/portal\/wp-content\/gallery\/28-6-2023-mo-bakic-prije\/thumbs\/thumbs_IMG-713e463b64a7292acefc74fe108fd433-V_1024x768.jpg?t=1687949427\"\n\t\t\tdata-image-id=\"8885\"\n\t\t\tdata-image-name=\"IMG-713e463b64a7292acefc74fe108fd433-V_1024x768.jpg\"\n\t\t\tdata-title=\"IMG-713e463b64a7292acefc74fe108fd433-V_1024x768\"\n\t\t\tdata-description=\"\"\n\t\t\tdata-image-slug=\"img-713e463b64a7292acefc74fe108fd433-v_1024x768\"\n\t\t\t\t\t\t\t\t\t\t\t\t\t\t\t\t\t\t\t\tclass=\"ngg-fancybox\" rel=\"820fe098a523dfa65d1435825b14cb7a\">\n\t\t\t\t\t\t\t\t<img\n\t\t\t\t\ttitle=\"IMG-713e463b64a7292acefc74fe108fd433-V_1024x768\"\n\t\t\t\t\talt=\"IMG-713e463b64a7292acefc74fe108fd433-V_1024x768\"\n\t\t\t\t\tsrc=\"https:\/\/www.slatina.hr\/portal\/wp-content\/gallery\/28-6-2023-mo-bakic-prije\/thumbs\/thumbs_IMG-713e463b64a7292acefc74fe108fd433-V_1024x768.jpg?t=1687949427\"\n\t\t\t\t\twidth=\"240\"\n\t\t\t\t\theight=\"160\"\n\t\t\t\t\tstyle=\"max-width:100%;\"\n\t\t\t\t\/>\n\t\t\t<\/a>\n\t\t<\/div>\n\t\t\t\t\t\t\t<\/div>\n\t\t\t\n\t\t\t\t<div id=\"ngg-image-6\" class=\"ngg-gallery-thumbnail-box\n\t\t\t\t\t\t\t\t\t\t\t\"\n\t\t\t>\n\t\t\t\t\t\t<div class=\"ngg-gallery-thumbnail\">\n\t\t<a href=\"https:\/\/www.slatina.hr\/portal\/wp-content\/gallery\/28-6-2023-mo-bakic-prije\/IMG-0b626c89850f5ad79d54f59cd50b4423-V_1024x768.jpg?t=1687949428\"\n\t\t\ttitle=\"\"\n\t\t\tdata-src=\"https:\/\/www.slatina.hr\/portal\/wp-content\/gallery\/28-6-2023-mo-bakic-prije\/IMG-0b626c89850f5ad79d54f59cd50b4423-V_1024x768.jpg?t=1687949428\"\n\t\t\tdata-thumbnail=\"https:\/\/www.slatina.hr\/portal\/wp-content\/gallery\/28-6-2023-mo-bakic-prije\/thumbs\/thumbs_IMG-0b626c89850f5ad79d54f59cd50b4423-V_1024x768.jpg?t=1687949428\"\n\t\t\tdata-image-id=\"8886\"\n\t\t\tdata-image-name=\"IMG-0b626c89850f5ad79d54f59cd50b4423-V_1024x768.jpg\"\n\t\t\tdata-title=\"IMG-0b626c89850f5ad79d54f59cd50b4423-V_1024x768\"\n\t\t\tdata-description=\"\"\n\t\t\tdata-image-slug=\"img-0b626c89850f5ad79d54f59cd50b4423-v_1024x768\"\n\t\t\t\t\t\t\t\t\t\t\t\t\t\t\t\t\t\t\t\tclass=\"ngg-fancybox\" rel=\"820fe098a523dfa65d1435825b14cb7a\">\n\t\t\t\t\t\t\t\t<img\n\t\t\t\t\ttitle=\"IMG-0b626c89850f5ad79d54f59cd50b4423-V_1024x768\"\n\t\t\t\t\talt=\"IMG-0b626c89850f5ad79d54f59cd50b4423-V_1024x768\"\n\t\t\t\t\tsrc=\"https:\/\/www.slatina.hr\/portal\/wp-content\/gallery\/28-6-2023-mo-bakic-prije\/thumbs\/thumbs_IMG-0b626c89850f5ad79d54f59cd50b4423-V_1024x768.jpg?t=1687949428\"\n\t\t\t\t\twidth=\"240\"\n\t\t\t\t\theight=\"160\"\n\t\t\t\t\tstyle=\"max-width:100%;\"\n\t\t\t\t\/>\n\t\t\t<\/a>\n\t\t<\/div>\n\t\t\t\t\t\t\t<\/div>\n\t\t\t\n\t\t\t\t<div id=\"ngg-image-7\" class=\"ngg-gallery-thumbnail-box\n\t\t\t\t\t\t\t\t\t\t\t\"\n\t\t\t>\n\t\t\t\t\t\t<div class=\"ngg-gallery-thumbnail\">\n\t\t<a href=\"https:\/\/www.slatina.hr\/portal\/wp-content\/gallery\/28-6-2023-mo-bakic-prije\/IMG-eedc33b22b765af6d5032e6e960fbadc-V_1024x768.jpg?t=1687949428\"\n\t\t\ttitle=\"\"\n\t\t\tdata-src=\"https:\/\/www.slatina.hr\/portal\/wp-content\/gallery\/28-6-2023-mo-bakic-prije\/IMG-eedc33b22b765af6d5032e6e960fbadc-V_1024x768.jpg?t=1687949428\"\n\t\t\tdata-thumbnail=\"https:\/\/www.slatina.hr\/portal\/wp-content\/gallery\/28-6-2023-mo-bakic-prije\/thumbs\/thumbs_IMG-eedc33b22b765af6d5032e6e960fbadc-V_1024x768.jpg?t=1687949428\"\n\t\t\tdata-image-id=\"8887\"\n\t\t\tdata-image-name=\"IMG-eedc33b22b765af6d5032e6e960fbadc-V_1024x768.jpg\"\n\t\t\tdata-title=\"IMG-eedc33b22b765af6d5032e6e960fbadc-V_1024x768\"\n\t\t\tdata-description=\"\"\n\t\t\tdata-image-slug=\"img-eedc33b22b765af6d5032e6e960fbadc-v_1024x768\"\n\t\t\t\t\t\t\t\t\t\t\t\t\t\t\t\t\t\t\t\tclass=\"ngg-fancybox\" rel=\"820fe098a523dfa65d1435825b14cb7a\">\n\t\t\t\t\t\t\t\t<img\n\t\t\t\t\ttitle=\"IMG-eedc33b22b765af6d5032e6e960fbadc-V_1024x768\"\n\t\t\t\t\talt=\"IMG-eedc33b22b765af6d5032e6e960fbadc-V_1024x768\"\n\t\t\t\t\tsrc=\"https:\/\/www.slatina.hr\/portal\/wp-content\/gallery\/28-6-2023-mo-bakic-prije\/thumbs\/thumbs_IMG-eedc33b22b765af6d5032e6e960fbadc-V_1024x768.jpg?t=1687949428\"\n\t\t\t\t\twidth=\"240\"\n\t\t\t\t\theight=\"160\"\n\t\t\t\t\tstyle=\"max-width:100%;\"\n\t\t\t\t\/>\n\t\t\t<\/a>\n\t\t<\/div>\n\t\t\t\t\t\t\t<\/div>\n\t\t\t\n\t\t\t\t<div id=\"ngg-image-8\" class=\"ngg-gallery-thumbnail-box\n\t\t\t\t\t\t\t\t\t\t\t\"\n\t\t\t>\n\t\t\t\t\t\t<div class=\"ngg-gallery-thumbnail\">\n\t\t<a href=\"https:\/\/www.slatina.hr\/portal\/wp-content\/gallery\/28-6-2023-mo-bakic-prije\/IMG-02d55cb597e30bc813f45e27fcd9787d-V_1024x768.jpg?t=1687949428\"\n\t\t\ttitle=\"\"\n\t\t\tdata-src=\"https:\/\/www.slatina.hr\/portal\/wp-content\/gallery\/28-6-2023-mo-bakic-prije\/IMG-02d55cb597e30bc813f45e27fcd9787d-V_1024x768.jpg?t=1687949428\"\n\t\t\tdata-thumbnail=\"https:\/\/www.slatina.hr\/portal\/wp-content\/gallery\/28-6-2023-mo-bakic-prije\/thumbs\/thumbs_IMG-02d55cb597e30bc813f45e27fcd9787d-V_1024x768.jpg?t=1687949428\"\n\t\t\tdata-image-id=\"8888\"\n\t\t\tdata-image-name=\"IMG-02d55cb597e30bc813f45e27fcd9787d-V_1024x768.jpg\"\n\t\t\tdata-title=\"IMG-02d55cb597e30bc813f45e27fcd9787d-V_1024x768\"\n\t\t\tdata-description=\"\"\n\t\t\tdata-image-slug=\"img-02d55cb597e30bc813f45e27fcd9787d-v_1024x768\"\n\t\t\t\t\t\t\t\t\t\t\t\t\t\t\t\t\t\t\t\tclass=\"ngg-fancybox\" rel=\"820fe098a523dfa65d1435825b14cb7a\">\n\t\t\t\t\t\t\t\t<img\n\t\t\t\t\ttitle=\"IMG-02d55cb597e30bc813f45e27fcd9787d-V_1024x768\"\n\t\t\t\t\talt=\"IMG-02d55cb597e30bc813f45e27fcd9787d-V_1024x768\"\n\t\t\t\t\tsrc=\"https:\/\/www.slatina.hr\/portal\/wp-content\/gallery\/28-6-2023-mo-bakic-prije\/thumbs\/thumbs_IMG-02d55cb597e30bc813f45e27fcd9787d-V_1024x768.jpg?t=1687949428\"\n\t\t\t\t\twidth=\"240\"\n\t\t\t\t\theight=\"160\"\n\t\t\t\t\tstyle=\"max-width:100%;\"\n\t\t\t\t\/>\n\t\t\t<\/a>\n\t\t<\/div>\n\t\t\t\t\t\t\t<\/div>\n\t\t\t\n\t\n\t<br style=\"clear: both\" \/>\n\n\t\n\t\t<!-- Pagination -->\n\t\t<div class='ngg-clear'><\/div>\t<\/div>\n<\/p>\n","protected":false},"excerpt":{"rendered":"<p>U utorak 10. lipnja pod predsjedanjem Ana-Marije Petin u Virovitici odr\u017eana je 5. sjednica \u017dupanijske skup\u0161tine Viroviti\u010dko-podravske \u017eupanije. U prvom dijelu sjednice, tijekom Aktualnog sata,<span class=\"excerpt-hellip\"> [\u2026]<\/span><\/p>\n","protected":false},"author":1,"featured_media":10533,"comment_status":"closed","ping_status":"closed","sticky":false,"template":"","format":"standard","meta":{"ngg_post_thumbnail":0,"footnotes":""},"categories":[138],"tags":[],"class_list":["post-10531","post","type-post","status-publish","format-standard","has-post-thumbnail","hentry","category-zupanija-i-opcine"],"_links":{"self":[{"href":"https:\/\/www.slatina.hr\/portal\/wp-json\/wp\/v2\/posts\/10531","targetHints":{"allow":["GET"]}}],"collection":[{"href":"https:\/\/www.slatina.hr\/portal\/wp-json\/wp\/v2\/posts"}],"about":[{"href":"https:\/\/www.slatina.hr\/portal\/wp-json\/wp\/v2\/types\/post"}],"author":[{"embeddable":true,"href":"https:\/\/www.slatina.hr\/portal\/wp-json\/wp\/v2\/users\/1"}],"replies":[{"embeddable":true,"href":"https:\/\/www.slatina.hr\/portal\/wp-json\/wp\/v2\/comments?post=10531"}],"version-history":[{"count":0,"href":"https:\/\/www.slatina.hr\/portal\/wp-json\/wp\/v2\/posts\/10531\/revisions"}],"wp:featuredmedia":[{"embeddable":true,"href":"https:\/\/www.slatina.hr\/portal\/wp-json\/wp\/v2\/media\/10533"}],"wp:attachment":[{"href":"https:\/\/www.slatina.hr\/portal\/wp-json\/wp\/v2\/media?parent=10531"}],"wp:term":[{"taxonomy":"category","embeddable":true,"href":"https:\/\/www.slatina.hr\/portal\/wp-json\/wp\/v2\/categories?post=10531"},{"taxonomy":"post_tag","embeddable":true,"href":"https:\/\/www.slatina.hr\/portal\/wp-json\/wp\/v2\/tags?post=10531"}],"curies":[{"name":"wp","href":"https:\/\/api.w.org\/{rel}","templated":true}]}}