{"id":105272,"date":"2021-04-26T12:37:58","date_gmt":"2021-04-26T10:37:58","guid":{"rendered":"https:\/\/www.slatina.hr\/portal\/?p=105272"},"modified":"2021-04-26T12:37:58","modified_gmt":"2021-04-26T10:37:58","slug":"ustrajmo-svi-zajedno-i-smanjimo-sirenje-koronavirusa-na-najmanju-mogucu-mjeru-porucio-je-nacelnik-slatinskog-stozera-cz-bojan-plantak-26-travnja-2021","status":"publish","type":"post","link":"https:\/\/www.slatina.hr\/portal\/ustrajmo-svi-zajedno-i-smanjimo-sirenje-koronavirusa-na-najmanju-mogucu-mjeru-porucio-je-nacelnik-slatinskog-stozera-cz-bojan-plantak-26-travnja-2021\/","title":{"rendered":"Ustrajmo svi zajedno i smanjimo \u0161irenje koronavirusa na najmanju mogu\u0107u mjeru, poru\u010dio je na\u010delnik slatinskog Sto\u017eera CZ Bojan Plantak 26. travnja 2021."},"content":{"rendered":"<p>U skladu s uputama Nacionalnog sto\u017eera civilne za\u0161tite o pridr\u017eavanju donesenih mjera vezanih za virus COVID-19, osobito mjere ograni\u010davanja dru\u0161tvenih okupljanja, Sto\u017eer civilne za\u0161tite Grada Slatine dolaskom ljep\u0161eg vremena podsje\u0107a gra\u0111ane na odgovornost.<\/p>\n<p>\u2013 Znam da je dolaskom lijepog vremena te\u0161ko ispo\u0161tovati sve mjere opreza, osobito jer se u narednim danima bli\u017ei niz manifestacija koje ina\u010de obilje\u017eavamo proslavom uz ve\u0107a okupljanja kao \u0161to su proslava Me\u0111unarodnog praznika rada 1. svibnja, podjela sakramenata prve svete pri\u010desti i svete potvrde u katoli\u010dkim crkvama, te svetkovina pravoslavnog Uskrsa.<br \/>\nIpak jo\u0161 jednom podsje\u0107am sve gra\u0111ane da se nalazimo u potencijalno opasnom vremenu \u0161irenja koronavirusa i trebamo se svi zajedno potruditi da se njegovo \u0161irenje smanji \u010dim je vi\u0161e mogu\u0107e, stoga sve vas pozivam na odgovorno pona\u0161anje.<br \/>\nApeliramo da se vjernici u crkvama pridr\u017eavaju svih epidemiolo\u0161kih mjera i uputa o distanciranju, a proslave doma neka budu u krugu obitelji, &nbsp;\u2013 istaknuo je na\u010delnik slatinskog Sto\u017eera Bojan Plantak. Dodao je da su za \u0161irenje virusa najopasnija velika okupljanja na javnim mjestima i izleti\u0161tima, te uputio zamolbu gra\u0111anima da se suzdr\u017ee od ve\u0107ih okupljanja na ro\u0161tiljadama i raznim drugim dru\u017eenjima.<\/p>\n<p>\u2013 Mislite na svoje i zdravlje svoje djece, ali i svih ljudi u va\u0161em okru\u017eenju. Ustrajmo svi zajedno danas za bolje i zdravije sutra, \u2013 zaklju\u010dio je na\u010delnik Plantak.<br \/>\n(www.radioslatina.hr)<\/p>\n","protected":false},"excerpt":{"rendered":"<p>U skladu s uputama Nacionalnog sto\u017eera civilne za\u0161tite o pridr\u017eavanju donesenih mjera vezanih za virus COVID-19, osobito mjere ograni\u010davanja dru\u0161tvenih okupljanja, Sto\u017eer civilne za\u0161tite Grada<span class=\"excerpt-hellip\"> [\u2026]<\/span><\/p>\n","protected":false},"author":5,"featured_media":105273,"comment_status":"closed","ping_status":"closed","sticky":false,"template":"","format":"standard","meta":{"ngg_post_thumbnail":0,"footnotes":""},"categories":[136,137],"tags":[],"class_list":["post-105272","post","type-post","status-publish","format-standard","has-post-thumbnail","hentry","category-grad-slatina","category-naslovnica"],"_links":{"self":[{"href":"https:\/\/www.slatina.hr\/portal\/wp-json\/wp\/v2\/posts\/105272","targetHints":{"allow":["GET"]}}],"collection":[{"href":"https:\/\/www.slatina.hr\/portal\/wp-json\/wp\/v2\/posts"}],"about":[{"href":"https:\/\/www.slatina.hr\/portal\/wp-json\/wp\/v2\/types\/post"}],"author":[{"embeddable":true,"href":"https:\/\/www.slatina.hr\/portal\/wp-json\/wp\/v2\/users\/5"}],"replies":[{"embeddable":true,"href":"https:\/\/www.slatina.hr\/portal\/wp-json\/wp\/v2\/comments?post=105272"}],"version-history":[{"count":1,"href":"https:\/\/www.slatina.hr\/portal\/wp-json\/wp\/v2\/posts\/105272\/revisions"}],"predecessor-version":[{"id":105274,"href":"https:\/\/www.slatina.hr\/portal\/wp-json\/wp\/v2\/posts\/105272\/revisions\/105274"}],"wp:featuredmedia":[{"embeddable":true,"href":"https:\/\/www.slatina.hr\/portal\/wp-json\/wp\/v2\/media\/105273"}],"wp:attachment":[{"href":"https:\/\/www.slatina.hr\/portal\/wp-json\/wp\/v2\/media?parent=105272"}],"wp:term":[{"taxonomy":"category","embeddable":true,"href":"https:\/\/www.slatina.hr\/portal\/wp-json\/wp\/v2\/categories?post=105272"},{"taxonomy":"post_tag","embeddable":true,"href":"https:\/\/www.slatina.hr\/portal\/wp-json\/wp\/v2\/tags?post=105272"}],"curies":[{"name":"wp","href":"https:\/\/api.w.org\/{rel}","templated":true}]}}