{"id":105121,"date":"2021-04-22T08:37:25","date_gmt":"2021-04-22T06:37:25","guid":{"rendered":"https:\/\/www.slatina.hr\/portal\/?p=105121"},"modified":"2021-04-22T08:37:25","modified_gmt":"2021-04-22T06:37:25","slug":"u-sklopu-malih-komunalnih-akcija-grada-slatine-traktorska-kosilica-stigla-u-prave-ruke-lovaca-lu-zec-bakic","status":"publish","type":"post","link":"https:\/\/www.slatina.hr\/portal\/u-sklopu-malih-komunalnih-akcija-grada-slatine-traktorska-kosilica-stigla-u-prave-ruke-lovaca-lu-zec-bakic\/","title":{"rendered":"U sklopu malih komunalnih akcija Grada Slatine: Traktorska kosilica stigla u prave ruke lovaca LU Zec Baki\u0107"},"content":{"rendered":"<p>Grad Slatina je kroz Program participativnog bud\u017eetiranja, ali i razne projekte u proteklom razdoblju ostvario izuzetnu suradnju s mjesnim odborima te raznim udrugama i dru\u0161tvima na podru\u010dju grada Slatine i prigradskih naselja, a ta se suradnja nastavlja i ove godine.<\/p>\n<p>Nakon \u0161to je pro\u0161le godine sufinancirao zamjenu stolarije na Lova\u010dkom domu, Grad Slatina je ove godine u sklopu Programa malih komunalnih akcija nabavio traktorsku kosilicu za potrebe Lova\u010dke udruge Zec Baki\u0107.<br \/>\nPrilikom primopredaje ovog vrijednog stroja koji \u0107e uvelike pomo\u0107i pri odr\u017eavanju okoli\u0161a Lova\u010dkog doma, predsjednik udruge Tomislav Colari\u0107 zahvalio se na jo\u0161 jednoj potpori Grada Slatine, gradona\u010delniku Denisu Ostro\u0161i\u0107u koji je u pratnji gradskih pro\u010delnika Krunoslava \u0160araboka i Marina Kokori\u0107a te voditelja Odsjeka za komunalni sustav pri Upravnom odjelu za razvoj grada Vjekoslava Hessa obi\u0161ao Baki\u0107.<\/p>\n<p><img loading=\"lazy\" decoding=\"async\" class=\"wp-image-207047 alignleft\" src=\"https:\/\/www.radioslatina.hr\/wp-content\/uploads\/2021\/04\/IMG_0160_1024x683.jpg\" sizes=\"auto, (max-width: 303px) 100vw, 303px\" srcset=\"https:\/\/www.radioslatina.hr\/wp-content\/uploads\/2021\/04\/IMG_0160_1024x683.jpg 1024w, https:\/\/www.radioslatina.hr\/wp-content\/uploads\/2021\/04\/IMG_0160_1024x683-768x512.jpg 768w\" alt=\"\" width=\"303\" height=\"202\">\u2013 Suradnja je obostrana i vjerujem da \u0107e tako biti i ubudu\u0107e. Puno nam zna\u010de ovakve donacije koje nam omogu\u0107uju jo\u0161 kvalitetniji rad. Iako nismo udruga bogata lovi\u0161tem u kojemu uglavnom obitava sitnija divlja\u010d trenuta\u010dno imamo 35 \u010dlanova koji su itekako aktivni, a koji osim u lovu za vrijeme sezone srijedom, subotom i nedjeljom, sudjeluju i u radnim akcijama kojih svaki lovac preko godine mora odraditi barem deset. Tu su i druge aktivnosti od kojih se svakako isti\u010de sudjelovanje na raznim manifestacijama. Me\u0111u njima je i redoviti nastup na Otvorenom prvenstvu u kuhanju \u010dobanca u prigodi proslave Dana grada Slatine kojemu se nadamo i ove godine, ukoliko ga bude s obzirom na pandemiju, \u2013 ispri\u010dao nam je predsjednik udruge Tomislav Colari\u0107 te istaknuo kako im Grad Slatina poma\u017ee i pri rje\u0161avanju tro\u0161kova osiguranja uslijed prometnih nesre\u0107a na slatinskoj obilaznici kod kojih je uzrok nalet vozila na divlja\u010d.<\/p>\n<p>I ova Lova\u010dka udruga tako\u0111er je osjetila krizu nedostatka lovnog turizma zbog pandemije koronavirusom, no unato\u010d tome Colari\u0107 je u nadi pobolj\u0161anja situacije istaknuo kako se lovci vesele sezoni lova na srnjaka koji zapo\u010dinje po\u010detkom svibnja, a potom i lovu na jelena od mjeseca kolovoza koji lovcima donose prekrasne trofeje.<\/p>\n<p><img loading=\"lazy\" decoding=\"async\" class=\"wp-image-207048 alignright\" src=\"https:\/\/www.radioslatina.hr\/wp-content\/uploads\/2021\/04\/IMG_0163_1024x683.jpg\" sizes=\"auto, (max-width: 300px) 100vw, 300px\" srcset=\"https:\/\/www.radioslatina.hr\/wp-content\/uploads\/2021\/04\/IMG_0163_1024x683.jpg 1024w, https:\/\/www.radioslatina.hr\/wp-content\/uploads\/2021\/04\/IMG_0163_1024x683-768x512.jpg 768w\" alt=\"\" width=\"300\" height=\"200\">\u2013 Gdje je dobra dru\u017eba, onda je i slu\u017eba dobra, \u2013 istaknuo je gradona\u010delnik Ostro\u0161i\u0107 \u010destitav\u0161i Lova\u010dkoj udruzi Zec Baki\u0107 na vrlo uspje\u0161nom radu i promociji ovog na\u0161eg lijepog slavonskog kraja.<\/p>\n<p>\u2013 Doista mi je drago uvijek do\u0107i u Baki\u0107 i vidjeti napredak, a ono \u0161to sam primijetio je da u va\u0161em dru\u0161tvu ima onoliko lovaca koliko doista i radi, \u0161to zna\u010di da nije u pitanju samo nekakav odstrjel, ve\u0107 je tu i ona druga strana, koja se bavi ure\u0111enjem i \u010duvanjem lovi\u0161ta. Tu je naravno i razvoj turizma za \u0161to ste u potkrovlju svog Lova\u010dkog doma uredili smje\u0161taj kako bi se lovci mogli zadr\u017eati vi\u0161e dana ovdje \u0161to je svima u interesu. Nadam se da \u0107e uskoro ponovno biti tako i da \u0107e ljudi dolaziti izvana u Slatinu koja nam je sa svojim prigradskim naseljima sve ljep\u0161a kao zelena destinacija izme\u0111u Drave i Papuka i to svakako treba iskoristiti, \u2013 rekao je gradona\u010delnik te pohvalio baki\u0107ke lovce na ure\u0111enju okoli\u0161a koji je postao gotovo parkovni prostor \u0161to je prije svega slika njihovog rada, a onda i samoga mjesta.<br \/>\n(www.radioslatina.hr)<\/p>\nngg_shortcode_0_placeholder\n","protected":false},"excerpt":{"rendered":"<p>Grad Slatina je kroz Program participativnog bud\u017eetiranja, ali i razne projekte u proteklom razdoblju ostvario izuzetnu suradnju s mjesnim odborima te raznim udrugama i dru\u0161tvima<span class=\"excerpt-hellip\"> [\u2026]<\/span><\/p>\n","protected":false},"author":5,"featured_media":105131,"comment_status":"closed","ping_status":"closed","sticky":false,"template":"","format":"standard","meta":{"ngg_post_thumbnail":0,"footnotes":""},"categories":[137,139],"tags":[],"class_list":["post-105121","post","type-post","status-publish","format-standard","has-post-thumbnail","hentry","category-naslovnica","category-sport-kultura-i-udruge"],"_links":{"self":[{"href":"https:\/\/www.slatina.hr\/portal\/wp-json\/wp\/v2\/posts\/105121","targetHints":{"allow":["GET"]}}],"collection":[{"href":"https:\/\/www.slatina.hr\/portal\/wp-json\/wp\/v2\/posts"}],"about":[{"href":"https:\/\/www.slatina.hr\/portal\/wp-json\/wp\/v2\/types\/post"}],"author":[{"embeddable":true,"href":"https:\/\/www.slatina.hr\/portal\/wp-json\/wp\/v2\/users\/5"}],"replies":[{"embeddable":true,"href":"https:\/\/www.slatina.hr\/portal\/wp-json\/wp\/v2\/comments?post=105121"}],"version-history":[{"count":1,"href":"https:\/\/www.slatina.hr\/portal\/wp-json\/wp\/v2\/posts\/105121\/revisions"}],"predecessor-version":[{"id":105132,"href":"https:\/\/www.slatina.hr\/portal\/wp-json\/wp\/v2\/posts\/105121\/revisions\/105132"}],"wp:featuredmedia":[{"embeddable":true,"href":"https:\/\/www.slatina.hr\/portal\/wp-json\/wp\/v2\/media\/105131"}],"wp:attachment":[{"href":"https:\/\/www.slatina.hr\/portal\/wp-json\/wp\/v2\/media?parent=105121"}],"wp:term":[{"taxonomy":"category","embeddable":true,"href":"https:\/\/www.slatina.hr\/portal\/wp-json\/wp\/v2\/categories?post=105121"},{"taxonomy":"post_tag","embeddable":true,"href":"https:\/\/www.slatina.hr\/portal\/wp-json\/wp\/v2\/tags?post=105121"}],"curies":[{"name":"wp","href":"https:\/\/api.w.org\/{rel}","templated":true}]}}