{"id":105070,"date":"2021-04-21T07:56:42","date_gmt":"2021-04-21T05:56:42","guid":{"rendered":"https:\/\/www.slatina.hr\/portal\/?p=105070"},"modified":"2021-04-21T07:56:42","modified_gmt":"2021-04-21T05:56:42","slug":"grad-slatina-sufinancira-troskove-sterilizacije-i-kastracije-pasa-i-macaka-i-u-2021-godini","status":"publish","type":"post","link":"https:\/\/www.slatina.hr\/portal\/grad-slatina-sufinancira-troskove-sterilizacije-i-kastracije-pasa-i-macaka-i-u-2021-godini\/","title":{"rendered":"Grad Slatina sufinancira tro\u0161kove sterilizacije i kastracije pasa i ma\u010daka i u 2021. godini"},"content":{"rendered":"<p>Na temelju Odluke o sufinanciranju tro\u0161kova sterilizacije i kastracije pasa i ma\u010daka na podru\u010dju Grada Slatine u 2021. godini, Grad Slatina \u0107e i ove godine sufinancirati sterilizaciju i kastraciju pasa i ma\u010daka u vlasni\u0161tvu gra\u0111ana koji imaju prebivali\u0161te na podru\u010dju Slatine i slatinskih prigradskih naselja, a za ovu je akciju u gradskom prora\u010dunu osigurano 18.000 kuna.<\/p>\n<p>Sufinanciranje \u0107e iznositi pedeset posto cjelokupnog tro\u0161ka sterilizacije ili kastracije za jednog psa ili ma\u010dku po vlasniku, a mo\u0107i \u0107e se realizirati putem veterinarskih organizacija koje djeluju u Slatini i s kojima je gradona\u010delnik Grada Slatine Denis Ostro\u0161i\u0107 potpisao ugovor o suradnji.<br \/>\nRazliku do punog iznosa cijene sterilizacije ili kastracije pasa i ma\u010daka snosit \u0107e skrbnik \u017eivotinje, a sterilizacija i kastracija pasa mogu\u0107a je samo ako je pas mikro\u010dipiran i upisan u sustav Lysacan.<\/p>\n<p>&#8211; Ovom mjerom \u017eeli se potaknuti posjednike \u017eivotinja da budu odgovorni i brinu o reprodukciji svojih ku\u0107nih ljubimaca kako bi se sprije\u010dilo nekontrolirano razmno\u017eavanje i vodila briga o potomcima istih. Osim toga, na taj \u0107e se na\u010din smanjiti broj napu\u0161tenih i izgubljenih pasa i ma\u010daka, &#8211; istaknuo je gradona\u010delnik.<\/p>\n<p>Akcija \u0107e se provoditi u razdoblju od 1. &nbsp;do 31. svibnja ove godine, odnosno do &nbsp;isteka financijskih sredstava namijenjenih za tu svrhu, a zainteresirani gra\u0111ani sve detaljnije informacije mogu dobiti u Gradu Slatini ili kod ugovorenih veterinarskih ustanova.<br \/>\n(www.radioslatina.hr)<\/p>\n","protected":false},"excerpt":{"rendered":"<p>Na temelju Odluke o sufinanciranju tro\u0161kova sterilizacije i kastracije pasa i ma\u010daka na podru\u010dju Grada Slatine u 2021. godini, Grad Slatina \u0107e i ove godine<span class=\"excerpt-hellip\"> [\u2026]<\/span><\/p>\n","protected":false},"author":5,"featured_media":105071,"comment_status":"closed","ping_status":"closed","sticky":false,"template":"","format":"standard","meta":{"ngg_post_thumbnail":0,"footnotes":""},"categories":[136,137],"tags":[],"class_list":["post-105070","post","type-post","status-publish","format-standard","has-post-thumbnail","hentry","category-grad-slatina","category-naslovnica"],"_links":{"self":[{"href":"https:\/\/www.slatina.hr\/portal\/wp-json\/wp\/v2\/posts\/105070","targetHints":{"allow":["GET"]}}],"collection":[{"href":"https:\/\/www.slatina.hr\/portal\/wp-json\/wp\/v2\/posts"}],"about":[{"href":"https:\/\/www.slatina.hr\/portal\/wp-json\/wp\/v2\/types\/post"}],"author":[{"embeddable":true,"href":"https:\/\/www.slatina.hr\/portal\/wp-json\/wp\/v2\/users\/5"}],"replies":[{"embeddable":true,"href":"https:\/\/www.slatina.hr\/portal\/wp-json\/wp\/v2\/comments?post=105070"}],"version-history":[{"count":1,"href":"https:\/\/www.slatina.hr\/portal\/wp-json\/wp\/v2\/posts\/105070\/revisions"}],"predecessor-version":[{"id":105072,"href":"https:\/\/www.slatina.hr\/portal\/wp-json\/wp\/v2\/posts\/105070\/revisions\/105072"}],"wp:featuredmedia":[{"embeddable":true,"href":"https:\/\/www.slatina.hr\/portal\/wp-json\/wp\/v2\/media\/105071"}],"wp:attachment":[{"href":"https:\/\/www.slatina.hr\/portal\/wp-json\/wp\/v2\/media?parent=105070"}],"wp:term":[{"taxonomy":"category","embeddable":true,"href":"https:\/\/www.slatina.hr\/portal\/wp-json\/wp\/v2\/categories?post=105070"},{"taxonomy":"post_tag","embeddable":true,"href":"https:\/\/www.slatina.hr\/portal\/wp-json\/wp\/v2\/tags?post=105070"}],"curies":[{"name":"wp","href":"https:\/\/api.w.org\/{rel}","templated":true}]}}