{"id":104624,"date":"2021-03-19T18:11:50","date_gmt":"2021-03-19T17:11:50","guid":{"rendered":"https:\/\/www.slatina.hr\/portal\/?p=104624"},"modified":"2021-03-19T18:11:50","modified_gmt":"2021-03-19T17:11:50","slug":"biskup-antun-skvorcevic-predvodio-sredisnje-euharistijsko-slavlje-na-blagdan-sv-josipa-zastitnika-slatine-i-zupe-sv-josipa","status":"publish","type":"post","link":"https:\/\/www.slatina.hr\/portal\/biskup-antun-skvorcevic-predvodio-sredisnje-euharistijsko-slavlje-na-blagdan-sv-josipa-zastitnika-slatine-i-zupe-sv-josipa\/","title":{"rendered":"Biskup Antun \u0160kvor\u010devi\u0107 predvodio sredi\u0161nje euharistijsko slavlje na blagdan sv. Josipa, za\u0161titnika Slatine i \u017dupe sv. Josipa"},"content":{"rendered":"<p>Na svetkovinu sv. Josipa, zaru\u010dnika Bla\u017eene Djevice Marije, danas, 19. o\u017eujka, po\u017ee\u0161ki biskup, msgr. Antun \u0160kvor\u010devi\u0107 pohodio je \u017dupu sv. Josipa u Slatini gdje je u zajedni\u0161tvu sa sve\u0107enicima Slatinskog dekanata predvodio sredi\u0161nje \u017eupno euharistijsko slavlje u prigodi proslave za\u0161titnika \u017dupe i grada Slatine.<\/p>\n<p>Ovogodi\u0161nja svetkovina je organizirana u skladu s trenutnim okolnostima ugroze koronavirusom, te je uz po\u0161tivanje epidemiolo\u0161kih mjera sredi\u0161njem euharistijskom slavlju prethodila tradicionalna pobo\u017enost posve\u0107ena za\u0161titniku grada, velika devetnica pod nazivom \u201eDevet srijeda sv. Josipu\u201c, kao i trodnevnica, kojima su se vjernici mogli duhovno pripraviti za ovaj veliki blagdan. Kako bi se izbjegla ve\u0107a okupljanja na sam blagdan sv. Josipa organizirano je pet svetih misa.<\/p>\n<p>Sredi\u0161njem euharistijskom slavlju u 10.30 vjernici su mogli osim u crkvi prisustvovati i na vanjskom prostoru ispred crkve, odnosno Parku 136. slatinske brigade gdje je postavljen razglas, a misu su mogli pratiti i putem interneta i svojih radio prijemnika u direktnom prijenosu za koji se pobrinuo Slatinski informativni centar.<\/p>\n<p><img loading=\"lazy\" decoding=\"async\" class=\"wp-image-205250 alignleft\" src=\"https:\/\/www.radioslatina.hr\/wp-content\/uploads\/2021\/03\/IMG_7361_1024x683.jpg\" sizes=\"auto, (max-width: 300px) 100vw, 300px\" srcset=\"https:\/\/www.radioslatina.hr\/wp-content\/uploads\/2021\/03\/IMG_7361_1024x683.jpg 1024w, https:\/\/www.radioslatina.hr\/wp-content\/uploads\/2021\/03\/IMG_7361_1024x683-768x512.jpg 768w\" alt=\"\" width=\"300\" height=\"200\">Na po\u010detku sredi\u0161njeg misnog slavlja \u017eupnik slatinske \u017dupe sv. Josipa i dekan Slatinskog dekanata, vl\u010d. Dragan Hrgi\u0107 za\u017eelio je dobrodo\u0161licu na svetkovinu sv. Josipa, biskupu Antunu \u0160kvor\u010devi\u0107u, svim vjernicima i hodo\u010dasnicima, te predstavnicima javnog \u017eivota, me\u0111u kojima su se na\u0161li gradona\u010delnik Grada Slatine Denis Ostro\u0161i\u0107, predsjednik Gradskog vije\u0107a Grada Slatine Dario Vrbaslija, zamjenik na\u010delnika PU VP\u017d Nenad Kri\u017ei\u0107 i slatinski paroh Dragan Ga\u0107e\u0161a.<\/p>\n<p>Isto tako izrazio je zahvalu za pomo\u0107 u organizaciji dana\u0161nje proslave svim \u017eupljanima slatinskih \u017eupa sv. Josipa i bl. Ivana Merza, ministrantima, pjeva\u010dima, \u010dasnim sestrama, vjerou\u010diteljima, \u010dlanovima pastoralnog i ekonomskog vije\u0107a, brojnim samozatajnim pojedincima, te bra\u0107i sve\u0107enicima Slatinskog dekanata.<\/p>\n<p><img loading=\"lazy\" decoding=\"async\" class=\"wp-image-205251 alignright\" src=\"https:\/\/www.radioslatina.hr\/wp-content\/uploads\/2021\/03\/IMG_7278_1024x683-rotated.jpg\" alt=\"\" width=\"199\" height=\"299\">\u2013 Posebne pozdrave danas upu\u0107ujem starima, bolesnim i nemo\u0107nima, koji su godinama na dana\u0161nji dan sveta otajstva slavili u ovoj crkvi, a vi\u0161e to fizi\u010dki ne mogu i prate nas putem izravnog prijenosa.<br \/>\n\u017delim zahvaliti i djelatnicima Grada Slatine za raspolo\u017eivost, pa\u017enju i pomo\u0107 koju nam iskazuju kao \u017eupnoj zajednici obna\u0161aju\u0107i svoju \u010dasnu du\u017enost, te djelatnicima Radio postaje Slatina koji su omogu\u0107ili izravni prijenos sredi\u0161njeg misnog slavlja, \u2013 rekao je vl\u010d. Hrgi\u0107 te u svoje osobno ime i u ime cijele \u017eupne zajednice zahvalio biskupu \u0160kvor\u010devi\u0107u \u0161to je i ove godine, u ovim te\u0161kim okolnostima s njima podijelio radost zajedni\u0161tva.<\/p>\n<p>\u2013 \u017delimo i danas, ovdje, u crkvi sv. Josipa, posvjedo\u010diti svoju ljubav i vjerni\u010dko po\u0161tovanje prema Vama kao pastiru na\u0161e Po\u017ee\u0161ke biskupije, \u2013 zaklju\u010dio je \u017eupnik Hrgi\u0107, a potom su biskupa posebno pozdravili i darivali predstavnici slatinskih prvopri\u010desnika.&nbsp;<\/p>\n<p>U svojoj propovijedi biskup \u0160kvor\u010devi\u0107 je istaknuo koliko je u ovim te\u0161kim vremenima va\u017eno biti budan srcem za drugoga, \u0161to je izraz prijateljstva, ali i biti budan za Boga kroz svoju molitvu.<\/p>\n<p><img loading=\"lazy\" decoding=\"async\" class=\"wp-image-205252 alignleft\" src=\"https:\/\/www.radioslatina.hr\/wp-content\/uploads\/2021\/03\/IMG_7237_1024x683.jpg\" sizes=\"auto, (max-width: 300px) 100vw, 300px\" srcset=\"https:\/\/www.radioslatina.hr\/wp-content\/uploads\/2021\/03\/IMG_7237_1024x683.jpg 1024w, https:\/\/www.radioslatina.hr\/wp-content\/uploads\/2021\/03\/IMG_7237_1024x683-768x512.jpg 768w\" alt=\"\" width=\"300\" height=\"200\">Biskup \u0160kvor\u010devi\u0107 podsjetio je kako nam je papa Franjo \u017eelio sv. Josipa pribli\u017eiti o 150. obljetnici njegova progla\u0161enja za\u0161titnikom sveop\u0107e Crkve, te na odluke pape Franje o progla\u0161enju godine posve\u0107ene svetom Josipu i godine posve\u0107ene obitelji.<\/p>\n<p>\u2013 Hvala ti papa Franjo \u0161to si nas podsjetio na to jer i mi sabrani ovdje u slatinskoj crkvi na svetkovinu sv. Josipa ba\u0161 smo takvi, mali, jednostavni ljudi ovoga kraja, ali u nama, u svakome od nas, bdije srce vjerno Bogu, te ispunjeni Njegovom snagom nastojimo \u017eivjeti plemenitost jedni prema drugima, a po takvom srcu blizu nam je Bog kao \u0161to je bio sv. Josipu i sv. Obitelji, \u2013 istaknuo je biskup te vjernicima \u010destitao svetkovinu sv. Josipa koji nas voli o\u010dinskim srcem.<\/p>\n<p>\u2013 Sveti Josipe moli za nas, za svakog pojedinog od nas, za na\u0161e obitelji, za na\u0161u domovinu, \u2013 zaklju\u010dio je biskup \u0160kvor\u010devi\u0107 te na kraju zazvao Bo\u017eji blagoslov na cijelu \u017dupu i grad Slatinu da sveti Josip jo\u0161 \u010dvr\u0161\u0107e na\u0111e mjesto u na\u0161im obiteljima.<br \/>\n(www.radioslatina.hr)<\/p>\nngg_shortcode_0_placeholder\n","protected":false},"excerpt":{"rendered":"<p>Na svetkovinu sv. Josipa, zaru\u010dnika Bla\u017eene Djevice Marije, danas, 19. o\u017eujka, po\u017ee\u0161ki biskup, msgr. Antun \u0160kvor\u010devi\u0107 pohodio je \u017dupu sv. Josipa u Slatini gdje je<span class=\"excerpt-hellip\"> [\u2026]<\/span><\/p>\n","protected":false},"author":5,"featured_media":104672,"comment_status":"closed","ping_status":"closed","sticky":false,"template":"","format":"standard","meta":{"ngg_post_thumbnail":0,"footnotes":""},"categories":[136,137],"tags":[],"class_list":["post-104624","post","type-post","status-publish","format-standard","has-post-thumbnail","hentry","category-grad-slatina","category-naslovnica"],"_links":{"self":[{"href":"https:\/\/www.slatina.hr\/portal\/wp-json\/wp\/v2\/posts\/104624","targetHints":{"allow":["GET"]}}],"collection":[{"href":"https:\/\/www.slatina.hr\/portal\/wp-json\/wp\/v2\/posts"}],"about":[{"href":"https:\/\/www.slatina.hr\/portal\/wp-json\/wp\/v2\/types\/post"}],"author":[{"embeddable":true,"href":"https:\/\/www.slatina.hr\/portal\/wp-json\/wp\/v2\/users\/5"}],"replies":[{"embeddable":true,"href":"https:\/\/www.slatina.hr\/portal\/wp-json\/wp\/v2\/comments?post=104624"}],"version-history":[{"count":1,"href":"https:\/\/www.slatina.hr\/portal\/wp-json\/wp\/v2\/posts\/104624\/revisions"}],"predecessor-version":[{"id":104673,"href":"https:\/\/www.slatina.hr\/portal\/wp-json\/wp\/v2\/posts\/104624\/revisions\/104673"}],"wp:featuredmedia":[{"embeddable":true,"href":"https:\/\/www.slatina.hr\/portal\/wp-json\/wp\/v2\/media\/104672"}],"wp:attachment":[{"href":"https:\/\/www.slatina.hr\/portal\/wp-json\/wp\/v2\/media?parent=104624"}],"wp:term":[{"taxonomy":"category","embeddable":true,"href":"https:\/\/www.slatina.hr\/portal\/wp-json\/wp\/v2\/categories?post=104624"},{"taxonomy":"post_tag","embeddable":true,"href":"https:\/\/www.slatina.hr\/portal\/wp-json\/wp\/v2\/tags?post=104624"}],"curies":[{"name":"wp","href":"https:\/\/api.w.org\/{rel}","templated":true}]}}