{"id":104618,"date":"2021-03-18T15:32:48","date_gmt":"2021-03-18T14:32:48","guid":{"rendered":"https:\/\/www.slatina.hr\/portal\/?p=104618"},"modified":"2021-03-18T15:32:48","modified_gmt":"2021-03-18T14:32:48","slug":"cestitka-gradonacelnika-u-prigodi-blagdana-sv-josipa-3","status":"publish","type":"post","link":"https:\/\/www.slatina.hr\/portal\/cestitka-gradonacelnika-u-prigodi-blagdana-sv-josipa-3\/","title":{"rendered":"\u010cestitka gradona\u010delnika u prigodi blagdana sv. Josipa"},"content":{"rendered":"<p>Povodom proslave Josipova, blagdana sv. Josipa za\u0161titnika grada Slatine i \u017dupe sv. Josipa, slatinski gradona\u010delnik Denis Ostro\u0161i\u0107 uputio je sljede\u0107u \u010destitku:<\/p>\n<p>Drage Slatin\u010danke i Slatin\u010dani, \u017eupljani \u017dupe sv. Josipa!<\/p>\n<p>Iza nas je te\u0161ka godina obilje\u017eena svjetskom pandemijom koronavirusa koja je Hrvatsku zahvatila upravo u vrijeme pro\u0161logodi\u0161nje svetkovine sv. Josipa te ograni\u010dila normalan \u017eivot svim gra\u0111anima. Unato\u010d tome mo\u017eemo zahvaliti sv. Josipu, za\u0161titniku na\u0161ega grada, na svoj dobroti koju je izmolio za nas te nas o\u010duvao bez ve\u0107ih posljedica.<\/p>\n<p>Uz zagovor sv. Josipa pozivam Vas da i dalje ustrajete u provo\u0111enju epidemiolo\u0161kih i drugih mjera kako bismo za\u0161titili svoje ali i zdravlje ljudi u neposrednoj blizini, te Vam s osobitim veseljem i rado\u0161\u0107u upu\u0107ujem najtoplije \u010destitke u prigodi blagdana sv. Josipa.&nbsp;<\/p>\n<p>Iako je tradicionalno slavlje uz blagdan sv. Josipa i ove godine izostalo zbog sigurnosnih i opravdanih razloga, \u017eelim Vam da ovogodi\u0161nju svetkovinu proslavite ugodno i blagoslovljeno u krugu naju\u017ee obitelji i prijatelja.<br \/>\nNeka nas sv. Josip za\u0161titi od svakoga zla.<\/p>\n<p>Uz \u017eelje za dobrim zdravljem, rado\u0161\u0107u i uspjehom u \u017eivotu, jo\u0161 jednom vam u ime Grada Slatine, svojih zamjenika, suradnika i u svoje osobno ime \u010destitam blagdan sv. Josipa.<\/p>\n<p>&nbsp;&nbsp;&nbsp;&nbsp;&nbsp;&nbsp;&nbsp;&nbsp;&nbsp;&nbsp;&nbsp;&nbsp;&nbsp;&nbsp;&nbsp;&nbsp;&nbsp;&nbsp;&nbsp;&nbsp;&nbsp;&nbsp;&nbsp;&nbsp;&nbsp;&nbsp;&nbsp;&nbsp;&nbsp;&nbsp;&nbsp; &nbsp; &nbsp; &nbsp; &nbsp; &nbsp; &nbsp; &nbsp; &nbsp; &nbsp; &nbsp; &nbsp; &nbsp; &nbsp; &nbsp; &nbsp; &nbsp; &nbsp; &nbsp; &nbsp; &nbsp; &nbsp; &nbsp; &nbsp; &nbsp; &nbsp; Va\u0161 gradona\u010delnik<br \/>\n&nbsp;&nbsp;&nbsp;&nbsp;&nbsp;&nbsp;&nbsp;&nbsp;&nbsp;&nbsp;&nbsp;&nbsp;&nbsp;&nbsp;&nbsp;&nbsp;&nbsp;&nbsp;&nbsp;&nbsp;&nbsp;&nbsp;&nbsp;&nbsp;&nbsp;&nbsp;&nbsp;&nbsp;&nbsp;&nbsp;&nbsp;&nbsp;&nbsp;&nbsp;&nbsp;&nbsp;&nbsp;&nbsp;&nbsp;&nbsp;&nbsp; &nbsp;&nbsp;&nbsp;&nbsp;&nbsp;&nbsp;&nbsp;&nbsp;&nbsp;&nbsp;&nbsp;&nbsp;&nbsp;&nbsp;&nbsp;&nbsp;&nbsp;&nbsp;&nbsp;&nbsp;&nbsp;&nbsp;&nbsp;&nbsp;&nbsp;&nbsp;&nbsp;&nbsp;&nbsp;&nbsp;&nbsp;&nbsp;&nbsp;&nbsp;&nbsp;&nbsp;&nbsp;&nbsp;&nbsp;&nbsp;&nbsp;&nbsp; Denis Ostro\u0161i\u0107<\/p>\n","protected":false},"excerpt":{"rendered":"<p>Povodom proslave Josipova, blagdana sv. Josipa za\u0161titnika grada Slatine i \u017dupe sv. Josipa, slatinski gradona\u010delnik Denis Ostro\u0161i\u0107 uputio je sljede\u0107u \u010destitku: Drage Slatin\u010danke i Slatin\u010dani,<span class=\"excerpt-hellip\"> [\u2026]<\/span><\/p>\n","protected":false},"author":5,"featured_media":104619,"comment_status":"closed","ping_status":"closed","sticky":false,"template":"","format":"standard","meta":{"ngg_post_thumbnail":0,"footnotes":""},"categories":[136,137],"tags":[],"class_list":["post-104618","post","type-post","status-publish","format-standard","has-post-thumbnail","hentry","category-grad-slatina","category-naslovnica"],"_links":{"self":[{"href":"https:\/\/www.slatina.hr\/portal\/wp-json\/wp\/v2\/posts\/104618","targetHints":{"allow":["GET"]}}],"collection":[{"href":"https:\/\/www.slatina.hr\/portal\/wp-json\/wp\/v2\/posts"}],"about":[{"href":"https:\/\/www.slatina.hr\/portal\/wp-json\/wp\/v2\/types\/post"}],"author":[{"embeddable":true,"href":"https:\/\/www.slatina.hr\/portal\/wp-json\/wp\/v2\/users\/5"}],"replies":[{"embeddable":true,"href":"https:\/\/www.slatina.hr\/portal\/wp-json\/wp\/v2\/comments?post=104618"}],"version-history":[{"count":1,"href":"https:\/\/www.slatina.hr\/portal\/wp-json\/wp\/v2\/posts\/104618\/revisions"}],"predecessor-version":[{"id":104620,"href":"https:\/\/www.slatina.hr\/portal\/wp-json\/wp\/v2\/posts\/104618\/revisions\/104620"}],"wp:featuredmedia":[{"embeddable":true,"href":"https:\/\/www.slatina.hr\/portal\/wp-json\/wp\/v2\/media\/104619"}],"wp:attachment":[{"href":"https:\/\/www.slatina.hr\/portal\/wp-json\/wp\/v2\/media?parent=104618"}],"wp:term":[{"taxonomy":"category","embeddable":true,"href":"https:\/\/www.slatina.hr\/portal\/wp-json\/wp\/v2\/categories?post=104618"},{"taxonomy":"post_tag","embeddable":true,"href":"https:\/\/www.slatina.hr\/portal\/wp-json\/wp\/v2\/tags?post=104618"}],"curies":[{"name":"wp","href":"https:\/\/api.w.org\/{rel}","templated":true}]}}