{"id":104612,"date":"2021-03-18T15:28:03","date_gmt":"2021-03-18T14:28:03","guid":{"rendered":"https:\/\/www.slatina.hr\/portal\/?p=104612"},"modified":"2021-03-18T15:28:03","modified_gmt":"2021-03-18T14:28:03","slug":"zahvalnica-hrvatskog-crvenog-kriza-gradu-slatini-za-nesebican-doprinos-u-ostvarivanju-humanitarnih-zadaca-crvenog-kriza","status":"publish","type":"post","link":"https:\/\/www.slatina.hr\/portal\/zahvalnica-hrvatskog-crvenog-kriza-gradu-slatini-za-nesebican-doprinos-u-ostvarivanju-humanitarnih-zadaca-crvenog-kriza\/","title":{"rendered":"Zahvalnica Hrvatskog Crvenog kri\u017ea Gradu Slatini za nesebi\u010dan doprinos u ostvarivanju humanitarnih zada\u0107a Crvenog kri\u017ea"},"content":{"rendered":"<p>Ju\u010der je na adresu Grada Slatine stiglo pismo zahvale kojim se Hrvatski Crveni kri\u017e zahvaljuje Gradu Slatini na vrijednoj donaciji koja je bila usmjerena za saniranje posljedica razornog potresa u Zagrebu 22. o\u017eujka 2020. godine, te mu je dodijeljena zahvalnica za nesebi\u010dan doprinos u ostvarivanju humanitarnih zada\u0107a Crvenog kri\u017ea.<\/p>\n<p>Naime, Zagreb se preko no\u0107i na\u0161ao u dvostrukom izvanrednom stanju, gdje su se gra\u0111ani suo\u010dili s dugotrajnom situacijom straha i bojazni od zaraze koronavirusom, samoizolacije, strahom za vlastito zdravlje i zdravlje bli\u017enjih, ali i strahom od uru\u0161avanja i gubitka vlastitog doma.<\/p>\n<p>U tim situacijama iznimno va\u017enu ulogu odradili su timovi za psihosocijalnu podr\u0161ku Hrvatskog Crvenog kri\u017ea koji su vi\u0161e od 1300 puta pru\u017eili pomo\u0107 gra\u0111anima.&nbsp;<\/p>\n<p>\u2013 Materijalne i egzistencijalne brige postale su sastavni dio na\u0161ih \u017eivota te smo prikupljene nov\u010dane donacije dodijelili najugro\u017eenijim kategorijama s podru\u010dja Grada Zagreba, Zagreba\u010dke i Krapinsko-zagorske \u017eupanije. Pravo na isplatu pomo\u0107i ostvarilo je 589 osoba, a Hrvatski Crveni kri\u017e podijelio je nov\u010danu pomo\u0107 u iznosu od 1.571.600 kuna, \u0161to ne bi bili u mogu\u0107nosti bez vrijednih donacija me\u0111u kojima je i ona Grada Slatine, \u2013 istaknuo je izvr\u0161ni predsjednik Hrvatskog Crvenog kri\u017ea Robert Markt.<\/p>\n<p>Prema rije\u010dima gra\u0111ana jednokratna nov\u010dana pomo\u0107 pomogla je u ubla\u017eavanju posljedica potresa, kao i \u010dinjenica da je prikupljanje sredstava za navedenu svrhu jo\u0161 jednom pokazalo zajedni\u0161tvo u pomaganju.<br \/>\n(www.radioslatina.hr)<\/p>\n","protected":false},"excerpt":{"rendered":"<p>Ju\u010der je na adresu Grada Slatine stiglo pismo zahvale kojim se Hrvatski Crveni kri\u017e zahvaljuje Gradu Slatini na vrijednoj donaciji koja je bila usmjerena za<span class=\"excerpt-hellip\"> [\u2026]<\/span><\/p>\n","protected":false},"author":5,"featured_media":104613,"comment_status":"closed","ping_status":"closed","sticky":false,"template":"","format":"standard","meta":{"ngg_post_thumbnail":0,"footnotes":""},"categories":[136,137],"tags":[],"class_list":["post-104612","post","type-post","status-publish","format-standard","has-post-thumbnail","hentry","category-grad-slatina","category-naslovnica"],"_links":{"self":[{"href":"https:\/\/www.slatina.hr\/portal\/wp-json\/wp\/v2\/posts\/104612","targetHints":{"allow":["GET"]}}],"collection":[{"href":"https:\/\/www.slatina.hr\/portal\/wp-json\/wp\/v2\/posts"}],"about":[{"href":"https:\/\/www.slatina.hr\/portal\/wp-json\/wp\/v2\/types\/post"}],"author":[{"embeddable":true,"href":"https:\/\/www.slatina.hr\/portal\/wp-json\/wp\/v2\/users\/5"}],"replies":[{"embeddable":true,"href":"https:\/\/www.slatina.hr\/portal\/wp-json\/wp\/v2\/comments?post=104612"}],"version-history":[{"count":1,"href":"https:\/\/www.slatina.hr\/portal\/wp-json\/wp\/v2\/posts\/104612\/revisions"}],"predecessor-version":[{"id":104614,"href":"https:\/\/www.slatina.hr\/portal\/wp-json\/wp\/v2\/posts\/104612\/revisions\/104614"}],"wp:featuredmedia":[{"embeddable":true,"href":"https:\/\/www.slatina.hr\/portal\/wp-json\/wp\/v2\/media\/104613"}],"wp:attachment":[{"href":"https:\/\/www.slatina.hr\/portal\/wp-json\/wp\/v2\/media?parent=104612"}],"wp:term":[{"taxonomy":"category","embeddable":true,"href":"https:\/\/www.slatina.hr\/portal\/wp-json\/wp\/v2\/categories?post=104612"},{"taxonomy":"post_tag","embeddable":true,"href":"https:\/\/www.slatina.hr\/portal\/wp-json\/wp\/v2\/tags?post=104612"}],"curies":[{"name":"wp","href":"https:\/\/api.w.org\/{rel}","templated":true}]}}