{"id":104341,"date":"2021-03-04T09:38:58","date_gmt":"2021-03-04T08:38:58","guid":{"rendered":"https:\/\/www.slatina.hr\/portal\/?p=104341"},"modified":"2021-03-04T09:38:58","modified_gmt":"2021-03-04T08:38:58","slug":"komunalni-redar-grada-slatine-poziva-vlasnike-kucnih-ljubimaca-na-pridrzavanje-propisa-prilikom-setnje-pasa-na-javnim-povrsinama","status":"publish","type":"post","link":"https:\/\/www.slatina.hr\/portal\/komunalni-redar-grada-slatine-poziva-vlasnike-kucnih-ljubimaca-na-pridrzavanje-propisa-prilikom-setnje-pasa-na-javnim-povrsinama\/","title":{"rendered":"Komunalni redar Grada Slatine poziva vlasnike ku\u0107nih ljubimaca na pridr\u017eavanje propisa prilikom \u0161etnje pasa na javnim povr\u0161inama"},"content":{"rendered":"<p>Temeljem Odluke Grada Slatine o uvjetima i na\u010dinu dr\u017eanja ku\u0107nih ljubimaca i na\u010dinu postupanja s napu\u0161tenim i izgubljenim \u017eivotinjama, Upravni odjel za razvoj grada, Odsjek za komunalno gospodarstvo oglasio se priop\u0107enjem za javnost u kojemu podsje\u0107a vlasnike ku\u0107nih ljubimaca i ostale gra\u0111ane s podru\u010dja grada Slatine i slatinskih prigradskih naselja na pridr\u017eavanje odredbi u sklopu spomenute Odluke.<\/p>\n<p><img loading=\"lazy\" decoding=\"async\" class=\"size-full wp-image-204210 aligncenter\" src=\"https:\/\/www.radioslatina.hr\/wp-content\/uploads\/2021\/03\/psistap1.jpg\" alt=\"\" width=\"625\" height=\"416\"><\/p>\n<p>U priop\u0107enju stoji:<\/p>\n<p>&nbsp;&nbsp;&nbsp;&nbsp;&nbsp;&nbsp;&nbsp;&nbsp;&nbsp;&nbsp;&nbsp;&nbsp; S obzirom na sve vi\u0161e prijava komunalnom redaru od strane gra\u0111ana koji su nezadovoljni pona\u0161anjem vlasnika ku\u0107nih ljubimaca glede ispunjavanja svojih higijenskih obveza, odnosno ne pridr\u017eavanja odredaba Odluke o uvjetima i na\u010dinu dr\u017eanja ku\u0107nih ljubimaca i na\u010dinu postupanja s napu\u0161tenim i izgubljenim \u017eivotinjama, ponovno upozoravamo gra\u0111ane na potrebu poja\u010dane odgovornosti prigodom izlaska sa svojim ku\u0107nim ljubimcima, a to zna\u010di da su du\u017eni pri svakom izvo\u0111enju svojih ku\u0107nih ljubimaca na javne povr\u0161ine Grada Slatine nositi odgovaraju\u0107i pribor za \u010di\u0161\u0107enje fekalija i odmah o\u010distiti svaku povr\u0161inu koju njegov ku\u0107ni ljubimac one\u010disti.<\/p>\n<p>Tako\u0111er je zabranjeno slobodno pu\u0161tati pse u parkove, na javne zelene i druge javne povr\u0161ine Grada Slatine koje su u sustavu stalnog odr\u017eavanja te na ulice na podru\u010dju grada Slatine. Svaki pojedinac smije izvoditi psa na javne povr\u0161ine i prostore gdje je to dopu\u0161teno i to isklju\u010divo na povodcu, tj. tako da on ne ugro\u017eava sigurnost i zdravlje ljudi i\/ili drugih \u017eivotinja. Opasnoga psa, pored prethodno navedenih uvjeta, vlasnik smije izvoditi na javne povr\u0161ine isklju\u010divo ako je psu stavljena brnjica (ko\u0161ara), dakle sukladno posebnim propisima.<\/p>\n<p>Nesavjesnim gra\u0111anima u slu\u010daju kr\u0161enja navedenih odredbi prijeti nov\u010dana kazna u visini od 600,00 do 1.000,00 kuna, koju im mo\u017ee izre\u0107i komunalni redar na mjestu prekr\u0161aja i to bez prekr\u0161ajnog naloga.<\/p>\n<p>\u2013 Ku\u0107ni ljubimci su na\u0161i prijatelji pa \u010dak i \u010dlanovi obitelji stoga se pona\u0161ajmo odgovorno, \u2013 isti\u010de komunalni redar Zoran Filkovi\u0107 na kraju svog priop\u0107enja te se svim gra\u0111anima i vlasnicima ku\u0107nih ljubimaca zahvaljuje na razumijevanju, suradnji i pomo\u0107i.<br \/>\n(www.radioslatina.hr)<\/p>\n<p><img loading=\"lazy\" decoding=\"async\" class=\"size-full wp-image-204211 aligncenter\" src=\"https:\/\/www.radioslatina.hr\/wp-content\/uploads\/2021\/03\/what-to-do-at-a-dog-park-1.jpg\" alt=\"\" width=\"615\" height=\"409\"><\/p>\n","protected":false},"excerpt":{"rendered":"<p>Temeljem Odluke Grada Slatine o uvjetima i na\u010dinu dr\u017eanja ku\u0107nih ljubimaca i na\u010dinu postupanja s napu\u0161tenim i izgubljenim \u017eivotinjama, Upravni odjel za razvoj grada, Odsjek<span class=\"excerpt-hellip\"> [\u2026]<\/span><\/p>\n","protected":false},"author":5,"featured_media":104342,"comment_status":"closed","ping_status":"closed","sticky":false,"template":"","format":"standard","meta":{"ngg_post_thumbnail":0,"footnotes":""},"categories":[136,137],"tags":[],"class_list":["post-104341","post","type-post","status-publish","format-standard","has-post-thumbnail","hentry","category-grad-slatina","category-naslovnica"],"_links":{"self":[{"href":"https:\/\/www.slatina.hr\/portal\/wp-json\/wp\/v2\/posts\/104341","targetHints":{"allow":["GET"]}}],"collection":[{"href":"https:\/\/www.slatina.hr\/portal\/wp-json\/wp\/v2\/posts"}],"about":[{"href":"https:\/\/www.slatina.hr\/portal\/wp-json\/wp\/v2\/types\/post"}],"author":[{"embeddable":true,"href":"https:\/\/www.slatina.hr\/portal\/wp-json\/wp\/v2\/users\/5"}],"replies":[{"embeddable":true,"href":"https:\/\/www.slatina.hr\/portal\/wp-json\/wp\/v2\/comments?post=104341"}],"version-history":[{"count":1,"href":"https:\/\/www.slatina.hr\/portal\/wp-json\/wp\/v2\/posts\/104341\/revisions"}],"predecessor-version":[{"id":104343,"href":"https:\/\/www.slatina.hr\/portal\/wp-json\/wp\/v2\/posts\/104341\/revisions\/104343"}],"wp:featuredmedia":[{"embeddable":true,"href":"https:\/\/www.slatina.hr\/portal\/wp-json\/wp\/v2\/media\/104342"}],"wp:attachment":[{"href":"https:\/\/www.slatina.hr\/portal\/wp-json\/wp\/v2\/media?parent=104341"}],"wp:term":[{"taxonomy":"category","embeddable":true,"href":"https:\/\/www.slatina.hr\/portal\/wp-json\/wp\/v2\/categories?post=104341"},{"taxonomy":"post_tag","embeddable":true,"href":"https:\/\/www.slatina.hr\/portal\/wp-json\/wp\/v2\/tags?post=104341"}],"curies":[{"name":"wp","href":"https:\/\/api.w.org\/{rel}","templated":true}]}}