{"id":104134,"date":"2021-02-26T08:12:00","date_gmt":"2021-02-26T07:12:00","guid":{"rendered":"https:\/\/www.slatina.hr\/portal\/?p=104134"},"modified":"2021-02-26T08:12:00","modified_gmt":"2021-02-26T07:12:00","slug":"vodic-za-gradane-uz-proracun-grada-slatine-za-2021-godinu-i-projekcije-proracuna-za-2022-do-2023-godinu","status":"publish","type":"post","link":"https:\/\/www.slatina.hr\/portal\/vodic-za-gradane-uz-proracun-grada-slatine-za-2021-godinu-i-projekcije-proracuna-za-2022-do-2023-godinu\/","title":{"rendered":"Vodi\u010d za gra\u0111ane uz Prora\u010dun Grada Slatine za 2021. godinu i Projekcije Prora\u010duna za 2022. do 2023. godinu"},"content":{"rendered":"<p><strong>DOKUMENT PREUZMITE U PDF FORMATU KLIKOM NA DONJU POVEZNICU:<\/strong><\/p>\n<ul>\n<li><a href=\"https:\/\/www.slatina.hr\/portal\/wp-content\/uploads\/2021\/02\/Vodic-za-gradane-uz-Proracun-2021.-do-2023.-godine.pdf\">Vodi\u010d za gra\u0111ane uz Prora\u010dun Grada Slatine za 2021. godinu i Projekcije Prora\u010duna za 2022. do 2023. godinu<\/a><\/li>\n<\/ul>\n<p>Po\u0161tovane gra\u0111anke i gra\u0111ani Grada Slatine,<\/p>\n<p>ovim Vodi\u010dem za gra\u0111ane \u017eelimo Vas informirati o sadr\u017eaju Prora\u010duna Grada Slatine za razdoblje od 2021. do 2023. godine, ali i pove\u0107ati transparentnost rada Grada Slatine.<\/p>\n<p>Cilj nam je na jednostavan na\u010din pribli\u017eiti osnovne pojmove vezane za prora\u010dun i upoznati Vas s gradskim prihodima i rashodima te programima, projektima i aktivnostima.<\/p>\n<p style=\"text-align: left;\"><em>Gradona\u010delnik<\/em><br \/>\n<em>Denis Ostro\u0161i\u0107<\/em><\/p>\n","protected":false},"excerpt":{"rendered":"<p>DOKUMENT PREUZMITE U PDF FORMATU KLIKOM NA DONJU POVEZNICU: Vodi\u010d za gra\u0111ane uz Prora\u010dun Grada Slatine za 2021. godinu i Projekcije Prora\u010duna za 2022. do<span class=\"excerpt-hellip\"> [\u2026]<\/span><\/p>\n","protected":false},"author":1,"featured_media":100564,"comment_status":"closed","ping_status":"closed","sticky":false,"template":"","format":"standard","meta":{"ngg_post_thumbnail":0,"footnotes":""},"categories":[137,135,20],"tags":[],"class_list":["post-104134","post","type-post","status-publish","format-standard","has-post-thumbnail","hentry","category-naslovnica","category-obavijesti-gradanima","category-proracun"],"_links":{"self":[{"href":"https:\/\/www.slatina.hr\/portal\/wp-json\/wp\/v2\/posts\/104134","targetHints":{"allow":["GET"]}}],"collection":[{"href":"https:\/\/www.slatina.hr\/portal\/wp-json\/wp\/v2\/posts"}],"about":[{"href":"https:\/\/www.slatina.hr\/portal\/wp-json\/wp\/v2\/types\/post"}],"author":[{"embeddable":true,"href":"https:\/\/www.slatina.hr\/portal\/wp-json\/wp\/v2\/users\/1"}],"replies":[{"embeddable":true,"href":"https:\/\/www.slatina.hr\/portal\/wp-json\/wp\/v2\/comments?post=104134"}],"version-history":[{"count":1,"href":"https:\/\/www.slatina.hr\/portal\/wp-json\/wp\/v2\/posts\/104134\/revisions"}],"predecessor-version":[{"id":104136,"href":"https:\/\/www.slatina.hr\/portal\/wp-json\/wp\/v2\/posts\/104134\/revisions\/104136"}],"wp:featuredmedia":[{"embeddable":true,"href":"https:\/\/www.slatina.hr\/portal\/wp-json\/wp\/v2\/media\/100564"}],"wp:attachment":[{"href":"https:\/\/www.slatina.hr\/portal\/wp-json\/wp\/v2\/media?parent=104134"}],"wp:term":[{"taxonomy":"category","embeddable":true,"href":"https:\/\/www.slatina.hr\/portal\/wp-json\/wp\/v2\/categories?post=104134"},{"taxonomy":"post_tag","embeddable":true,"href":"https:\/\/www.slatina.hr\/portal\/wp-json\/wp\/v2\/tags?post=104134"}],"curies":[{"name":"wp","href":"https:\/\/api.w.org\/{rel}","templated":true}]}}